{"id":29166,"date":"2022-08-31T11:01:27","date_gmt":"2022-08-31T17:01:27","guid":{"rendered":"https:\/\/eloficiodehistoriar.com.mx\/?p=29166"},"modified":"2022-08-31T11:01:27","modified_gmt":"2022-08-31T17:01:27","slug":"ritual-ceremonial-y-arquitectonica-de-bonampak-asi-como-sus-murales-lo-mas-significativo","status":"publish","type":"post","link":"https:\/\/eloficiodehistoriar.com.mx\/?p=29166","title":{"rendered":"Ritual, ceremonial, y arquitect\u00f3nica de Bonampak, as\u00ed como sus murales, lo m\u00e1s significativo"},"content":{"rendered":"<div id=\"article-cont\" class=\"main-cont article-cont actuality\">\n<div class=\"cabeza\">Exhiben 63 piezas arqueol\u00f3gicas recuperadas de las ofrendas en la zona de Bonampak<\/div>\n<div class=\"sumarios\"><\/div>\n<div id=\"article-text\" class=\"text tbl-forkorts-article\">\n<div class=\"foto\">\n<div class=\"pie-foto\">Templo de las Pinturas de Bonampak, pieza incluida en la muestra <em>Bonampak: Una historia en construcci\u00f3n<\/em>, que se aloja en el Museo Regional de Chiapas, en Tuxtla Guti\u00e9rrez<\/div>\n<div><\/div>\n<\/div>\n<div class=\"col\">\n<div class=\"credito-autor\">De la redacci\u00f3n<\/div>\n<div class=\"credito-titulo\"><\/div>\n<div class=\"hemero\">La Jornada<\/p>\n<\/div>\n<p class=\"s-s\">La grandeza ritual, ceremonial, patrimonial y arquitect\u00f3nica de la zona arqueol\u00f3gica de Bonampak, as\u00ed como la iconograf\u00eda de sus murales, considerados los m\u00e1s significativos y mejor conservados de la cultura maya, se podr\u00e1n apreciar a partir del 7 de septiembre en la exposici\u00f3n\u00a0<em>Bonampak: Una historia en construcci\u00f3n<\/em>, en el Museo Regional de Chiapas, en Tuxtla Guti\u00e9rrez.<\/p>\n<p>En el comunicado emitido por la Secretar\u00eda de Cultura federal, a trav\u00e9s del Instituto Nacional de Antropolog\u00eda e Historia (INAH), el Centro INAH Chiapas y el Museo Regional de Chiapas, Valente Molina P\u00e9rez, director del recinto, explica que esta exposici\u00f3n temporal dar\u00e1 cuenta del valioso trabajo arqueol\u00f3gico que durante 29 a\u00f1os han desarrollado investigadores del Centro INAH estatal en Bonampak, adem\u00e1s de que busca transmitir a la sociedad la magnitud espacial y territorial de esta zona arqueol\u00f3gica.<\/p>\n<p>La muestra reunir\u00e1 63 piezas arqueol\u00f3gicas recuperadas en las ofrendas asociadas a entierros, la mayor\u00eda del periodo Cl\u00e1sico Tard\u00edo (600-800 dC), entre \u00e9stas vasijas, figurillas, platos de cer\u00e1mica y objetos ornamentales como pendientes, cuentas y orejeras de jade\u00edta o piedra verde.<\/p>\n<p>La curadur\u00eda estuvo a cargo del profesor-investigador del Centro INAH Chiapas Alejandro Toval\u00edn Ahumada, con la colaboraci\u00f3n de la arque\u00f3loga adjunta Julia Leticia Moscoso Rinc\u00f3n, a quienes se sumaron las contribuciones de muse\u00f3grafos, gestores del patrimonio y promotores culturales.<\/p>\n<p>En cuanto al nombre,\u00a0<em>Bonampak: Una historia en construcci\u00f3n<\/em>, Molina P\u00e9rez explic\u00f3 que se debe a que la investigaci\u00f3n del sitio arqueol\u00f3gico es un proceso continuo, donde diversas l\u00edneas de estudio permiten reconstruir gradualmente el pasado hist\u00f3rico de esta ciudad, abandonada hace m\u00e1s de mil a\u00f1os.<\/p>\n<p>La iconograf\u00eda de las obras pict\u00f3ricas de las paredes de la Estructura I, conocida como el Edificio de las Pinturas, tambi\u00e9n ser\u00e1 parte de esta exposici\u00f3n, donde el visitante podr\u00e1 conocer los murales con los que se identifica mundialmente a Bonampak y que muestran escenas cuya interpretaci\u00f3n ha sido de gran ayuda para conocer aspectos sobre la cultura e historia de los antiguos residentes del sitio.<\/p>\n<p>Bonampak se localiza en la mitad norte del valle del r\u00edo Lacanj\u00e1, cerca del l\u00edmite con Guatemala, en la zona conocida como Selva Lacandona, en el municipio de Ocosingo, Chiapas. Abarca 4 mil hect\u00e1reas y cuenta con 172 conjuntos habitacionales dispersos en una larga franja de terreno; en la Acr\u00f3polis se localizan los edificios m\u00e1s importantes, entre ellos, el de las Pinturas.<\/p>\n<p>La muestra es un reconocimiento a la trascendencia arqueol\u00f3gica mundial y al aporte patrimonial de este sitio prehisp\u00e1nico maya y estar\u00e1 abierta al p\u00fablico del 7 de septiembre de 2022 al 3 de marzo de 2023, en la Sala de Exposiciones Temporales del Museo Regional de Chiapas, ubicado en la calzada de las Personas Ilustres s\/n, Tuxtla Guti\u00e9rrez, Chiapas, de martes a domingo de 8 a 17 horas.<\/p>\n<\/div>\n<\/div>\n<div class=\"go gui\">\n<div class=\"go-next\"><\/div>\n<div class=\"go-up\"><\/div>\n<\/div>\n<\/div>\n<div id=\"taboola-below-content-thumbnails\" class=\" trc_related_container trc_spotlight_widget tbl-feed-container tbl-feed-frame-DIVIDER  render-late-effect\" data-feed-container-num=\"1\" data-feed-main-container-id=\"taboola-below-content-thumbnails\" data-parent-placement-name=\"Below Content Thumbnails\" data-pub-lang=\"es\">\n<div class=\" tbl-feed-header tbl-logo-right-position\">\n<div class=\"tbl-feed-header-logo\"><\/div>\n<\/div>\n<\/div>\n","protected":false},"excerpt":{"rendered":"<p>Exhiben 63 piezas arqueol\u00f3gicas recuperadas de las ofrendas en la zona de Bonampak Templo de las Pinturas de Bonampak, pieza incluida en la muestra Bonampak: Una historia en construcci\u00f3n, que se aloja en el Museo Regional de Chiapas, en Tuxtla Guti\u00e9rrez De la redacci\u00f3n La Jornada La grandeza ritual, ceremonial, patrimonial y arquitect\u00f3nica de la [&hellip;]<\/p>\n","protected":false},"author":249,"featured_media":29167,"comment_status":"open","ping_status":"closed","sticky":false,"template":"","format":"standard","meta":{"footnotes":""},"categories":[26],"tags":[],"class_list":["post-29166","post","type-post","status-publish","format-standard","has-post-thumbnail","hentry","category-mundo"],"_links":{"self":[{"href":"https:\/\/eloficiodehistoriar.com.mx\/index.php?rest_route=\/wp\/v2\/posts\/29166","targetHints":{"allow":["GET"]}}],"collection":[{"href":"https:\/\/eloficiodehistoriar.com.mx\/index.php?rest_route=\/wp\/v2\/posts"}],"about":[{"href":"https:\/\/eloficiodehistoriar.com.mx\/index.php?rest_route=\/wp\/v2\/types\/post"}],"author":[{"embeddable":true,"href":"https:\/\/eloficiodehistoriar.com.mx\/index.php?rest_route=\/wp\/v2\/users\/249"}],"replies":[{"embeddable":true,"href":"https:\/\/eloficiodehistoriar.com.mx\/index.php?rest_route=%2Fwp%2Fv2%2Fcomments&post=29166"}],"version-history":[{"count":1,"href":"https:\/\/eloficiodehistoriar.com.mx\/index.php?rest_route=\/wp\/v2\/posts\/29166\/revisions"}],"predecessor-version":[{"id":29168,"href":"https:\/\/eloficiodehistoriar.com.mx\/index.php?rest_route=\/wp\/v2\/posts\/29166\/revisions\/29168"}],"wp:featuredmedia":[{"embeddable":true,"href":"https:\/\/eloficiodehistoriar.com.mx\/index.php?rest_route=\/wp\/v2\/media\/29167"}],"wp:attachment":[{"href":"https:\/\/eloficiodehistoriar.com.mx\/index.php?rest_route=%2Fwp%2Fv2%2Fmedia&parent=29166"}],"wp:term":[{"taxonomy":"category","embeddable":true,"href":"https:\/\/eloficiodehistoriar.com.mx\/index.php?rest_route=%2Fwp%2Fv2%2Fcategories&post=29166"},{"taxonomy":"post_tag","embeddable":true,"href":"https:\/\/eloficiodehistoriar.com.mx\/index.php?rest_route=%2Fwp%2Fv2%2Ftags&post=29166"}],"curies":[{"name":"wp","href":"https:\/\/api.w.org\/{rel}","templated":true}]}}