{"id":29169,"date":"2022-08-31T11:06:39","date_gmt":"2022-08-31T17:06:39","guid":{"rendered":"https:\/\/eloficiodehistoriar.com.mx\/?p=29169"},"modified":"2022-08-31T11:06:39","modified_gmt":"2022-08-31T17:06:39","slug":"las-mujeres-tamboreras-mexicanas-en-guinea-han-tomado-clases-de-percusion-de-maestros-africanos","status":"publish","type":"post","link":"https:\/\/eloficiodehistoriar.com.mx\/?p=29169","title":{"rendered":"Las mujeres tamboreras mexicanas en Guinea han tomado clases de percusi\u00f3n de maestros africanos"},"content":{"rendered":"<div id=\"article-cont\" class=\"main-cont article-cont actuality\">\n<div class=\"cabeza\">Dedican fiesta de culturas africanas a mujeres tamboreras mexicanas<\/div>\n<div class=\"sumarios\"><\/div>\n<div id=\"article-text\" class=\"text\">\n<div class=\"foto\">\n<div class=\"pie-foto\">La edici\u00f3n 19 del festival se llevar\u00e1 a cabo el 4 de septiembre en el Faro Cosmos.<\/div>\n<div><\/div>\n<\/div>\n<div class=\"col col1\">\n<div class=\"credito-autor\">De la Redacci\u00f3n<\/div>\n<div class=\"credito-titulo\"><\/div>\n<div class=\"hemero\">La Jornada<\/div>\n<div class=\"hemero\">\nA las mujeres tamboreras mexicanas que\u00a0<q>han viajado a Guinea o tomado clases de percusi\u00f3n en M\u00e9xico con maestros africanos<\/q>, son las j\u00f3venes a quienes se dedica la edici\u00f3n 19 del Festival de las Culturas Africanas.<\/div>\n<p>La finalidad del encuentro, que se realizar\u00e1, el pr\u00f3ximo domingo 4 de septiembre, en la F\u00e1brica de Artes y Oficios (Faro) Cosmos,\u00a0<q>es promover la cultura africana en toda Am\u00e9rica, especialmente la afromexicana, pero tambi\u00e9n la de Latinoam\u00e9rica y El Caribe<\/q>, expres\u00f3 Nhorma Ortiz, organizadora del acto.<\/p>\n<p>Con el lema\u00a0<q>Mujeres tamboreras portadoras de ritmo y de vida<\/q>, el recinto perteneciente a la Secretar\u00eda de Cultura de la Ciudad de M\u00e9xico, albergar\u00e1 m\u00fasica, una exposici\u00f3n fotogr\u00e1fica, clases magistrales, as\u00ed como muestras gastron\u00f3micas y artesanales.<\/p>\n<p>Este a\u00f1o, el festival est\u00e1 dedicado a mujeres tamboreras porque regularmente se ve a m\u00e1s hombres tocando tambores y\u00a0<q>quisimos visibilizar a las j\u00f3venes mexicanas<\/q>, explic\u00f3 Ortiz.<\/p>\n<p class=\"sumario\">Muestras gastron\u00f3mica y artesanal<\/p>\n<p class=\"s-s\">En esta edici\u00f3n, participar\u00e1n Ib\u00fa A\u00f1\u00e1, colectiva de m\u00fasica y danza yoruba, con Manley\u00a0<em>Piri<\/em>\u00a0L\u00f3pez en las percusiones; Afro Sonoras, percusiones y danza del oeste de \u00c1frica, cuya participaci\u00f3n ser\u00e1 acompa\u00f1ada con la presencia del grupo de danza Kaoris.<\/p>\n<p>La m\u00fasica afrocubana estar\u00e1 presente con Tremendo Tumbao, agrupaci\u00f3n que presentar\u00e1 su propuesta de son tradicional cubano con tintes a la mexicana; adem\u00e1s desde la costa atl\u00e1ntica de Colombia llegar\u00e1n los Bajeros de Bucaramanga, grupo que rescata y resignifica la tradici\u00f3n de la m\u00fasica de gaitas que baja de la monta\u00f1a; asimismo, la percusi\u00f3n en tarima estar\u00e1 presente con la participaci\u00f3n de Los Carpinteros de Monte.<\/p>\n<p>Como es una tradici\u00f3n habr\u00e1 muestras gastron\u00f3mica y artesanal de Guinea Conakry, Sud\u00e1frica, Colombia, Nigeria, Venezuela, Costa de Marfil, M\u00e9xico, Honduras, Senegal, Egipto Hait\u00ed, entre otros pa\u00edses, as\u00ed como una exhibici\u00f3n fotogr\u00e1fica y de carteles titulada\u00a0<em>Hero\u00ednas Sudafricanas en la Lucha Antiapartheid<\/em>.<\/p>\n<\/div>\n<div class=\"col col2\">\n<p>Se impartir\u00e1 un taller de danzas afroperuanas por Lucy Valiente y Juanchi V\u00e1zquez, de Per\u00fa; adem\u00e1s de los talleres de percusiones y cantos de la costa atl\u00e1ntica de Colombia a cargo del grupo colombiano Bajeros de Bucaramanga y el de ritmos afromodernos en modalidad ndombol\u00f3 y coupedecal\u00e9, que ofrecer\u00e1n Autrice Ganist\u00e1n y Kokou Anthony, de la Rep\u00fablica Democr\u00e1tica del Congo y Togo.<\/p>\n<p>La apertura ser\u00e1 a las 11 horas con un flasmob del Proyecto Indira La Cultura de \u00c1frica en M\u00e9xico, que se estren\u00f3 para celebrar el D\u00eda Internacional de \u00c1frica.<\/p>\n<p>Cabe destacar que el Festival del Tambor y las Culturas Africanas comenz\u00f3 en 2004, con el prop\u00f3sito de acercar a los mexicanos a las manifestaciones culturales de ra\u00edces africanas que existen en el mundo.<\/p>\n<p>A lo largo de estos 19 a\u00f1os, ha tenido como escenario importantes recintos y espacios p\u00fablicos como el Z\u00f3calo capitalino, el Monumento a la Revoluci\u00f3n, el Monumento a la Madre, el Parque M\u00e9xico, el Jard\u00edn Hidalgo de la alcald\u00eda Coyoac\u00e1n, la Sala Ollin Yoliztli y el Paseo de la Reforma, entre otros.<\/p>\n<p>Tambi\u00e9n ha incluido conferencias y conversatorios sobre la cultura afrodescendiente en la Universidad Nacional Aut\u00f3noma de M\u00e9xico y la Universidad Aut\u00f3noma Metropolitana.<\/p>\n<p>Este acto que desde su concepci\u00f3n ha sido apoyado por la Secretar\u00eda de Cultura de la Ciudad de M\u00e9xico, y las embajadas de la Rep\u00fablica Federal de Nigeria y de la Rep\u00fablica de Sud\u00e1frica en M\u00e9xico, se desarrollar\u00e1 en Faro Cosmos, ubicado en la Calzada M\u00e9xico Tacuba, esquina con Melchor Ocampo, colonia Tlaxpana, alcald\u00eda Miguel Hidalgo. La entrada es libre y las actividades se realizar\u00e1n de las 11 a las 19 horas.<\/p>\n<\/div>\n<\/div>\n<div class=\"go gui\">\n<div class=\"go-up\"><\/div>\n<\/div>\n<\/div>\n","protected":false},"excerpt":{"rendered":"<p>Dedican fiesta de culturas africanas a mujeres tamboreras mexicanas La edici\u00f3n 19 del festival se llevar\u00e1 a cabo el 4 de septiembre en el Faro Cosmos. De la Redacci\u00f3n La Jornada A las mujeres tamboreras mexicanas que\u00a0han viajado a Guinea o tomado clases de percusi\u00f3n en M\u00e9xico con maestros africanos, son las j\u00f3venes a quienes [&hellip;]<\/p>\n","protected":false},"author":249,"featured_media":29170,"comment_status":"open","ping_status":"closed","sticky":false,"template":"","format":"standard","meta":{"footnotes":""},"categories":[26],"tags":[],"class_list":["post-29169","post","type-post","status-publish","format-standard","has-post-thumbnail","hentry","category-mundo"],"_links":{"self":[{"href":"https:\/\/eloficiodehistoriar.com.mx\/index.php?rest_route=\/wp\/v2\/posts\/29169","targetHints":{"allow":["GET"]}}],"collection":[{"href":"https:\/\/eloficiodehistoriar.com.mx\/index.php?rest_route=\/wp\/v2\/posts"}],"about":[{"href":"https:\/\/eloficiodehistoriar.com.mx\/index.php?rest_route=\/wp\/v2\/types\/post"}],"author":[{"embeddable":true,"href":"https:\/\/eloficiodehistoriar.com.mx\/index.php?rest_route=\/wp\/v2\/users\/249"}],"replies":[{"embeddable":true,"href":"https:\/\/eloficiodehistoriar.com.mx\/index.php?rest_route=%2Fwp%2Fv2%2Fcomments&post=29169"}],"version-history":[{"count":1,"href":"https:\/\/eloficiodehistoriar.com.mx\/index.php?rest_route=\/wp\/v2\/posts\/29169\/revisions"}],"predecessor-version":[{"id":29171,"href":"https:\/\/eloficiodehistoriar.com.mx\/index.php?rest_route=\/wp\/v2\/posts\/29169\/revisions\/29171"}],"wp:featuredmedia":[{"embeddable":true,"href":"https:\/\/eloficiodehistoriar.com.mx\/index.php?rest_route=\/wp\/v2\/media\/29170"}],"wp:attachment":[{"href":"https:\/\/eloficiodehistoriar.com.mx\/index.php?rest_route=%2Fwp%2Fv2%2Fmedia&parent=29169"}],"wp:term":[{"taxonomy":"category","embeddable":true,"href":"https:\/\/eloficiodehistoriar.com.mx\/index.php?rest_route=%2Fwp%2Fv2%2Fcategories&post=29169"},{"taxonomy":"post_tag","embeddable":true,"href":"https:\/\/eloficiodehistoriar.com.mx\/index.php?rest_route=%2Fwp%2Fv2%2Ftags&post=29169"}],"curies":[{"name":"wp","href":"https:\/\/api.w.org\/{rel}","templated":true}]}}