{"id":29173,"date":"2022-09-03T10:32:32","date_gmt":"2022-09-03T16:32:32","guid":{"rendered":"https:\/\/eloficiodehistoriar.com.mx\/?p=29173"},"modified":"2022-09-03T10:32:32","modified_gmt":"2022-09-03T16:32:32","slug":"mexico-no-ha-sabido-aprovechar-oportunidad-tras-oportunidad-que-se-le-han-presentado","status":"publish","type":"post","link":"https:\/\/eloficiodehistoriar.com.mx\/?p=29173","title":{"rendered":"M\u00e9xico no ha sabido aprovechar\u00a0oportunidad tras oportunidad\u00a0que se le han presentado"},"content":{"rendered":"<div id=\"article-cont\" class=\"main-cont article-cont actuality\">\n<div class=\"cabeza\">M\u00e9xico perdi\u00f3 oportunidades de ser potencia mundial: Slim Hel\u00fa<\/div>\n<div class=\"sumarios\">\n<p>Es obligaci\u00f3n de los pa\u00edses combatir la pobreza \/\/\u00a0<q>Absurda<\/q>, una jubilaci\u00f3n a los 65 a\u00f1os, deber\u00eda ser a los 75<\/p>\n<\/div>\n<div id=\"article-text\" class=\"text\">\n<div class=\"foto\">\n<div class=\"pie-foto\">Sin dar nombres, Carlos Slim Hel\u00fa dijo que hubo un sexenio en que se generaron ingresos petroleros por 460 mil millones de d\u00f3lares y nadie sabe d\u00f3nde quedaron.<\/div>\n<div><\/div>\n<\/div>\n<div class=\"col col1\">\n<div class=\"credito-autor\">Alejandro Alegr\u00eda<\/div>\n<div class=\"credito-titulo\"><\/div>\n<div class=\"hemero\">La Jornada<\/p>\n<\/div>\n<p class=\"s-s\">M\u00e9xico no ha sabido aprovechar\u00a0<q>oportunidad tras oportunidad<\/q>\u00a0que se le han presentado para convertirse en potencia mundial, una situaci\u00f3n que Carlos Slim Hel\u00fa, el empresario m\u00e1s acaudalado del pa\u00eds, espera que no ocurra m\u00e1s.<\/p>\n<p>En su regreso, despu\u00e9s de varios a\u00f1os de ausencia en M\u00e9xico Siglo XXI \u2013la reuni\u00f3n anual de becarios de la Fundaci\u00f3n Telmex-Telcel\u2013, Slim Hel\u00fa consider\u00f3 que la jubilaci\u00f3n a los 65 a\u00f1os\u00a0<q>es absurda<\/q>, por lo que propuso que las personas se jubilen hasta los 75 y que las nuevas jornadas laborales sean de tres d\u00edas a la semana.<\/p>\n<p>A M\u00e9xico le falta \u201cno cometer errores, ha habido muchos sexenios de abundancia de recursos que no hemos sabido utilizar. Hubo una \u00e9poca de oro que se llam\u00f3 el \u2018desarrollo estabilizador\u2019, durante 12 a\u00f1os crecimos 6.8 anual con inflaci\u00f3n de 2.5 por ciento\u201d, respondi\u00f3 a la pregunta sobre qu\u00e9 le hace falta a M\u00e9xico para convertirse en potencia mundial.<\/p>\n<p>Refiri\u00f3 que entre 1958 y 1970 el pa\u00eds vivi\u00f3 una era de sustituci\u00f3n de importaciones, las divisas entraban por turismo y no por remesas, mientras el petr\u00f3leo era uno de los principales ingresos de M\u00e9xico.<\/p>\n<p>El empresario dijo que si bien se llegaron a percibir 460 mil millones de d\u00f3lares por ingresos petroleros en un sexenio, nadie sabe d\u00f3nde qued\u00f3 ese dinero.<\/p>\n<p><q>M\u00e9xico ha tenido oportunidad, tras oportunidad y no las hemos aprovechado, ese ha sido el error.<\/q><\/p>\n<p>Destac\u00f3 que anclar los salarios de los trabajadores para no causar inflaci\u00f3n tambi\u00e9n fue un error, porque \u201clo que hay que hacer es que las personas tengan ingreso, poder adquisitivo.<\/p>\n<\/div>\n<div class=\"col col2\">\n<p><q>Es claro que hemos perdido varias oportunidades y ojal\u00e1 no las sigamos perdiendo<\/q>, insisti\u00f3.<\/p>\n<p>El empresario se\u00f1al\u00f3 que es necesario combatir la pobreza, pues\u00a0<q>son irracionales las guerras militares, desde hace muchos a\u00f1os deber\u00edan ser guerras contra la pobreza, deber\u00edan ser econ\u00f3micas<\/q>.<\/p>\n<p>Explic\u00f3 que todo el esp\u00edritu b\u00e9lico se deber\u00eda enfocar en la competencia en los mercados, en fortalecer el interno y hacer que 50 millones de mexicanos, de los 130 millones que hay en el pa\u00eds, se incorporen a la econom\u00eda.<\/p>\n<p><q>La mejor inversi\u00f3n universal de todo el mundo es combatir la pobreza, todos los pa\u00edses est\u00e1n obligados a ello, desarrollando capital humano, salud y educaci\u00f3n.<\/q><\/p>\n<p>Asegur\u00f3 que la\u00a0<q>lucha contra la pobreza no s\u00f3lo es un asunto \u00e9tico y moral, sino de justicia social, es una necesidad econ\u00f3mica en esta nueva civilizaci\u00f3n<\/q>, que requiere combatir la ignorancia y la marginaci\u00f3n, que las personas se incorporen a la modernidad con educaci\u00f3n, salud y empleo.<\/p>\n<p>Adem\u00e1s de proponer que las universidades eliminen las tesis para nivel licenciatura, plante\u00f3 que las jornadas laborales sean de 12 horas, tres d\u00edas a la semana, para que los trabajadores se jubilen a los 75 a\u00f1os, no a los 65 como sucede actualmente.<\/p>\n<p><q>La idea de que una persona se jubile a los 60-65 a\u00f1os es absurda, porque siendo una sociedad de servicios, el trabajo f\u00edsico desaparece, son sociedades de servicios.<\/q><\/p>\n<p>Agreg\u00f3 que eso evitar\u00eda que los gobiernos quiebren ante la incapacidad de pagar pensiones, pues las personas viven hasta 90 a\u00f1os.<\/p>\n<\/div>\n<\/div>\n<div class=\"go gui\">\n<div class=\"go-up\"><\/div>\n<\/div>\n<\/div>\n<div id=\"taboola-below-content-thumbnails\" class=\" trc_related_container trc_spotlight_widget tbl-feed-container tbl-feed-frame-DIVIDER  render-late-effect\" data-feed-container-num=\"1\" data-feed-main-container-id=\"taboola-below-content-thumbnails\" data-parent-placement-name=\"Below Content Thumbnails\" data-pub-lang=\"es\">\n<div class=\" tbl-feed-header tbl-logo-right-position\">\n<div class=\"tbl-feed-header-logo\"><\/div>\n<\/div>\n<\/div>\n","protected":false},"excerpt":{"rendered":"<p>M\u00e9xico perdi\u00f3 oportunidades de ser potencia mundial: Slim Hel\u00fa Es obligaci\u00f3n de los pa\u00edses combatir la pobreza \/\/\u00a0Absurda, una jubilaci\u00f3n a los 65 a\u00f1os, deber\u00eda ser a los 75 Sin dar nombres, Carlos Slim Hel\u00fa dijo que hubo un sexenio en que se generaron ingresos petroleros por 460 mil millones de d\u00f3lares y nadie sabe [&hellip;]<\/p>\n","protected":false},"author":249,"featured_media":29174,"comment_status":"open","ping_status":"closed","sticky":false,"template":"","format":"standard","meta":{"footnotes":""},"categories":[26],"tags":[],"class_list":["post-29173","post","type-post","status-publish","format-standard","has-post-thumbnail","hentry","category-mundo"],"_links":{"self":[{"href":"https:\/\/eloficiodehistoriar.com.mx\/index.php?rest_route=\/wp\/v2\/posts\/29173","targetHints":{"allow":["GET"]}}],"collection":[{"href":"https:\/\/eloficiodehistoriar.com.mx\/index.php?rest_route=\/wp\/v2\/posts"}],"about":[{"href":"https:\/\/eloficiodehistoriar.com.mx\/index.php?rest_route=\/wp\/v2\/types\/post"}],"author":[{"embeddable":true,"href":"https:\/\/eloficiodehistoriar.com.mx\/index.php?rest_route=\/wp\/v2\/users\/249"}],"replies":[{"embeddable":true,"href":"https:\/\/eloficiodehistoriar.com.mx\/index.php?rest_route=%2Fwp%2Fv2%2Fcomments&post=29173"}],"version-history":[{"count":1,"href":"https:\/\/eloficiodehistoriar.com.mx\/index.php?rest_route=\/wp\/v2\/posts\/29173\/revisions"}],"predecessor-version":[{"id":29175,"href":"https:\/\/eloficiodehistoriar.com.mx\/index.php?rest_route=\/wp\/v2\/posts\/29173\/revisions\/29175"}],"wp:featuredmedia":[{"embeddable":true,"href":"https:\/\/eloficiodehistoriar.com.mx\/index.php?rest_route=\/wp\/v2\/media\/29174"}],"wp:attachment":[{"href":"https:\/\/eloficiodehistoriar.com.mx\/index.php?rest_route=%2Fwp%2Fv2%2Fmedia&parent=29173"}],"wp:term":[{"taxonomy":"category","embeddable":true,"href":"https:\/\/eloficiodehistoriar.com.mx\/index.php?rest_route=%2Fwp%2Fv2%2Fcategories&post=29173"},{"taxonomy":"post_tag","embeddable":true,"href":"https:\/\/eloficiodehistoriar.com.mx\/index.php?rest_route=%2Fwp%2Fv2%2Ftags&post=29173"}],"curies":[{"name":"wp","href":"https:\/\/api.w.org\/{rel}","templated":true}]}}