{"id":29176,"date":"2022-09-03T10:38:21","date_gmt":"2022-09-03T16:38:21","guid":{"rendered":"https:\/\/eloficiodehistoriar.com.mx\/?p=29176"},"modified":"2022-09-03T10:38:21","modified_gmt":"2022-09-03T16:38:21","slug":"cierra-ducto-por-falla-tecnica-rusia-corta-de-forma-indefinida-el-gas-a-europa","status":"publish","type":"post","link":"https:\/\/eloficiodehistoriar.com.mx\/?p=29176","title":{"rendered":"Cierra ducto por\u00a0falla t\u00e9cnica.  Rusia corta de forma indefinida el gas a Europa"},"content":{"rendered":"<div id=\"article-cont\" class=\"main-cont article-cont actuality\">\n<div class=\"sumarios\">\n<p>Cierra ducto por\u00a0<q>falla t\u00e9cnica<\/q><\/p>\n<\/div>\n<div class=\"cabeza\">Rusia corta de forma indefinida el gas a Europa<\/div>\n<div class=\"sumarios\"><\/div>\n<div id=\"article-text\" class=\"text\">\n<div class=\"col col1\">\n<div class=\"credito-autor\">Afp<\/div>\n<div class=\"credito-titulo\"><\/div>\n<div class=\"hemero\">La Jornada<\/p>\n<\/div>\n<p class=\"s-s\">Mosc\u00fa.<\/p>\n<p class=\"s-s\">La estatal rusa Gazprom anunci\u00f3 este viernes que el gasoducto Nord Stream 1, vital para el aprovisionamiento de Europa, mantendr\u00e1 los grifos cerrados de manera indefinida por el problema de una turbina. El hecho se dio a conocer poco despu\u00e9s que los ministros de Finanzas del G-7 acordaron poner un tope a los precios del petr\u00f3leo ruso, a lo que Mosc\u00fa advirti\u00f3 que tendr\u00eda consecuencias.<\/p>\n<p>El ducto, que lleva el gas hasta Alemania, desde donde se distribuye a otros pa\u00edses europeos, deb\u00eda reabrir este fin de semana, despu\u00e9s de tres d\u00edas de suspensi\u00f3n de entregas por\u00a0<q>trabajos de mantenimiento<\/q>. Pero este viernes Gazprom inform\u00f3 que se detectaron\u00a0<q>fugas de aceite<\/q>\u00a0en una turbina y que el aprovisionamiento quedar\u00e1\u00a0<q>totalmente suspendido<\/q>\u00a0hasta su reparaci\u00f3n, sin avanzar ninguna fecha.<\/p>\n<p class=\"sumario\">Fuga de aceite no justifica la suspensi\u00f3n: Siemens<\/p>\n<p class=\"s-s\">El fabricante de la turbina, Siemens Energy, afirm\u00f3 en un comunicado que una fuga de aceite no es\u00a0<q>una raz\u00f3n t\u00e9cnica<\/q>\u00a0para cerrar el gasoducto Nord Stream, como aleg\u00f3 Gazprom.<\/p>\n<p>\u201cEste tipo de fugas no suelen afectar el funcionamiento de una turbina y pueden sellarse\u00a0<em>in situ<\/em>\u201d, agreg\u00f3.<\/p>\n<p>Desde el inicio de la invasi\u00f3n rusa a Ucrania, a finales de febrero, Mosc\u00fa ha reducido significativamente sus entregas de gas a los pa\u00edses europeos en respuesta a las sanciones. Los pa\u00edses occidentales acusan a Rusia de utilizar el gas\u00a0<q>como un arma<\/q>.<\/p>\n<p>El anuncio de la suspensi\u00f3n indefinida del suministro de gas acent\u00faa los temores de escasez en el pr\u00f3ximo invierno europeo. A ellos se suma la pronunciada alza de la electricidad,\u00a0<q>lo que ralentizar\u00e1 la industria y podr\u00eda provocar una recesi\u00f3n en Europa<\/q>, seg\u00fan Andy Lipow, de Lipow Oil Associates.<\/p>\n<\/div>\n<div class=\"col col2\">\n<p class=\"sumario\">El G-7 decide aplicar un tope a los precios del petr\u00f3leo<\/p>\n<p class=\"s-s\">Los pa\u00edses del G-7 decidieron aplicar un tope a los precios del petr\u00f3leo ruso y pidieron que una\u00a0<q>amplia coalici\u00f3n<\/q>\u00a0de naciones adopte esa compleja medida.<\/p>\n<p>La decisi\u00f3n, que pretende afectar los ingresos energ\u00e9ticos de Mosc\u00fa, como parte de las sanciones por la invasi\u00f3n a Ucrania, fue adoptada durante una cumbre virtual de ministros de Finanzas de las siete econom\u00edas m\u00e1s avanzadas: Estados Unidos, Canad\u00e1, Reino Unido, Alemania, Italia, Francia y Jap\u00f3n.<\/p>\n<p>Poco antes de la declaraci\u00f3n del G-7, el portavoz del Kremlin, Dmitri Peskov, advirti\u00f3 que la imposici\u00f3n de un tope a los precios del crudo ruso\u00a0<q>conducir\u00eda a una desestabilizaci\u00f3n significativa de los mercados<\/q>.<\/p>\n<p>Con semejante\u00a0<q>injerencia<\/q>\u00a0en el mercado petrolero,\u00a0<q>los consumidores europeos y estadunidenses ser\u00e1n los primeros en pagar<\/q>\u00a0las consecuencias, advirti\u00f3 el vice primer ministro ruso, Alexandre Novak.<\/p>\n<p>Los precios del petr\u00f3leo terminaron al alza el viernes. El Brent sum\u00f3 66 centavos a 93.02 d\u00f3lares el barril y el estadunidense WTI avanz\u00f3 26 centavos a 86.87 d\u00f3lares. En la semana el Brent perdi\u00f3 7.9 por ciento y el WTI, 6.7 por ciento.<\/p>\n<p>La mezcla mexicana de exportaci\u00f3n subi\u00f3 53 centavos y cerr\u00f3 en 83.09 d\u00f3lares el barril. Sin embargo, acumul\u00f3 un descenso semanal de 6.64 d\u00f3lares (7.4 por ciento).<\/p>\n<\/div>\n<\/div>\n<div class=\"go gui\">\n<div class=\"go-up\"><\/div>\n<\/div>\n<\/div>\n<div id=\"taboola-below-content-thumbnails\" class=\" trc_related_container trc_spotlight_widget tbl-feed-container tbl-feed-frame-DIVIDER  render-late-effect\" data-feed-container-num=\"1\" data-feed-main-container-id=\"taboola-below-content-thumbnails\" data-parent-placement-name=\"Below Content Thumbnails\" data-pub-lang=\"es\">\n<div class=\" tbl-feed-header tbl-logo-right-position\">\n<div class=\"tbl-feed-header-logo\"><\/div>\n<\/div>\n<\/div>\n","protected":false},"excerpt":{"rendered":"<p>Cierra ducto por\u00a0falla t\u00e9cnica Rusia corta de forma indefinida el gas a Europa Afp La Jornada Mosc\u00fa. La estatal rusa Gazprom anunci\u00f3 este viernes que el gasoducto Nord Stream 1, vital para el aprovisionamiento de Europa, mantendr\u00e1 los grifos cerrados de manera indefinida por el problema de una turbina. El hecho se dio a conocer [&hellip;]<\/p>\n","protected":false},"author":249,"featured_media":29153,"comment_status":"open","ping_status":"closed","sticky":false,"template":"","format":"standard","meta":{"footnotes":""},"categories":[26],"tags":[],"class_list":["post-29176","post","type-post","status-publish","format-standard","has-post-thumbnail","hentry","category-mundo"],"_links":{"self":[{"href":"https:\/\/eloficiodehistoriar.com.mx\/index.php?rest_route=\/wp\/v2\/posts\/29176","targetHints":{"allow":["GET"]}}],"collection":[{"href":"https:\/\/eloficiodehistoriar.com.mx\/index.php?rest_route=\/wp\/v2\/posts"}],"about":[{"href":"https:\/\/eloficiodehistoriar.com.mx\/index.php?rest_route=\/wp\/v2\/types\/post"}],"author":[{"embeddable":true,"href":"https:\/\/eloficiodehistoriar.com.mx\/index.php?rest_route=\/wp\/v2\/users\/249"}],"replies":[{"embeddable":true,"href":"https:\/\/eloficiodehistoriar.com.mx\/index.php?rest_route=%2Fwp%2Fv2%2Fcomments&post=29176"}],"version-history":[{"count":1,"href":"https:\/\/eloficiodehistoriar.com.mx\/index.php?rest_route=\/wp\/v2\/posts\/29176\/revisions"}],"predecessor-version":[{"id":29177,"href":"https:\/\/eloficiodehistoriar.com.mx\/index.php?rest_route=\/wp\/v2\/posts\/29176\/revisions\/29177"}],"wp:featuredmedia":[{"embeddable":true,"href":"https:\/\/eloficiodehistoriar.com.mx\/index.php?rest_route=\/wp\/v2\/media\/29153"}],"wp:attachment":[{"href":"https:\/\/eloficiodehistoriar.com.mx\/index.php?rest_route=%2Fwp%2Fv2%2Fmedia&parent=29176"}],"wp:term":[{"taxonomy":"category","embeddable":true,"href":"https:\/\/eloficiodehistoriar.com.mx\/index.php?rest_route=%2Fwp%2Fv2%2Fcategories&post=29176"},{"taxonomy":"post_tag","embeddable":true,"href":"https:\/\/eloficiodehistoriar.com.mx\/index.php?rest_route=%2Fwp%2Fv2%2Ftags&post=29176"}],"curies":[{"name":"wp","href":"https:\/\/api.w.org\/{rel}","templated":true}]}}