{"id":29178,"date":"2022-09-03T10:46:42","date_gmt":"2022-09-03T16:46:42","guid":{"rendered":"https:\/\/eloficiodehistoriar.com.mx\/?p=29178"},"modified":"2022-09-03T10:46:42","modified_gmt":"2022-09-03T16:46:42","slug":"cuba-deberia-recordar-a-gilberto-bosques-por-su-conducto-raul-y-fidel-castro-ruz","status":"publish","type":"post","link":"https:\/\/eloficiodehistoriar.com.mx\/?p=29178","title":{"rendered":"Cuba deber\u00eda recordar a Gilberto Bosques,  por su conducto: Ra\u00fal y Fidel Castro Ruz."},"content":{"rendered":"<div id=\"article-cont\" class=\"main-cont article-cont analysis\">\n<div class=\"cabeza\">El gran Gilberto Bosques<\/div>\n<div class=\"sumarios\"><\/div>\n<div class=\"credito-articulo\">Jos\u00e9 M. Muri\u00e0<\/div>\n<div id=\"article-text\" class=\"text\">\n<div class=\"foto\">\n<div class=\"pie-foto\">Gilberto Bosques, flanqueado por Roberto de Rosenzweig, ex subsecretario de la SRE, y Jos\u00e9 M. Muri\u00e0 (derecha). Al frente, documentos donados por el diplom\u00e1tico al archivo Genaro Estrada de la canciller\u00eda. Atr\u00e1s, la esposa de Rosenzweig y el hoy embajador en Suecia, Francisco del R\u00edo.<\/div>\n<div><\/div>\n<\/div>\n<div class=\"col col1\">\n<div class=\"inicial\">Aprincipios de\u00a01964, Gilberto Bosques Sald\u00edvar, quien hab\u00eda sido embajador de M\u00e9xico en Cuba desde 1953, pidi\u00f3 al presidente Adolfo L\u00f3pez Mateos que lo retirara del servicio. La raz\u00f3n fue expl\u00edcita: Gustavo D\u00edaz Ordaz hab\u00eda sido destapado como candidato a la Presidencia de la Rep\u00fablica y no quer\u00eda tener nada que ver con\u00a0<q>ese se\u00f1or<\/q>. Era su paisano y lo conoc\u00eda bien, de manera que su retiro voluntario result\u00f3 premonitorio\u2026<\/div>\n<p>En Cuba deber\u00edan recordar m\u00e1s las gestiones que hizo Bosques para salvar cubanos durante los \u00faltimos a\u00f1os de la salvaje dictadura de Batista. Basta se\u00f1alar tan s\u00f3lo dos nombres de los muchos que vinieron a M\u00e9xico por su conducto: Ra\u00fal y Fidel Castro Ruz.<\/p>\n<p>Con anterioridad, de 1946 a 1950, Bosques fue embajador en Portugal, de donde alcanz\u00f3 a sacar y salvar la vida a casi un millar de refugiados espa\u00f1oles. Pero lo m\u00e1s voluminoso de su gesta tuvo lugar en Francia, donde, en calidad de c\u00f3nsul general, permaneci\u00f3 desde principios de 1939 hasta fines de 1942, cuando fue llevado prisionero con todo el personal mexicano a un hotel de Bad Godesberg, cerca de M\u00fanich. Ah\u00ed estuvo 14 meses hasta que los mexicanos fueron permutados por prisioneros alemanes.<\/p>\n<p>Fue en esos cuatro a\u00f1os\u00a0<q>franceses<\/q>\u00a0\u2013por cierto, durante los \u00faltimos meses Bosques ya fue ministro plenipotenciario, adem\u00e1s de c\u00f3nsul\u2013 cuando se produjo la gigantesca obra salvadora de vidas. Se habla de unas 40 mil: \u00a1es falso! Si contamos bien, es bastante m\u00e1s del doble. La mayor parte fueron espa\u00f1oles republicanos, es cierto, pero hubo tambi\u00e9n italianos, franceses, alemanes y de otras nacionalidades, adem\u00e1s de medio centenar de mexicanos que formaron parte de las brigadas internacionales, entre quienes se contaba el oaxaque\u00f1o N\u00e9stor S\u00e1nchez, el m\u00e1s aguerrido de todos.<\/p>\n<\/div>\n<div class=\"col col2\">\n<p>No todos vinieron a M\u00e9xico, es cierto, pero se vieron protegidos por un documento que expidieron los representantes mexicanos. Tambi\u00e9n se contaba con Luis I. Rodr\u00edguez Taboada, quien fue embajador durante 1940, y el convenio que \u00e9ste supo arrancar al fascista Philippe P\u00e9tain, que puso a todos los refugiados que se hallaban en la Francia llamada c\u00ednicamente\u00a0<q>libre<\/q>\u00a0bajo la protecci\u00f3n del l\u00e1baro mexicano y se les consider\u00f3 en tr\u00e1nsito hacia nuestra patria. Ello fue, a la postre, un verdadero salvavidas.<\/p>\n<p>Por ello se antoja rid\u00edculo equipararlo con Oskar Schindler, cuya gesta salv\u00f3 apenas a mil 100 jud\u00edos.<\/p>\n<p class=\"sumario\">\u2013 o \u2013<\/p>\n<p class=\"s-s\">D\u00edaz Ordaz cumpli\u00f3 con las expectativas. Para suceder a Bosques en Cuba nombr\u00f3 a un verdadero pillastre y lo dem\u00e1s es de todos conocido\u2026<\/p>\n<p>Bosques padeci\u00f3 una suerte de ostracismo interno hasta que, con sus 96 a\u00f1os, la Secretar\u00eda de Relaciones Exteriores, en un acto que presidi\u00f3 el subsecretario Roberto de Rosenzweig, realizado el 4 de agosto de 1988, dio un gran paso en direcci\u00f3n del actual reconocimiento nacional. Por un lado, el suscrito, en su calidad de director general del \u00e1rea, hab\u00eda promovido la realizaci\u00f3n de un libro que prepar\u00f3 Graciela de Garay, emanado de una larga entrevista con Bosques, que se present\u00f3 ese d\u00eda.<\/p>\n<p>\u00c9l, por su parte, adem\u00e1s de recibir el apapacho que correspond\u00eda, cedi\u00f3 a la canciller\u00eda lo que podr\u00eda llamarse su archivo diplom\u00e1tico, que se hab\u00eda dispuesto oportunamente. Despu\u00e9s empezaron a realizarse m\u00e1s homenajes, aunque pudo asistir a pocos, no obstante que falleci\u00f3 a los 103 a\u00f1os.<\/p>\n<p>Lo que no deja de ser triste es que la ciudad de Puebla se haya hecho ojo de hormiga para hacerle alg\u00fan reconocimiento, aunque no es el caso de su universidad o de su Congreso, que levantaron la mano hace ya mucho tiempo.<\/p>\n<p class=\"email\">\n<\/div>\n<\/div>\n<div class=\"go gui\">\n<div class=\"go-up\"><\/div>\n<\/div>\n<\/div>\n<div id=\"taboola-below-content-thumbnails\" class=\" trc_related_container trc_spotlight_widget tbl-feed-container tbl-feed-frame-DIVIDER  render-late-effect\" data-feed-container-num=\"1\" data-feed-main-container-id=\"taboola-below-content-thumbnails\" data-parent-placement-name=\"Below Content Thumbnails\" data-pub-lang=\"es\">\n<div class=\" tbl-feed-header tbl-logo-right-position\">\n<div class=\"tbl-feed-header-logo\"><\/div>\n<\/div>\n<\/div>\n","protected":false},"excerpt":{"rendered":"<p>El gran Gilberto Bosques Jos\u00e9 M. Muri\u00e0 Gilberto Bosques, flanqueado por Roberto de Rosenzweig, ex subsecretario de la SRE, y Jos\u00e9 M. Muri\u00e0 (derecha). Al frente, documentos donados por el diplom\u00e1tico al archivo Genaro Estrada de la canciller\u00eda. Atr\u00e1s, la esposa de Rosenzweig y el hoy embajador en Suecia, Francisco del R\u00edo. Aprincipios de\u00a01964, Gilberto [&hellip;]<\/p>\n","protected":false},"author":249,"featured_media":29179,"comment_status":"open","ping_status":"closed","sticky":false,"template":"","format":"standard","meta":{"footnotes":""},"categories":[26],"tags":[],"class_list":["post-29178","post","type-post","status-publish","format-standard","has-post-thumbnail","hentry","category-mundo"],"_links":{"self":[{"href":"https:\/\/eloficiodehistoriar.com.mx\/index.php?rest_route=\/wp\/v2\/posts\/29178","targetHints":{"allow":["GET"]}}],"collection":[{"href":"https:\/\/eloficiodehistoriar.com.mx\/index.php?rest_route=\/wp\/v2\/posts"}],"about":[{"href":"https:\/\/eloficiodehistoriar.com.mx\/index.php?rest_route=\/wp\/v2\/types\/post"}],"author":[{"embeddable":true,"href":"https:\/\/eloficiodehistoriar.com.mx\/index.php?rest_route=\/wp\/v2\/users\/249"}],"replies":[{"embeddable":true,"href":"https:\/\/eloficiodehistoriar.com.mx\/index.php?rest_route=%2Fwp%2Fv2%2Fcomments&post=29178"}],"version-history":[{"count":1,"href":"https:\/\/eloficiodehistoriar.com.mx\/index.php?rest_route=\/wp\/v2\/posts\/29178\/revisions"}],"predecessor-version":[{"id":29180,"href":"https:\/\/eloficiodehistoriar.com.mx\/index.php?rest_route=\/wp\/v2\/posts\/29178\/revisions\/29180"}],"wp:featuredmedia":[{"embeddable":true,"href":"https:\/\/eloficiodehistoriar.com.mx\/index.php?rest_route=\/wp\/v2\/media\/29179"}],"wp:attachment":[{"href":"https:\/\/eloficiodehistoriar.com.mx\/index.php?rest_route=%2Fwp%2Fv2%2Fmedia&parent=29178"}],"wp:term":[{"taxonomy":"category","embeddable":true,"href":"https:\/\/eloficiodehistoriar.com.mx\/index.php?rest_route=%2Fwp%2Fv2%2Fcategories&post=29178"},{"taxonomy":"post_tag","embeddable":true,"href":"https:\/\/eloficiodehistoriar.com.mx\/index.php?rest_route=%2Fwp%2Fv2%2Ftags&post=29178"}],"curies":[{"name":"wp","href":"https:\/\/api.w.org\/{rel}","templated":true}]}}