{"id":29181,"date":"2022-09-03T10:53:49","date_gmt":"2022-09-03T16:53:49","guid":{"rendered":"https:\/\/eloficiodehistoriar.com.mx\/?p=29181"},"modified":"2022-09-03T10:53:49","modified_gmt":"2022-09-03T16:53:49","slug":"un-hombre-envejecido-sumido-en-la-mas-extrema-soledad-celebra-su-cumpleanos-es-un-viaje-de-la-memoria","status":"publish","type":"post","link":"https:\/\/eloficiodehistoriar.com.mx\/?p=29181","title":{"rendered":"Un hombre envejecido sumido en la m\u00e1s extrema soledad celebra su cumplea\u00f1os, es un viaje de la memoria."},"content":{"rendered":"<div id=\"article-cont\" class=\"main-cont article-cont actuality\">\n<div class=\"cabeza\">Escenificar hoy a Beckett es constatar la crisis civilizatoria que profetiz\u00f3: De Tavira<\/div>\n<div class=\"sumarios\">\n<p>El maestro protagoniza\u00a0<em>La \u00faltima cinta de Krapp,<\/em>\u00a0del dramaturgo irland\u00e9s \/\/ Aborda la traves\u00eda de un hombre que navega en su memoria \/\/\u00a0<q>Somos mortales, aunque en el camino vamos con el coraz\u00f3n enfermo de infinito<\/q>, coment\u00f3 el actor \/\/ Se presenta en La Gruta<\/p>\n<\/div>\n<div id=\"article-text\" class=\"text\">\n<div class=\"foto\">\n<div class=\"pie-foto\">El mon\u00f3logo a cargo de Luis de Tavira transita por tres estadios de la vida de un hombre mayor que escudri\u00f1a en sus recuerdos.<\/div>\n<div><\/div>\n<\/div>\n<div class=\"col col1\">\n<div class=\"credito-autor\">Carlos Paul<\/div>\n<div class=\"credito-titulo\"><\/div>\n<div class=\"hemero\">La Jornada<\/p>\n<\/div>\n<p class=\"s-s\">Un hombre envejecido sumido en la m\u00e1s extrema soledad celebra su cumplea\u00f1os siguiendo su h\u00e1bito de grabar sus impresiones sobre lo vivido; sin embargo, en esta ocasi\u00f3n busca las cintas grabadas de otros aniversarios, de tal manera que se embarca en un viaje de la memoria.<\/p>\n<p>Durante esa traves\u00eda reflexiona, r\u00ede y dialoga con el hombre que fue en el pasado al escuchar a su yo m\u00e1s joven en una grabaci\u00f3n en la que narra momentos cruciales de aquella \u00e9poca.<\/p>\n<p>Tal es la historia que aborda la obra de teatro\u00a0<em>La \u00faltima cinta de Krapp,<\/em>\u00a0escrita por el dramaturgo irland\u00e9s Samuel Beckett, cuyo protagonista es interpretado por el maestro Luis de Tavira.<\/p>\n<p>Con direcci\u00f3n de Sandra F\u00e9lix,<em>\u00a0La \u00faltima cinta de Krapp\u00a0<\/em>es un\u00a0<q>melanc\u00f3lico mon\u00f3logo<\/q>\u00a0en el que vemos a un hombre mayor escudri\u00f1ar en sus recuerdos, sin poder reconocerse en aquel joven que fue. Durante la interlocuci\u00f3n consigo mismo transita por tres planos temporales: su juventud, su adultez y su vejez.<\/p>\n<p>\u201cEs un hombre que indaga, navega y naufraga en los testimonios de la memoria, que comienza a buscar lo que \u00e9l llama \u2018el grano entre la paja. Lo que ah\u00ed se descubre es que el viaje de la memoria no se trata del pasado, sino del futuro, sobre lo que perdura en el presente de aquello que ha sido. La cuesti\u00f3n: \u00bfqu\u00e9 es lo que perdura? es lo que marca el viaje y los pensamientos del personaje\u201d, coment\u00f3 el maestro Luis de Tavira en entrevista con\u00a0<em>La Jornada.<\/em><\/p>\n<p>En esta pieza, Beckett retrata la vulnerabilidad y la fragilidad humana, el paso del tiempo y la crudeza de la vejez, a trav\u00e9s de un hombre mayor que se confronta con sus imperfecciones, tanto las de entonces como las de su presente.\u00a0<q>Nos habla sobre las aspiraciones y los sue\u00f1os incumplidos de una persona envejecida, sobre la conciencia de un rotundo fracaso, respecto de aquello que en la vida importa. La memoria se convierte en una especie de tribunal despiadado<\/q>.<\/p>\n<p>Hoy d\u00eda, continu\u00f3 el maestro De Tavira, \u201cSamuel Beckett se ha convertido en un cl\u00e1sico; sin embargo, su obra en su momento fue exactamente lo contrario. Fue disruptiva, escandalizaba y provocaba los valores de una supuesta civilizaci\u00f3n que respiraba optimismo despu\u00e9s de la Segunda Guerra Mundial. Como dramaturgo, Beckett hace la cr\u00edtica m\u00e1s profunda a la deshumanizaci\u00f3n del modelo de la vida social, que hoy d\u00eda es un diagn\u00f3stico verificado.<\/p>\n<\/div>\n<div class=\"col col2\">\n<p><q>Poner en escena hoy a Beckett es comprobar que aquello que profetizaba se ha cumplido con creces, pues vivimos una crisis civilizatoria que nos muestra cada vez m\u00e1s el grado al que ha llegado la deshumanizaci\u00f3n, de ah\u00ed que el reto de todos los d\u00edas es preguntarnos c\u00f3mo hacer para ser menos inhumanos de lo que somos. Muestra de ello es la violencia, la incomunicaci\u00f3n, la desaparici\u00f3n de la conciencia y el valor que se tiene por la vida y la muerte.<\/q><\/p>\n<p class=\"sumario\">Pulsi\u00f3n de apego al pasado<\/p>\n<p class=\"s-s\"><em>La \u00faltima cinta de Krapp\u00a0<\/em><q>reflexiona sobre esa pulsi\u00f3n que tiene el ser humano por preservar el pasado, para evitar que el tiempo se extrav\u00ede. Lo parad\u00f3jico es que esta pulsi\u00f3n existe por la conciencia de la finitud, por sabernos finitos a nosotros y a nuestros momentos vividos, por saber que nuestro tiempo se acaba como la vida en la vejez. En otras palabras, no podr\u00eda existir el deseo de recordar si no existiera el peligro de perder esos recuerdos. Lo que aqu\u00ed se trata de decir es que somos mortales, aunque en el camino vamos con el coraz\u00f3n enfermo de infinito<\/q>.<\/p>\n<p>Beckett, concluy\u00f3 De Tavira,\u00a0<q>cuestiona qu\u00e9 sentido tiene la memoria. Sin duda, el olvido en la vida es imprescindible, pero la memoria tambi\u00e9n. La memoria tiene la capacidad de inventarnos la vida; dicho de otra manera, la vida es un invento de la memoria<\/q>.<\/p>\n<p><em>La \u00faltima cinta de Krapp,\u00a0<\/em>escrita por Samuel Beckett, con direcci\u00f3n de Sandra F\u00e9lix y la actuaci\u00f3n del maestro Luis de Tavira, se presenta s\u00e1bados y domingos a las 18 horas en el foro La Gruta del Centro Cultural Hel\u00e9nico (avenida Revoluci\u00f3n 1500, San \u00c1ngel). Concluye temporada el 11 de septiembre.<\/p>\n<\/div>\n<\/div>\n<div class=\"go gui\">\n<div class=\"go-up\"><\/div>\n<\/div>\n<\/div>\n","protected":false},"excerpt":{"rendered":"<p>Escenificar hoy a Beckett es constatar la crisis civilizatoria que profetiz\u00f3: De Tavira El maestro protagoniza\u00a0La \u00faltima cinta de Krapp,\u00a0del dramaturgo irland\u00e9s \/\/ Aborda la traves\u00eda de un hombre que navega en su memoria \/\/\u00a0Somos mortales, aunque en el camino vamos con el coraz\u00f3n enfermo de infinito, coment\u00f3 el actor \/\/ Se presenta en La [&hellip;]<\/p>\n","protected":false},"author":249,"featured_media":29182,"comment_status":"open","ping_status":"closed","sticky":false,"template":"","format":"standard","meta":{"footnotes":""},"categories":[26],"tags":[],"class_list":["post-29181","post","type-post","status-publish","format-standard","has-post-thumbnail","hentry","category-mundo"],"_links":{"self":[{"href":"https:\/\/eloficiodehistoriar.com.mx\/index.php?rest_route=\/wp\/v2\/posts\/29181","targetHints":{"allow":["GET"]}}],"collection":[{"href":"https:\/\/eloficiodehistoriar.com.mx\/index.php?rest_route=\/wp\/v2\/posts"}],"about":[{"href":"https:\/\/eloficiodehistoriar.com.mx\/index.php?rest_route=\/wp\/v2\/types\/post"}],"author":[{"embeddable":true,"href":"https:\/\/eloficiodehistoriar.com.mx\/index.php?rest_route=\/wp\/v2\/users\/249"}],"replies":[{"embeddable":true,"href":"https:\/\/eloficiodehistoriar.com.mx\/index.php?rest_route=%2Fwp%2Fv2%2Fcomments&post=29181"}],"version-history":[{"count":1,"href":"https:\/\/eloficiodehistoriar.com.mx\/index.php?rest_route=\/wp\/v2\/posts\/29181\/revisions"}],"predecessor-version":[{"id":29183,"href":"https:\/\/eloficiodehistoriar.com.mx\/index.php?rest_route=\/wp\/v2\/posts\/29181\/revisions\/29183"}],"wp:featuredmedia":[{"embeddable":true,"href":"https:\/\/eloficiodehistoriar.com.mx\/index.php?rest_route=\/wp\/v2\/media\/29182"}],"wp:attachment":[{"href":"https:\/\/eloficiodehistoriar.com.mx\/index.php?rest_route=%2Fwp%2Fv2%2Fmedia&parent=29181"}],"wp:term":[{"taxonomy":"category","embeddable":true,"href":"https:\/\/eloficiodehistoriar.com.mx\/index.php?rest_route=%2Fwp%2Fv2%2Fcategories&post=29181"},{"taxonomy":"post_tag","embeddable":true,"href":"https:\/\/eloficiodehistoriar.com.mx\/index.php?rest_route=%2Fwp%2Fv2%2Ftags&post=29181"}],"curies":[{"name":"wp","href":"https:\/\/api.w.org\/{rel}","templated":true}]}}