{"id":29197,"date":"2022-09-04T18:32:19","date_gmt":"2022-09-05T00:32:19","guid":{"rendered":"https:\/\/eloficiodehistoriar.com.mx\/?p=29197"},"modified":"2022-09-04T18:32:19","modified_gmt":"2022-09-05T00:32:19","slug":"jose-antonio-silva-beltran-escultor-y-pintor-poblano-radico-en-tepotzo-tlan-en-las-cabanas","status":"publish","type":"post","link":"https:\/\/eloficiodehistoriar.com.mx\/?p=29197","title":{"rendered":"\u201cJos\u00e9 Antonio Silva\u00a0Beltr\u00e1n, escultor y pintor poblano. Radico en Tepotzo-tl\u00e1n, en Las Caba\u00f1as\u201d"},"content":{"rendered":"<div id=\"article-cont\" class=\"main-cont article-cont analysis\">\n<div class=\"cabeza\">Jos\u00e9 Antonio Silva, retratista de Renato Leduc<\/div>\n<div class=\"sumarios\"><\/div>\n<div class=\"credito-articulo\">Elena Poniatowska<\/div>\n<div><\/div>\n<div id=\"article-text\" class=\"text\">\n<div class=\"col col1\">\n<div class=\"inicial\">\u201cJos\u00e9 Antonio Silva\u00a0Beltr\u00e1n, escultor y pintor de origen poblano. Radico en Tepotzo-tl\u00e1n, estado de M\u00e9xico, desde hace 30 a\u00f1os, en un lugar que se llama Las Caba\u00f1as\u201d, explica mi entrevistado de traje impecable y modales perfectos, a quien ofrezco tomar asiento en uno de los dos sillones de la sala de San Sebasti\u00e1n 10, en Chimalistac.<\/div>\n<p>\u201cMi formaci\u00f3n viene de mi familia, porque siempre nos dedicamos a la pintura, la escultura y, en consecuencia, haber nacido entre pinceles y cinceles marc\u00f3 mi desarrollo. Mi carrera me ha dado muchas satisfacciones como haber conocido a Renato Leduc cuando ten\u00eda yo 19 a\u00f1os. Le hice un busto para P\u00e9rez Verduzco, due\u00f1o de\u00a0<em>\u00d3rbita,<\/em>\u00a0una revista de burlesque que reun\u00eda a artistas de cine chusco o de cabaret.<\/p>\n<p>\u201cPor cari\u00f1o a Renato Leduc, P\u00e9rez Verduzco le puso su nombre a la redacci\u00f3n y nosotros pusimos su busto en la editorial, en la calle de Y\u00e1catas, en la colonia del Valle.<\/p>\n<p>\u201cCon Renato viv\u00ed una etapa muy bonita, porque me invit\u00f3 a modelar su rostro en su casa, en la colonia de El Periodista; yo era un muchacho de 19 o 20 a\u00f1os, y lo escuch\u00e9 contar toda la historia de su vida, que me pareci\u00f3 m\u00e1gica. \u00c9l era mal hablado, dec\u00eda muchas groser\u00edas. El periodista y gran admirador Jos\u00e9 Ram\u00f3n Garmabella lo visitaba, grab\u00f3 toda su vida y public\u00f3 un libro que me pareci\u00f3 excelente. Me fascin\u00f3 que hablara de la Segunda Guerra Mundial y de Leonora Carrington. Muchos datos los desconoc\u00eda por mi edad y \u00e9l, muy pacientemente, cuando termin\u00e1bamos la sesi\u00f3n de modelado me platicaba lo que Garmabella hab\u00eda escrito en su libro y lo desmenuzaba para que yo comprendiera cada etapa de su vida y, sobre todo, muchos aspectos de la historia de la Segunda Guerra Mundial. Con \u00e9l me hice historiador y conoc\u00ed la vida de personajes extraordinarios, como Churchill, De Gaulle, Atlee, Roosevelt, Stalin y, desde luego, Francisco Franco.<\/p>\n<p>\u201cRenato Leduc fue quien le puso el nombre de\u00a0<em>Geomeg\u00e9nesis\u00a0<\/em>a mi propuesta art\u00edstica. Discut\u00ed con \u00e9l; yo quer\u00eda otro nombre, y me dijo: \u2018No, tiene que ser\u00a0<em>Geomeg\u00e9nesis.<\/em>\u00a0T\u00fa no haces cuadros, t\u00fa haces pintura; t\u00fa no copias, t\u00fa creas esculturas\u2019. El cuadro, habitualmente, tiene una base en escuadra que todos los pintores aprovechan para dar perspectiva a su obra, y un plomo, un fiel, que nos permite que las figuras no se pierdan o se vayan de lado.\u201d<\/p>\n<p>\u2013No entiendo\u2026<\/p>\n<p>\u2013Seguramente ha o\u00eddo del punto de oro. Mi propuesta fue pintar de tal modo que el espectador tuviera la impresi\u00f3n de penetrar en el cuadro. Mi visi\u00f3n se ha ampliado cada vez m\u00e1s, no voy tras un recuadro: capto la atm\u00f3sfera en torno a mi modelo, su esp\u00edritu, su alma, por decir de alg\u00fan modo. Otro elemento por el que Renato Leduc bautiz\u00f3 mi obra como\u00a0<em>Geomeg\u00e9nesis\u00a0<\/em>es porque los artistas habitualmente retratamos la historia que vivimos, y ahora la fotograf\u00eda y el video son m\u00e1s fieles, pr\u00e1cticos, r\u00e1pidos, instant\u00e1neos que cualquier pintura, pero he intentado captar el d\u00eda a d\u00eda, el esp\u00edritu, el car\u00e1cter, las vivencias del personaje, su esp\u00edritu, su estado del alma y a todo eso no tiene acceso ninguna fotograf\u00eda.<\/p>\n<\/div>\n<div class=\"col col2\">\n<p>\u2013\u00bfPor qu\u00e9?<\/p>\n<p>\u2013Porque la fotograf\u00eda puede consignar la forma de vestir, pero el sentimiento y el instante de la creatividad son \u00edntimos, \u00fanicos e irrepetibles.<\/p>\n<p>\u2013He visto fotograf\u00edas que son tan elocuentes como una bofetada en pleno rostro&#8230;<\/p>\n<p>\u2013S\u00ed, desde luego, pero una fotograf\u00eda por su propia manufactura nunca valdr\u00e1 lo que vale una pintura. Quiz\u00e1 las formas son socialmente m\u00e1s evidentes, pero nosotros, los pintores, narramos con nuestro pincel el d\u00eda a d\u00eda de nuestro sujeto, su vida interior, su mirada sobre el mundo.<\/p>\n<p><q>Ahora estoy pintando c\u00f3mo el ser humano empieza a adaptarse en su entorno, a trav\u00e9s de pr\u00f3tesis y nuevas formas, como las inyecciones de silicio, las cremas para aguantar el sol, la transformaci\u00f3n y modificaciones de facciones de hombres y mujeres que se operan para superar el paso de los a\u00f1os, el rejuvenecimiento del cuerpo humano.<\/q><\/p>\n<p>\u2013Bueno, pero la cirug\u00eda pl\u00e1stica tiene a\u00f1os.<\/p>\n<p>\u2013S\u00ed, much\u00edsimos, pero la evoluci\u00f3n natural del hombre se va adaptando y entonces yo me voy al extremo y pongo figuras que empiezan a revolverse con otros reinos, como el vegetal, el animal.<\/p>\n<p>\u2013Eso lo hizo Arcimboldi en el siglo XVI que cambi\u00f3 narices humanas por zanahorias y cabelleras por espinacas o hojas de lechuga&#8230;<\/p>\n<p>\u2013S\u00ed, s\u00ed, por eso, para m\u00ed un consejo de Renato era muy valioso. Lo mismo que de Leonora, por su fantas\u00eda. A ella no tuve la fortuna de conocerla. Cuando la revista\u00a0<em>\u00d3rbita<\/em>\u00a0sali\u00f3 de circulaci\u00f3n, el busto que hice de Renato Leduc qued\u00f3 en la Alameda&#8230; Mi abuelito fue escultor, se llamaba Luis Gonzaga Silva; Diego Rivera fue padrino de boda de mi t\u00edo Jos\u00e9 Luis Silva, tambi\u00e9n escultor. Toda la familia Silva estuvo cerca del gran muralista. Ya llevamos tres generaciones en la escultura y en la pintura. Los hombres de la familia Silva seguimos el mismo camino, pero yo no conoc\u00ed a Diego Rivera, tengo 60 a\u00f1os. Elena, la invit\u00f3 a Tepotzotl\u00e1n a conocer mi trabajo, rumbo a Tepeji del R\u00edo, es un lugar muy tranquilo que usted va a disfrutar porque el templo de San Francisco Javier es extraordinario. Los enormes lienzos de Francisco Cabrera son parte de las grandes joyas coloniales de nuestro pa\u00eds.<\/p>\n<p><q>Mi t\u00edo es el autor de la gran estatua de la Virgen de la Concepci\u00f3n en Chignahuapan, Puebla. Es una obra muy fuerte; tiene una altura muy por encima de la normal para una estatua de madera de cedro y estofada en oro. Nuestra iglesia ahora ostenta el t\u00edtulo de bas\u00edlica. Mi pap\u00e1 tuvo la fortuna de hacerle su ajuste, su limpieza, y estuvimos en las alturas abraz\u00e1ndola para restaurarla. Era muy bonito y emocionante estar ah\u00ed con ella, porque es una figura de 12 metros, y s\u00f3lo cuando se hace su limpieza es cuando uno vuelve a tener acceso a su rostro, a sus manos. La bas\u00edlica est\u00e1 bien cubierta y el altar dedicado a la Virgen, especialmente protegido. Es un tesoro. All\u00e1 en la zona de Puebla hubo muchos escultores religiosos, sobre todo en Cholula, imagino que por la fuerza de los espa\u00f1oles en ese estado. Dicen que Cholula tiene una iglesia por cada d\u00eda del a\u00f1o y, obviamente, la producci\u00f3n de figuras de santos favoreci\u00f3 el crecimiento de escultores en la zona.<\/q><\/p>\n<p class=\"email\">\n<\/div>\n<\/div>\n<div class=\"go gui\">\n<div class=\"go-up\"><\/div>\n<\/div>\n<\/div>\n","protected":false},"excerpt":{"rendered":"<p>Jos\u00e9 Antonio Silva, retratista de Renato Leduc Elena Poniatowska \u201cJos\u00e9 Antonio Silva\u00a0Beltr\u00e1n, escultor y pintor de origen poblano. Radico en Tepotzo-tl\u00e1n, estado de M\u00e9xico, desde hace 30 a\u00f1os, en un lugar que se llama Las Caba\u00f1as\u201d, explica mi entrevistado de traje impecable y modales perfectos, a quien ofrezco tomar asiento en uno de los dos [&hellip;]<\/p>\n","protected":false},"author":249,"featured_media":29198,"comment_status":"open","ping_status":"closed","sticky":false,"template":"","format":"standard","meta":{"footnotes":""},"categories":[26],"tags":[],"class_list":["post-29197","post","type-post","status-publish","format-standard","has-post-thumbnail","hentry","category-mundo"],"_links":{"self":[{"href":"https:\/\/eloficiodehistoriar.com.mx\/index.php?rest_route=\/wp\/v2\/posts\/29197","targetHints":{"allow":["GET"]}}],"collection":[{"href":"https:\/\/eloficiodehistoriar.com.mx\/index.php?rest_route=\/wp\/v2\/posts"}],"about":[{"href":"https:\/\/eloficiodehistoriar.com.mx\/index.php?rest_route=\/wp\/v2\/types\/post"}],"author":[{"embeddable":true,"href":"https:\/\/eloficiodehistoriar.com.mx\/index.php?rest_route=\/wp\/v2\/users\/249"}],"replies":[{"embeddable":true,"href":"https:\/\/eloficiodehistoriar.com.mx\/index.php?rest_route=%2Fwp%2Fv2%2Fcomments&post=29197"}],"version-history":[{"count":1,"href":"https:\/\/eloficiodehistoriar.com.mx\/index.php?rest_route=\/wp\/v2\/posts\/29197\/revisions"}],"predecessor-version":[{"id":29199,"href":"https:\/\/eloficiodehistoriar.com.mx\/index.php?rest_route=\/wp\/v2\/posts\/29197\/revisions\/29199"}],"wp:featuredmedia":[{"embeddable":true,"href":"https:\/\/eloficiodehistoriar.com.mx\/index.php?rest_route=\/wp\/v2\/media\/29198"}],"wp:attachment":[{"href":"https:\/\/eloficiodehistoriar.com.mx\/index.php?rest_route=%2Fwp%2Fv2%2Fmedia&parent=29197"}],"wp:term":[{"taxonomy":"category","embeddable":true,"href":"https:\/\/eloficiodehistoriar.com.mx\/index.php?rest_route=%2Fwp%2Fv2%2Fcategories&post=29197"},{"taxonomy":"post_tag","embeddable":true,"href":"https:\/\/eloficiodehistoriar.com.mx\/index.php?rest_route=%2Fwp%2Fv2%2Ftags&post=29197"}],"curies":[{"name":"wp","href":"https:\/\/api.w.org\/{rel}","templated":true}]}}