{"id":29207,"date":"2022-09-09T11:23:03","date_gmt":"2022-09-09T17:23:03","guid":{"rendered":"https:\/\/eloficiodehistoriar.com.mx\/?p=29207"},"modified":"2022-09-09T11:23:03","modified_gmt":"2022-09-09T17:23:03","slug":"29207","status":"publish","type":"post","link":"https:\/\/eloficiodehistoriar.com.mx\/?p=29207","title":{"rendered":""},"content":{"rendered":"<div id=\"article-cont\" class=\"main-cont article-cont actuality\">\n<div class=\"cabeza\">Se ajusta el tramo 5 del Tren Maya para respetar un sitio\u00a0<q>impresionante<\/q>, anuncia el INAH<\/div>\n<div class=\"sumarios\">\n<p><q>Hemos reconocido la zona como Paamul II; cuenta con m\u00e1s de 300 edificios, algunos con alturas de m\u00e1s de ocho metros<\/q>, inform\u00f3 Diego Prieto Hern\u00e1ndez, director del instituto<\/p>\n<\/div>\n<div id=\"article-text\" class=\"text tbl-forkorts-article\">\n<div class=\"foto\">\n<div class=\"pie-foto\"><q>En el tramo 5 (Playa del Carmen a Tulum) llevamos un avance inicial; se retomaron los trabajos de cerca de 11 por ciento. Ya est\u00e1 activa la cuadrilla de salvamento de arqueolog\u00eda subacu\u00e1tica con el fin de recuperar material muy valioso y ayudar a la seguridad de las labores<\/q>, apunt\u00f3 Diego Prieto Hern\u00e1ndez<\/div>\n<div><\/div>\n<\/div>\n<div class=\"col\">\n<div class=\"credito-autor\">Emir Olivares y Alonso Urrutia<\/div>\n<div class=\"credito-titulo\"><\/div>\n<div class=\"hemero\">La Jornada<\/p>\n<\/div>\n<p class=\"s-s\">Por recomendaci\u00f3n del Instituto Nacional de Antropolog\u00eda e Historia (INAH), el tramo 5 del Tren Maya respetar\u00e1 un sitio arqueol\u00f3gico\u00a0<q>impresionante<\/q>\u00a0en las inmediaciones de Playa del Carmen, Quintana Roo, inform\u00f3 el titular de esa dependencia, Diego Prieto Hern\u00e1ndez.<\/p>\n<p><q>En el tramo 5 sur se est\u00e1n haciendo ajustes en las ingenier\u00edas para proteger un sitio arqueol\u00f3gico impresionante que hemos reconocido como Paamul II, el cual cuenta con m\u00e1s de 300 edificios, algunos con alturas de m\u00e1s de ocho metros; va a resguardarse como un sitio, un corredor ecol\u00f3gico y arqueol\u00f3gico<\/q>, apunt\u00f3 el funcionario durante la conferencia matutina del presidente Andr\u00e9s Manuel L\u00f3pez Obrador.<\/p>\n<p>El INAH retom\u00f3 los trabajos en el tramo 5 \u2013de Canc\u00fan a Tulum\u2013 luego de que un juez desechara las suspensiones que hab\u00eda otorgado antes a grupos que se oponen a la construcci\u00f3n de este trayecto, uno de los siete en los que se divide el proyecto ferroviario, con lo que se reiniciaron las labores de construcci\u00f3n y de salvamento arqueol\u00f3gico y subacu\u00e1tico.<\/p>\n<p><q>En el tramo 5 sur (Playa del Carmen a Tulum) llevamos un avance inicial; se han retomado los trabajos de cerca de 11 por ciento. Ya est\u00e1 activa la cuadrilla de salvamento de arqueolog\u00eda subacu\u00e1tica para recuperar material muy valioso y, adem\u00e1s, ayudar a la seguridad de los trabajos en este tramo que implica temas delicados de ingenier\u00eda<\/q>, asegur\u00f3 Diego Prieto.<\/p>\n<p><q>Los expertos ya trabajan en cavernas y cenotes en los que se ha encontrado informaci\u00f3n valiosa, as\u00ed como fauna del Pleistoceno y momentos posteriores a la ocupaci\u00f3n maya de la pen\u00ednsula.<\/q><\/p>\n<p>Agreg\u00f3 que a lo largo de todo el corredor que abarca el Tren Maya hasta ahora se han reconocido 25 mil 340 bienes inmuebles.\u00a0<q>Es una enorme informaci\u00f3n que da cuenta del poblamiento maya en toda esta regi\u00f3n de nuestro pa\u00eds y de la enorme capacidad de adaptaci\u00f3n<\/q>\u00a0de esa civilizaci\u00f3n.<\/p>\n<p>Tambi\u00e9n se recuperaron mil 385 bienes muebles relativamente completos, entre metates, materiales dom\u00e9sticos, de car\u00e1cter ritual y de piedra ool\u00edtica, as\u00ed como cer\u00e1mica; se tienen 431 vasijas completas en proceso de an\u00e1lisis y restauraci\u00f3n, muchas de \u00e9stas tienen graf\u00eda y escritura que da cuenta de los personajes que las utilizaron y de su finalidad para el consumo de bebidas, como el chocolate.<\/p>\n<\/div>\n<\/div>\n<div class=\"go gui\">\n<div class=\"go-next\"><\/div>\n<div class=\"go-up\"><\/div>\n<\/div>\n<\/div>\n<div id=\"taboola-below-content-thumbnails\" class=\" trc_related_container trc_spotlight_widget tbl-feed-container tbl-feed-frame-DIVIDER  render-late-effect\" data-feed-container-num=\"1\" data-feed-main-container-id=\"taboola-below-content-thumbnails\" data-parent-placement-name=\"Below Content Thumbnails\" data-pub-lang=\"es\">\n<div class=\" tbl-feed-header tbl-logo-right-position\">\n<div class=\"tbl-feed-header-logo\"><\/div>\n<\/div>\n<div id=\"taboola-below-content-thumbnails-pl1\" class=\" trc_related_container trc_spotlight_widget trc_elastic trc_elastic_organic-thumbs-feed-02  tbl-feed-card \" data-card-index=\"1\" data-batch-num=\"1\" data-placement-name=\"Below Content Thumbnails | Card 1\">\n<div class=\"trc_rbox_container\">\n<div>\n<div id=\"trc_wrapper_25783\" class=\"trc_rbox organic-thumbs-feed-02 trc-content-organic \">\n<div id=\"outer_25783\" class=\"trc_rbox_outer\">\n<div id=\"rbox-t2v\" class=\"trc_rbox_div trc_rbox_border_elm\">\n<div id=\"internal_trc_25783\">\n<div class=\"videoCube trc_spotlight_item origin-undefined thumbnail_top textItem videoCube_1_child trc-first-recommendation trc-spotlight-first-recommendation  trc_excludable \" data-item-id=\"1808095775075573633\" data-item-title=\"El desaf\u00edo es garantizar la seguridad alimentaria\" data-item-thumb=\"https:\/\/www.jornada.com.mx\/ultimas\/2022\/09\/05\/el-desafio-es-garantizar-la-seguridad-alimentaria-4329.html\/img_7041.jpg-9181.html\/image_large?bc=2022-09-04T21:34:45-05:00\" data-item-syndicated=\"false\">\n<div class=\"thumbBlock_holder\"><\/div>\n<\/div>\n<\/div>\n<\/div>\n<\/div>\n<\/div>\n<\/div>\n<\/div>\n<\/div>\n<\/div>\n","protected":false},"excerpt":{"rendered":"<p>Se ajusta el tramo 5 del Tren Maya para respetar un sitio\u00a0impresionante, anuncia el INAH Hemos reconocido la zona como Paamul II; cuenta con m\u00e1s de 300 edificios, algunos con alturas de m\u00e1s de ocho metros, inform\u00f3 Diego Prieto Hern\u00e1ndez, director del instituto En el tramo 5 (Playa del Carmen a Tulum) llevamos un avance [&hellip;]<\/p>\n","protected":false},"author":249,"featured_media":29208,"comment_status":"open","ping_status":"closed","sticky":false,"template":"","format":"standard","meta":{"footnotes":""},"categories":[26],"tags":[],"class_list":["post-29207","post","type-post","status-publish","format-standard","has-post-thumbnail","hentry","category-mundo"],"_links":{"self":[{"href":"https:\/\/eloficiodehistoriar.com.mx\/index.php?rest_route=\/wp\/v2\/posts\/29207","targetHints":{"allow":["GET"]}}],"collection":[{"href":"https:\/\/eloficiodehistoriar.com.mx\/index.php?rest_route=\/wp\/v2\/posts"}],"about":[{"href":"https:\/\/eloficiodehistoriar.com.mx\/index.php?rest_route=\/wp\/v2\/types\/post"}],"author":[{"embeddable":true,"href":"https:\/\/eloficiodehistoriar.com.mx\/index.php?rest_route=\/wp\/v2\/users\/249"}],"replies":[{"embeddable":true,"href":"https:\/\/eloficiodehistoriar.com.mx\/index.php?rest_route=%2Fwp%2Fv2%2Fcomments&post=29207"}],"version-history":[{"count":1,"href":"https:\/\/eloficiodehistoriar.com.mx\/index.php?rest_route=\/wp\/v2\/posts\/29207\/revisions"}],"predecessor-version":[{"id":29209,"href":"https:\/\/eloficiodehistoriar.com.mx\/index.php?rest_route=\/wp\/v2\/posts\/29207\/revisions\/29209"}],"wp:featuredmedia":[{"embeddable":true,"href":"https:\/\/eloficiodehistoriar.com.mx\/index.php?rest_route=\/wp\/v2\/media\/29208"}],"wp:attachment":[{"href":"https:\/\/eloficiodehistoriar.com.mx\/index.php?rest_route=%2Fwp%2Fv2%2Fmedia&parent=29207"}],"wp:term":[{"taxonomy":"category","embeddable":true,"href":"https:\/\/eloficiodehistoriar.com.mx\/index.php?rest_route=%2Fwp%2Fv2%2Fcategories&post=29207"},{"taxonomy":"post_tag","embeddable":true,"href":"https:\/\/eloficiodehistoriar.com.mx\/index.php?rest_route=%2Fwp%2Fv2%2Ftags&post=29207"}],"curies":[{"name":"wp","href":"https:\/\/api.w.org\/{rel}","templated":true}]}}