{"id":29216,"date":"2022-09-09T11:46:28","date_gmt":"2022-09-09T17:46:28","guid":{"rendered":"https:\/\/eloficiodehistoriar.com.mx\/?p=29216"},"modified":"2022-09-09T11:46:28","modified_gmt":"2022-09-09T17:46:28","slug":"cirelda-participara-en-la-tercera-edicion-2022-del-premio-anual-artesanal-veracruzano","status":"publish","type":"post","link":"https:\/\/eloficiodehistoriar.com.mx\/?p=29216","title":{"rendered":"Cirelda participar\u00e1 en la tercera edici\u00f3n 2022 del Premio Anual Artesanal Veracruzano."},"content":{"rendered":"<div>\n<h1 class=\"title\">Te gustan las artesan\u00edas de bamb\u00fa?<\/h1>\n<h1 class=\"title\">Cirelda triunfa con sus obras<\/h1>\n<\/div>\n<h3 class=\"subtitle\">Cirelda participa en el Premio Anual Artesanal Veracruzano con sus obras<\/h3>\n<div class=\"lead-gallery \">\n<div class=\"teaser  owl-carousel owl-theme\">\n<div class=\"owl-wrapper-outer\">\n<div class=\"owl-wrapper\">\n<div class=\"owl-item\">\n<div class=\"img-container picture\"><\/div>\n<\/div>\n<\/div>\n<\/div>\n<\/div>\n<\/div>\n<div id=\"affix-share\" class=\"sharing-menu no-affix\">\n<ul>\n<li>Mayra Figueiras<\/li>\n<li>El Sol de Orizaba<\/li>\n<\/ul>\n<\/div>\n<div class=\"content-body clearfix \">\n<div id=\"content-body-225-8864896\">\n<p><b>Ixhuatlancillo<\/b>, Ver.-<\/p>\n<p><b>Cirelda Obed Romero<\/b>\u00a0es una joven artesana oriunda de este municipio que se dedicaba a la elaboraci\u00f3n de canastos para pan, pero a ra\u00edz de la pandemia dio un giro al tipo de producto que realizaba y ahora hace art\u00edculos decorativos con bamb\u00fa.\u00a0<b>Cirelda participar\u00e1 en la tercera edici\u00f3n 2022 del Premio Anual Artesanal Veracruzano.<\/b><\/p>\n<p><i>Dijo que desde los 8 a\u00f1os aprendi\u00f3 a hacer canastos como lo hac\u00edan sus abuelos y bisabuelos y continu\u00f3 la tradici\u00f3n, pero fue hace dos a\u00f1os cuando comenz\u00f3 la pandemia, que la demanda de \u00e9stos disminuy\u00f3, por lo que decidi\u00f3 cambiar el tipo de producto que elaboraba, as\u00ed como el material.<\/i><\/p>\n<\/div>\n<\/div>\n<div class=\"advertisment \"><\/div>\n<article class=\"content-continued-body clearfix \">\n<div id=\"content-body-5851641-8864896\">\n<ul>\n<li><\/li>\n<\/ul>\n<article class=\"local\nmedia col-md-4 inline-story \"><\/p>\n<div class=\"teaser \">\n<h4 class=\"title \">Lo primero que hizo fue un florero peque\u00f1o y l\u00e1mparas de bola<b>, \u201clos sub\u00ed al Facebook y vi que les gust\u00f3 mucho, tanto que vinieron personas de Puebla y Oaxaca. Me pidieron un mont\u00f3n de l\u00e1mparas\u201d,<\/b>\u00a0apunt\u00f3.<\/h4>\n<\/div>\n<\/article>\n<p>Como toda joven le encanta el dise\u00f1o y se dio a la tarea de hacer sus dise\u00f1os propios<\/p>\n<\/div>\n<\/article>\n","protected":false},"excerpt":{"rendered":"<p>Te gustan las artesan\u00edas de bamb\u00fa? Cirelda triunfa con sus obras Cirelda participa en el Premio Anual Artesanal Veracruzano con sus obras Mayra Figueiras El Sol de Orizaba Ixhuatlancillo, Ver.- Cirelda Obed Romero\u00a0es una joven artesana oriunda de este municipio que se dedicaba a la elaboraci\u00f3n de canastos para pan, pero a ra\u00edz de la [&hellip;]<\/p>\n","protected":false},"author":249,"featured_media":29217,"comment_status":"open","ping_status":"closed","sticky":false,"template":"","format":"standard","meta":{"footnotes":""},"categories":[26],"tags":[],"class_list":["post-29216","post","type-post","status-publish","format-standard","has-post-thumbnail","hentry","category-mundo"],"_links":{"self":[{"href":"https:\/\/eloficiodehistoriar.com.mx\/index.php?rest_route=\/wp\/v2\/posts\/29216","targetHints":{"allow":["GET"]}}],"collection":[{"href":"https:\/\/eloficiodehistoriar.com.mx\/index.php?rest_route=\/wp\/v2\/posts"}],"about":[{"href":"https:\/\/eloficiodehistoriar.com.mx\/index.php?rest_route=\/wp\/v2\/types\/post"}],"author":[{"embeddable":true,"href":"https:\/\/eloficiodehistoriar.com.mx\/index.php?rest_route=\/wp\/v2\/users\/249"}],"replies":[{"embeddable":true,"href":"https:\/\/eloficiodehistoriar.com.mx\/index.php?rest_route=%2Fwp%2Fv2%2Fcomments&post=29216"}],"version-history":[{"count":1,"href":"https:\/\/eloficiodehistoriar.com.mx\/index.php?rest_route=\/wp\/v2\/posts\/29216\/revisions"}],"predecessor-version":[{"id":29218,"href":"https:\/\/eloficiodehistoriar.com.mx\/index.php?rest_route=\/wp\/v2\/posts\/29216\/revisions\/29218"}],"wp:featuredmedia":[{"embeddable":true,"href":"https:\/\/eloficiodehistoriar.com.mx\/index.php?rest_route=\/wp\/v2\/media\/29217"}],"wp:attachment":[{"href":"https:\/\/eloficiodehistoriar.com.mx\/index.php?rest_route=%2Fwp%2Fv2%2Fmedia&parent=29216"}],"wp:term":[{"taxonomy":"category","embeddable":true,"href":"https:\/\/eloficiodehistoriar.com.mx\/index.php?rest_route=%2Fwp%2Fv2%2Fcategories&post=29216"},{"taxonomy":"post_tag","embeddable":true,"href":"https:\/\/eloficiodehistoriar.com.mx\/index.php?rest_route=%2Fwp%2Fv2%2Ftags&post=29216"}],"curies":[{"name":"wp","href":"https:\/\/api.w.org\/{rel}","templated":true}]}}