{"id":29223,"date":"2022-09-10T12:02:19","date_gmt":"2022-09-10T18:02:19","guid":{"rendered":"https:\/\/eloficiodehistoriar.com.mx\/?p=29223"},"modified":"2022-09-10T12:02:19","modified_gmt":"2022-09-10T18:02:19","slug":"la-sociedad-civil-estiman-en-400-los-desplazados-y-se-concentran-en-los-de-mayores-grados-de-pobreza","status":"publish","type":"post","link":"https:\/\/eloficiodehistoriar.com.mx\/?p=29223","title":{"rendered":"La sociedad civil estiman en 400 los desplazados, y se concentran en\u00a0los de mayores grados  de pobreza."},"content":{"rendered":"<div id=\"article-cont\" class=\"main-cont article-cont actuality\">\n<div class=\"sumarios\">\n<p>Informe preliminar de relatora<\/p>\n<\/div>\n<div class=\"cabeza\">El desplazamiento interno afecta m\u00e1s a los pueblos ind\u00edgenas: ONU<\/div>\n<div class=\"sumarios\"><\/div>\n<div id=\"article-text\" class=\"text\">\n<div class=\"col\">\n<div class=\"credito-autor\">Jessica Xantomila<\/div>\n<div class=\"credito-titulo\"><\/div>\n<div class=\"hemero\">La Jornada<\/p>\n<\/div>\n<p class=\"s-s\">Al concluir su visita oficial a M\u00e9xico, la relatora especial de la Organizaci\u00f3n de Naciones Unidas (ONU) sobre los derechos humanos de las personas desplazadas internas, Cecilia Jim\u00e9nez-Damary, asever\u00f3 que si bien en el pa\u00eds las causas del desplazamiento forzado\u00a0<q>son diversas y multifactoriales<\/q>, entre ellas est\u00e1n distintos tipos de violencia,\u00a0<q>a menudo originada por el crimen organizado, a veces relacionadas con los proyectos de desarrollo, la miner\u00eda y tala ilegal o por conflictos electorales, religiosos y agrarios<\/q>. Alert\u00f3 que 40 por ciento de los episodios de desplazamiento registrados en 2020 afectaron a pueblos ind\u00edgenas.<\/p>\n<p>En conferencia, la relatora \u2013la primera en esta materia que realiza una visita oficial al pa\u00eds\u2013 expuso que a pesar de que no hay cifras oficiales de desplazados internos, datos proporcionados por la sociedad civil estiman que van de 350 mil a 400 mil y se concentran en\u00a0<q>estados que son emergentes, que tienen mayores grados y niveles de pobreza<\/q>.<\/p>\n<p>Refiri\u00f3 que la mayor\u00eda de las v\u00edctimas\u00a0<q>con quienes platiqu\u00e9 me han informado que son directamente atacados o amenazados por el crimen organizado, por lo tanto, tienen que irse de sus casas, ya que las queman<\/q>.<\/p>\n<p>En la presentaci\u00f3n de sus observaciones preliminares, luego de reunirse del 29 de agosto al 9 de septiembre con v\u00edctimas, organizaciones civiles y funcionarios federales y estatales en la Ciudad de M\u00e9xico, Chihuahua, Chiapas y Guerrero, la relatora afirm\u00f3 que otras causas del desplazamiento forzado son\u00a0<q>el cambio clim\u00e1tico y los desastres, agravados por la discriminaci\u00f3n, que tiene impacto diferenciado para las poblaciones en mayor situaci\u00f3n de vulnerabilidad<\/q>.<\/p>\n<p>Advirti\u00f3 que la presencia de ni\u00f1os y adolescentes se mencion\u00f3 en la mayor\u00eda de los episodios de desplazamiento de 2020.\u00a0<q>Recib\u00ed informaci\u00f3n de que algunos de ellos y ellas son v\u00edctimas directas del reclutamiento forzado de grupos armados<\/q>. Subray\u00f3 que la mayor\u00eda de las v\u00edctimas tambi\u00e9n son mujeres.<\/p>\n<p>La experta lament\u00f3 que a pesar de que las comunidades ind\u00edgenas representan 10 por ciento de la poblaci\u00f3n total de M\u00e9xico, sean las m\u00e1s afectadas.\u00a0<q>Sufren impactos diferenciados<\/q>\u00a0por su situaci\u00f3n de vulnerabilidad, la falta de acceso a los mecanismos de protecci\u00f3n\u00a0<q>con pertinencia cultural<\/q>\u00a0y el racismo.<\/p>\n<p>Jim\u00e9nez-Damary agradeci\u00f3 la apertura del Estado al escrutinio internacional e indic\u00f3 que el fen\u00f3meno requiere atenci\u00f3n integral que incluya\u00a0<q>medidas de prevenci\u00f3n, atenci\u00f3n y protecci\u00f3n<\/q>, y exhort\u00f3 a crear un registro federal de desplazados.<\/p>\n<p>Inst\u00f3 al Senado a avanzar en los trabajos para contar con la ley general en la materia, la cual ya fue aprobada por la C\u00e1mara de Diputados.<\/p>\n<p class=\"sumario\">Compromiso del gobierno mexicano: Encinas<\/p>\n<p class=\"s-s\">En una reuni\u00f3n previa con la relatora, el subsecretario de Derechos Humanos de la Secretar\u00eda de Gobernaci\u00f3n, Alejandro Encinas, manifest\u00f3 el compromiso del gobierno mexicano para revisar\u00a0<q>de manera detallada<\/q>\u00a0el informe final que presentar\u00e1 la especialista en junio de 2023, y\u00a0<q>darle seguimiento puntual y pormenorizado desde todas las instancias que componen al Estado mexicano<\/q>.<\/p>\n<p>Afirm\u00f3 que esta visita se enmarc\u00f3 en la estrategia del gobierno\u00a0<q>para visibilizar esta tem\u00e1tica que hab\u00eda permanecido invisible en el pasado<\/q>.<\/p>\n<\/div>\n<\/div>\n<div class=\"go gui\">\n<div class=\"go-up\"><\/div>\n<\/div>\n<\/div>\n<div id=\"taboola-below-content-thumbnails\" class=\" trc_related_container trc_spotlight_widget tbl-feed-container tbl-feed-frame-DIVIDER  render-late-effect\" data-feed-container-num=\"1\" data-feed-main-container-id=\"taboola-below-content-thumbnails\" data-parent-placement-name=\"Below Content Thumbnails\" data-pub-lang=\"es\">\n<div class=\" tbl-feed-header tbl-logo-right-position\">\n<div class=\"tbl-feed-header-logo\"><\/div>\n<\/div>\n<\/div>\n","protected":false},"excerpt":{"rendered":"<p>Informe preliminar de relatora El desplazamiento interno afecta m\u00e1s a los pueblos ind\u00edgenas: ONU Jessica Xantomila La Jornada Al concluir su visita oficial a M\u00e9xico, la relatora especial de la Organizaci\u00f3n de Naciones Unidas (ONU) sobre los derechos humanos de las personas desplazadas internas, Cecilia Jim\u00e9nez-Damary, asever\u00f3 que si bien en el pa\u00eds las causas [&hellip;]<\/p>\n","protected":false},"author":249,"featured_media":29224,"comment_status":"open","ping_status":"closed","sticky":false,"template":"","format":"standard","meta":{"footnotes":""},"categories":[26],"tags":[],"class_list":["post-29223","post","type-post","status-publish","format-standard","has-post-thumbnail","hentry","category-mundo"],"_links":{"self":[{"href":"https:\/\/eloficiodehistoriar.com.mx\/index.php?rest_route=\/wp\/v2\/posts\/29223","targetHints":{"allow":["GET"]}}],"collection":[{"href":"https:\/\/eloficiodehistoriar.com.mx\/index.php?rest_route=\/wp\/v2\/posts"}],"about":[{"href":"https:\/\/eloficiodehistoriar.com.mx\/index.php?rest_route=\/wp\/v2\/types\/post"}],"author":[{"embeddable":true,"href":"https:\/\/eloficiodehistoriar.com.mx\/index.php?rest_route=\/wp\/v2\/users\/249"}],"replies":[{"embeddable":true,"href":"https:\/\/eloficiodehistoriar.com.mx\/index.php?rest_route=%2Fwp%2Fv2%2Fcomments&post=29223"}],"version-history":[{"count":1,"href":"https:\/\/eloficiodehistoriar.com.mx\/index.php?rest_route=\/wp\/v2\/posts\/29223\/revisions"}],"predecessor-version":[{"id":29225,"href":"https:\/\/eloficiodehistoriar.com.mx\/index.php?rest_route=\/wp\/v2\/posts\/29223\/revisions\/29225"}],"wp:featuredmedia":[{"embeddable":true,"href":"https:\/\/eloficiodehistoriar.com.mx\/index.php?rest_route=\/wp\/v2\/media\/29224"}],"wp:attachment":[{"href":"https:\/\/eloficiodehistoriar.com.mx\/index.php?rest_route=%2Fwp%2Fv2%2Fmedia&parent=29223"}],"wp:term":[{"taxonomy":"category","embeddable":true,"href":"https:\/\/eloficiodehistoriar.com.mx\/index.php?rest_route=%2Fwp%2Fv2%2Fcategories&post=29223"},{"taxonomy":"post_tag","embeddable":true,"href":"https:\/\/eloficiodehistoriar.com.mx\/index.php?rest_route=%2Fwp%2Fv2%2Ftags&post=29223"}],"curies":[{"name":"wp","href":"https:\/\/api.w.org\/{rel}","templated":true}]}}