{"id":29226,"date":"2022-09-10T12:09:24","date_gmt":"2022-09-10T18:09:24","guid":{"rendered":"https:\/\/eloficiodehistoriar.com.mx\/?p=29226"},"modified":"2022-09-10T12:09:24","modified_gmt":"2022-09-10T18:09:24","slug":"en-mexico-poco-mas-de-28-millones-de-personas-mayores-de-15-anos-se-encuentran-en-rezago-educativo","status":"publish","type":"post","link":"https:\/\/eloficiodehistoriar.com.mx\/?p=29226","title":{"rendered":"En M\u00e9xico, poco m\u00e1s de 28 millones de personas mayores de 15 a\u00f1os se encuentran en rezago educativo"},"content":{"rendered":"<div id=\"article-cont\" class=\"main-cont article-cont actuality\">\n<div class=\"cabeza\">Afecta rezago educativo a m\u00e1s de 28 millones en el pa\u00eds: INEA<\/div>\n<div class=\"sumarios\">\n<p>En Veracruz, m\u00e1s de 500 mil personas no saben leer ni escribir<\/p>\n<\/div>\n<div id=\"article-text\" class=\"text\">\n<div class=\"foto\">\n<div class=\"pie-foto\">Educaci\u00f3n para adultos en la comunidad de San Gregorio, Veracruz, la entidad con mayor n\u00famero de analfabetos<\/div>\n<div><\/div>\n<\/div>\n<div class=\"col col1\">\n<div class=\"credito-autor\">Laura Poy Solano<\/div>\n<div class=\"credito-titulo\"><\/div>\n<div class=\"hemero\">La Jornada<\/p>\n<\/div>\n<p class=\"s-s\">En M\u00e9xico, poco m\u00e1s de 28 millones de personas mayores de 15 a\u00f1os se encuentran en rezago educativo, es decir, no han concluido su educaci\u00f3n primaria o secundaria. De ellos, 4.3 millones no sabe leer ni escribir, lo que representa 4.5 por ciento de la poblaci\u00f3n de este grupo etario.<\/p>\n<p>Datos del Instituto Nacional para la Educaci\u00f3n de los Adultos (INEA) revelan que a escala nacional 29.1 por ciento de quienes tienen 15 a\u00f1os o m\u00e1s, es decir, 28 millones 39 mil 332 personas, viven en rezago educativo, pues 15.6 millones no han concluido la secundaria y 8 millones 30 mil no terminaron sus estudios de primaria.<\/p>\n<p>En el contexto del D\u00eda Internacional de la Alfabetizaci\u00f3n, que se conmemora cada 8 de septiembre, el INEA destaca que de los 4.3 millones de analfabetos, Veracruz concentra a m\u00e1s de medio mill\u00f3n, es decir, 8.1 por ciento de sus habitantes de 15 a\u00f1os o m\u00e1s, mientras la entidad con el menor n\u00famero de personas que no saben leer ni escribir es Baja California Sur, con 13 mil 872, que representa 2.2 por ciento de este grupo etario.<\/p>\n<p>Por estados, Chiapas ocupa el primer lugar en porcentaje de poblaci\u00f3n local con rezago educativo. Las cifras m\u00e1s recientes se\u00f1alan que de 3.8 millones de personas de 15 a\u00f1os o m\u00e1s que viven en la entidad, 47.3 por ciento, es decir, 1.8 millones, no concluy\u00f3 su formaci\u00f3n b\u00e1sica. De ellos, 497 mil 453 son analfabetos, esto es, 12.9 por ciento de quienes se encuentran en este rango de edad.<\/p>\n<\/div>\n<div class=\"col col2\">\n<p>Oaxaca reporta el segundo mayor porcentaje de poblaci\u00f3n que no concluy\u00f3 su educaci\u00f3n b\u00e1sica, pues de 3 millones 31 mil 222 personas con 15 a\u00f1os o m\u00e1s, 43.3 por ciento est\u00e1 en rezago educativo, lo que afecta a un mill\u00f3n 312 mil habitantes. De ellos, 338 mil 77 son analfabetas, 368 mil 416 no concluyeron su primaria y 606 mil 399 dejaron inconclusa su secundaria.<\/p>\n<p>Sin embargo, por porcentaje total de poblaci\u00f3n de 15 a\u00f1os o m\u00e1s en condiciones de rezago educativo, el estado de M\u00e9xico reporta la mayor cifra a nivel nacional, pues 3 millones 263 mil 532 personas no terminaron primaria y secundaria o son analfabetas, es decir, 24.7 por ciento de las 13 millones 199 personas en este grupo de poblaci\u00f3n. Sin primaria terminada, el INEA reporta a 860 mil 457 en esa entidad, lo que representa el mayor n\u00famero de habitantes en esta condici\u00f3n a nivel nacional; lo mismo ocurre en secundaria, pues 2 millones 38 mil 292 mexiquenses no concluyeron este grado escolar.<\/p>\n<\/div>\n<\/div>\n<div class=\"go gui\">\n<div class=\"go-up\"><\/div>\n<\/div>\n<\/div>\n<div id=\"taboola-below-content-thumbnails\" class=\" trc_related_container trc_spotlight_widget tbl-feed-container tbl-feed-frame-DIVIDER  render-late-effect\" data-feed-container-num=\"1\" data-feed-main-container-id=\"taboola-below-content-thumbnails\" data-parent-placement-name=\"Below Content Thumbnails\" data-pub-lang=\"es\">\n<div class=\" tbl-feed-header tbl-logo-right-position\">\n<div class=\"tbl-feed-header-logo\"><\/div>\n<\/div>\n<\/div>\n","protected":false},"excerpt":{"rendered":"<p>Afecta rezago educativo a m\u00e1s de 28 millones en el pa\u00eds: INEA En Veracruz, m\u00e1s de 500 mil personas no saben leer ni escribir Educaci\u00f3n para adultos en la comunidad de San Gregorio, Veracruz, la entidad con mayor n\u00famero de analfabetos Laura Poy Solano La Jornada En M\u00e9xico, poco m\u00e1s de 28 millones de personas [&hellip;]<\/p>\n","protected":false},"author":249,"featured_media":29228,"comment_status":"open","ping_status":"closed","sticky":false,"template":"","format":"standard","meta":{"footnotes":""},"categories":[26],"tags":[],"class_list":["post-29226","post","type-post","status-publish","format-standard","has-post-thumbnail","hentry","category-mundo"],"_links":{"self":[{"href":"https:\/\/eloficiodehistoriar.com.mx\/index.php?rest_route=\/wp\/v2\/posts\/29226","targetHints":{"allow":["GET"]}}],"collection":[{"href":"https:\/\/eloficiodehistoriar.com.mx\/index.php?rest_route=\/wp\/v2\/posts"}],"about":[{"href":"https:\/\/eloficiodehistoriar.com.mx\/index.php?rest_route=\/wp\/v2\/types\/post"}],"author":[{"embeddable":true,"href":"https:\/\/eloficiodehistoriar.com.mx\/index.php?rest_route=\/wp\/v2\/users\/249"}],"replies":[{"embeddable":true,"href":"https:\/\/eloficiodehistoriar.com.mx\/index.php?rest_route=%2Fwp%2Fv2%2Fcomments&post=29226"}],"version-history":[{"count":1,"href":"https:\/\/eloficiodehistoriar.com.mx\/index.php?rest_route=\/wp\/v2\/posts\/29226\/revisions"}],"predecessor-version":[{"id":29229,"href":"https:\/\/eloficiodehistoriar.com.mx\/index.php?rest_route=\/wp\/v2\/posts\/29226\/revisions\/29229"}],"wp:featuredmedia":[{"embeddable":true,"href":"https:\/\/eloficiodehistoriar.com.mx\/index.php?rest_route=\/wp\/v2\/media\/29228"}],"wp:attachment":[{"href":"https:\/\/eloficiodehistoriar.com.mx\/index.php?rest_route=%2Fwp%2Fv2%2Fmedia&parent=29226"}],"wp:term":[{"taxonomy":"category","embeddable":true,"href":"https:\/\/eloficiodehistoriar.com.mx\/index.php?rest_route=%2Fwp%2Fv2%2Fcategories&post=29226"},{"taxonomy":"post_tag","embeddable":true,"href":"https:\/\/eloficiodehistoriar.com.mx\/index.php?rest_route=%2Fwp%2Fv2%2Ftags&post=29226"}],"curies":[{"name":"wp","href":"https:\/\/api.w.org\/{rel}","templated":true}]}}