{"id":29230,"date":"2022-09-10T12:16:26","date_gmt":"2022-09-10T18:16:26","guid":{"rendered":"https:\/\/eloficiodehistoriar.com.mx\/?p=29230"},"modified":"2022-09-10T12:16:26","modified_gmt":"2022-09-10T18:16:26","slug":"homenaje-nacional-de-periodismo-cultural-a-pedro-valtierra-en-la-fil-de-guadalajara","status":"publish","type":"post","link":"https:\/\/eloficiodehistoriar.com.mx\/?p=29230","title":{"rendered":"Homenaje Nacional de Periodismo Cultural a Pedro Valtierra en la FIL de Guadalajara"},"content":{"rendered":"<div class=\"cabeza\">Homenaje Nacional de Periodismo Cultural a Pedro Valtierra en la FIL de Guadalajara<\/div>\n<div class=\"sumarios\"><\/div>\n<div id=\"article-text\" class=\"text tbl-forkorts-article\">\n<div class=\"foto\">\n<div class=\"pie-foto\">Pedro Valtierra es el cuarto fot\u00f3grafo reconocido con el Fernando Ben\u00edtez, despu\u00e9s de H\u00e9ctor Garc\u00eda, Rogelio Cu\u00e9llar y Graciela Iturbide.<\/div>\n<div><\/div>\n<div class=\"pie-foto\">En la imagen, que fue captada el 3 de enero de 1998 por el fundador de <em>La Jornada<\/em>, una mujer tsotsil increpa a un soldado en Chenalh\u00f3, Chiapas, 10 d\u00edas despu\u00e9s de la matanza de Acteal.<\/div>\n<div><\/div>\n<div class=\"pie-foto\"><span class=\"credito\">Foto Pedro Valtierra<\/span><\/div>\n<\/div>\n<div class=\"col\">\n<div><\/div>\n<div class=\"credito-autor\">Juan Carlos G. Partida<\/div>\n<div class=\"credito-titulo\"><\/div>\n<div class=\"hemero\">La Jornada<\/p>\n<\/div>\n<p class=\"s-s\">Guadalajara, Jal.,<\/p>\n<p class=\"s-s\">Pedro Valtierra recibir\u00e1 el Homenaje Nacional de Periodismo Cultural Fernando Ben\u00edtez 2022 en el marco de la Feria Internacional del Libro (FIL) de Guadalajara el pr\u00f3ximo 4 de diciembre\u00a0<q>por su destacada labor como fot\u00f3grafo, tanto en el \u00e1mbito period\u00edstico como en el documental, su impulso a varias generaciones de fot\u00f3grafos de M\u00e9xico y Am\u00e9rica Latina y su firme trabajo para la conservaci\u00f3n de la memoria fotogr\u00e1fica de nuestro pa\u00eds<\/q>.<\/p>\n<p>Valtierra (Fresnillo, 1955) es el cuarto fot\u00f3grafo reconocido con el Ben\u00edtez, despu\u00e9s de H\u00e9ctor Garc\u00eda, Rogelio Cu\u00e9llar y Graciela Iturbide, y expres\u00f3 sentirse privilegiado por su profesi\u00f3n, por estar donde ha estado y agradecido con la gente que se deja retratar, con quienes le han permitido publicar sus fotos y con quienes las reconocen.<\/p>\n<p>En entrevista telef\u00f3nica con los organizadores de la FIL, el director de la agencia y la revista\u00a0<em>Cuartoscuro<\/em>, el fundador y quien encabez\u00f3 durante varios a\u00f1os el departamento de fotograf\u00eda de\u00a0<em>La Jornada<\/em>, dijo que los cambios con las nuevas tecnolog\u00edas se han dado muy r\u00e1pido y que \u00e9stos han impactado en los j\u00f3venes fot\u00f3grafos, pero confi\u00f3 en que las nuevas generaciones har\u00e1n \u201cel mejor uso de las redes sociales y de Internet.<\/p>\n<p><q>Se debe dar siempre un contenido con \u00e9tica, con principios, y procurar ser siempre buenos fot\u00f3grafos, creadores de buenas im\u00e1genes. Que la tecnolog\u00eda y la facilidad de hacer im\u00e1genes no nos venza<\/q>, recomend\u00f3.<\/p>\n<p>Afirm\u00f3 que la agencia y la revista\u00a0<em>Cuartoscuro<\/em>\u00a0<q>son mi vida, mi pasi\u00f3n, mi gran proyecto<\/q>, y manifest\u00f3 sentirse\u00a0<q>muy contento y orgulloso<\/q>\u00a0de encabezar, desde hace 36 a\u00f1os,\u00a0<q>una agencia que da servicios fotogr\u00e1ficos a medios en todo el pa\u00eds, y una revista que busca promover la fotograf\u00eda, a los buenos fot\u00f3grafos mexicanos. Lo que he aprendido lo comparto, sin ego\u00edsmos, sin ning\u00fan tipo de vanidades, y eso me hace muy feliz<\/q>.<\/p>\n<p>Pedro Valtierra public\u00f3 sus primeras fotograf\u00edas en las revistas\u00a0<em>Boxeo Ilustrado<\/em>\u00a0y\u00a0<em>Am\u00e9rica<\/em>. M\u00e1s adelante se convirti\u00f3 en fot\u00f3grafo de Comunicaci\u00f3n Social de la Presidencia de la Rep\u00fablica.<\/p>\n<p>Trabaj\u00f3 en diarios como\u00a0<em>El Sol de M\u00e9xico<\/em>\u00a0y\u00a0<em>Unom\u00e1suno<\/em>. Fue fundador y jefe del departamento de fotograf\u00eda\u00a0<em>La Jornada<\/em>\u00a0y director de la revista\u00a0<em>Mira<\/em>. En 1986 cre\u00f3 la agencia de fotograf\u00eda Cuartoscuro, y en 1993 la revista del mismo nombre, las cuales dirige hasta la fecha.<\/p>\n<p>Adem\u00e1s promovi\u00f3 la fundaci\u00f3n de la Fototeca de Zacatecas, donde ha impulsado diversos proyectos para el rescate de los archivos hist\u00f3ricos y fotogr\u00e1ficos de los estados del centro y norte de M\u00e9xico.<\/p>\n<p>Ha recibido el Premio Nacional de Periodismo, dos veces el Premio de la Bienal de Fotograf\u00eda del Inbal, la Medalla de Plata de la Organizaci\u00f3n Internacional de Periodistas en Mosc\u00fa y el Premio Rey de Espa\u00f1a a la Mejor Fotograf\u00eda Noticiosa Internacional, entre otros.<\/p>\n<p>Ha realizado m\u00e1s de 370 exposiciones en M\u00e9xico, Rusia, Argentina, Inglaterra, Canad\u00e1, Estados Unidos, Cuba, Espa\u00f1a, Francia, Italia, Alemania, B\u00e9lgica, Venezuela, Ecuador, Guatemala y Costa Rica.<\/p>\n<p>El Homenaje Nacional de Periodismo Cultural Fernando Ben\u00edtez fue instituido por la FIL Guadalajara en 1992 para reconocer al autor de Los indios de M\u00e9xico, y desde entonces ha celebrado la solidez de las obras y las trayectorias de grandes figuras del periodismo de nuestro pa\u00eds.<\/p>\n<p>El veredicto es responsabilidad de un comit\u00e9 integrado por algunos homenajeados en a\u00f1os anteriores, as\u00ed como por destacados periodistas culturales en activo.<\/p>\n<\/div>\n<\/div>\n","protected":false},"excerpt":{"rendered":"<p>Homenaje Nacional de Periodismo Cultural a Pedro Valtierra en la FIL de Guadalajara Pedro Valtierra es el cuarto fot\u00f3grafo reconocido con el Fernando Ben\u00edtez, despu\u00e9s de H\u00e9ctor Garc\u00eda, Rogelio Cu\u00e9llar y Graciela Iturbide. En la imagen, que fue captada el 3 de enero de 1998 por el fundador de La Jornada, una mujer tsotsil increpa [&hellip;]<\/p>\n","protected":false},"author":249,"featured_media":29231,"comment_status":"open","ping_status":"closed","sticky":false,"template":"","format":"standard","meta":{"footnotes":""},"categories":[26],"tags":[],"class_list":["post-29230","post","type-post","status-publish","format-standard","has-post-thumbnail","hentry","category-mundo"],"_links":{"self":[{"href":"https:\/\/eloficiodehistoriar.com.mx\/index.php?rest_route=\/wp\/v2\/posts\/29230","targetHints":{"allow":["GET"]}}],"collection":[{"href":"https:\/\/eloficiodehistoriar.com.mx\/index.php?rest_route=\/wp\/v2\/posts"}],"about":[{"href":"https:\/\/eloficiodehistoriar.com.mx\/index.php?rest_route=\/wp\/v2\/types\/post"}],"author":[{"embeddable":true,"href":"https:\/\/eloficiodehistoriar.com.mx\/index.php?rest_route=\/wp\/v2\/users\/249"}],"replies":[{"embeddable":true,"href":"https:\/\/eloficiodehistoriar.com.mx\/index.php?rest_route=%2Fwp%2Fv2%2Fcomments&post=29230"}],"version-history":[{"count":1,"href":"https:\/\/eloficiodehistoriar.com.mx\/index.php?rest_route=\/wp\/v2\/posts\/29230\/revisions"}],"predecessor-version":[{"id":29232,"href":"https:\/\/eloficiodehistoriar.com.mx\/index.php?rest_route=\/wp\/v2\/posts\/29230\/revisions\/29232"}],"wp:featuredmedia":[{"embeddable":true,"href":"https:\/\/eloficiodehistoriar.com.mx\/index.php?rest_route=\/wp\/v2\/media\/29231"}],"wp:attachment":[{"href":"https:\/\/eloficiodehistoriar.com.mx\/index.php?rest_route=%2Fwp%2Fv2%2Fmedia&parent=29230"}],"wp:term":[{"taxonomy":"category","embeddable":true,"href":"https:\/\/eloficiodehistoriar.com.mx\/index.php?rest_route=%2Fwp%2Fv2%2Fcategories&post=29230"},{"taxonomy":"post_tag","embeddable":true,"href":"https:\/\/eloficiodehistoriar.com.mx\/index.php?rest_route=%2Fwp%2Fv2%2Ftags&post=29230"}],"curies":[{"name":"wp","href":"https:\/\/api.w.org\/{rel}","templated":true}]}}