{"id":29233,"date":"2022-09-10T12:23:59","date_gmt":"2022-09-10T18:23:59","guid":{"rendered":"https:\/\/eloficiodehistoriar.com.mx\/?p=29233"},"modified":"2022-09-10T12:23:59","modified_gmt":"2022-09-10T18:23:59","slug":"en-la-casa-origen-de-marginacion-y-violencia-contra-mujere","status":"publish","type":"post","link":"https:\/\/eloficiodehistoriar.com.mx\/?p=29233","title":{"rendered":"En la casa, origen de marginaci\u00f3n y violencia contra mujere"},"content":{"rendered":"<div>\n<h1 class=\"title\">En la casa, origen de marginaci\u00f3n y violencia contra mujeres: investigadora UNAM<\/h1>\n<\/div>\n<h3 class=\"subtitle\">Rol de cuidadoras permitido por familias provoca exclusi\u00f3n y subordinaci\u00f3n, dice investigadora UNAM<\/h3>\n<div class=\"lead-gallery \">\n<div class=\"teaser  owl-carousel owl-theme\">\n<div class=\"owl-wrapper-outer\">\n<div class=\"owl-wrapper\">\n<div class=\"owl-item\">\n<div class=\"img-container picture\">\n<div id=\"standard_1\" class=\"st-placement standard_1 inImage\">\n<div class=\"st-adunit st-adunit-tagged st-reset st-show\">\n<div class=\"st-adunit-ad st-reset\">\n<div class=\"st-display-render st-reset\">\n<div class=\"st-reset\">\n<div class=\"important-styled st-canvas-container open Leaderboard display-standard fssquz2\">\n<div class=\"important-styled st-canvas-el fhxwyqa\">\n<div class=\"important-styled st-canvas-container undefined fssquz2\">\n<div class=\"important-styled st-canvas-el f109lpwv\">\n<div class=\"important-styled st-canvas-container undefined fssquz2\">\n<div class=\"important-styled st-canvas-el fhxwyqa\">\n<div class=\"important-styled f1m7i34m\">\n<div class=\"important-styled display-render-wrapper f1m7i34m\">En M\u00e9xico lo dom\u00e9stico est\u00e1 feminizado y a las mujeres se les explota m\u00e1s horas, respecto a los hombres<\/div>\n<\/div>\n<\/div>\n<\/div>\n<\/div>\n<\/div>\n<\/div>\n<\/div>\n<\/div>\n<\/div>\n<\/div>\n<\/div>\n<\/div>\n<\/div>\n<\/div>\n<\/div>\n<\/div>\n<\/div>\n<\/div>\n<div id=\"affix-share\" class=\"sharing-menu no-affix\">\n<ul>\n<li>Maribel S\u00e1nchez<\/li>\n<li>Diario de Xalapa<\/li>\n<\/ul>\n<\/div>\n<div class=\"content-body clearfix \">\n<div id=\"content-body-225-8869740\">\n<p>En 2022,\u00a0<b>la casa, lo dom\u00e9stico y el rol de cuidadoras<\/b>\u00a0siguen siendo los principales factores que mantienen a las mujeres en estado de\u00a0<b>subordinaci\u00f3n y marginaci\u00f3n,\u00a0<\/b>afirma\u00a0<i>Pilar Vel\u00e1zquez Lacoste, investigadora de la Universidad Nacional Aut\u00f3noma de M\u00e9xico.<\/i><\/p>\n<p>\u201cEs en\u00a0<b>la casa donde se construyen una serie de identidades\u00a0<\/b>y mensajes anclados en la marginalidad,\u00a0<b>subordinaci\u00f3n, exclusi\u00f3n sistem\u00e1tica, simb\u00f3lica y real<\/b>\u201d, expres\u00f3 la soci\u00f3loga en la Feria Internacional del Libro Universitario.<\/p>\n<\/div>\n<\/div>\n<div class=\"advertisment \"><\/div>\n<article class=\"content-continued-body clearfix \">\n<div id=\"content-body-5851641-8869740\">\n<ul>\n<li><\/li>\n<\/ul>\n<p>En su participaci\u00f3n en el foro acad\u00e9mico \u201cTiempos de Cambio: movimientos sociales, democracia y pol\u00edticas p\u00fablicas\u201d sostuvo que si bien es en la casa donde surgen estas desigualdades, despu\u00e9s\u00a0<b>son consensuadas por la sociedad y legitimadas\u00a0<\/b>por el imaginario social dominante que apunta a que<b>\u00a0\u201cas\u00ed debe de ser\u201d.<\/b><\/p>\n<div class=\"teads-adCall\"><\/div>\n<h2><b>Familias deben hacer conciencia de problema<\/b><\/h2>\n<article class=\"local\nmedia col-md-4 inline-story \"><\/p>\n<div class=\"teaser \">\n<h4 class=\"title \">La acad\u00e9mica opina que <b>no habr\u00e1 avance en esta problem\u00e1tica si no se hace conciencia de que es en la familia donde est\u00e1n los or\u00edgenes de la violencia,<\/b>\u00a0una de las m\u00e1s cruentas de la que M\u00e9xico da cuenta cotidianamente y que va en aumento.<\/h4>\n<\/div>\n<\/article>\n<p><i>Y es que se\u00f1ala que en las familias hay una serie de rituales donde constantemente se dice que todas y todos somos diferentes, jugamos unos papeles diferentes y que as\u00ed debe ser aun cuando una mujer trabaje muchas m\u00e1s horas que las que su condici\u00f3n le permite.<\/i><\/p>\n<p>La especialista considera que\u00a0<b>lo que sucede en la privacidad de la casa sigue siendo uno de los obst\u00e1culos,<\/b>\u00a0retos y desaf\u00edos a entender para poder enfrentar y comprender casi la totalidad de los problemas que viven las ni\u00f1as y mujeres en los dem\u00e1s espacios.<\/p>\n<p><i><b>Lamenta que en pleno siglo XXI se siga pensando a las mujeres estrictamente vinculadas con la domesticidad y no con el \u00e1mbito pol\u00edtico, p\u00fablico, laboral, acad\u00e9mico, deportivo o cient\u00edfico.<\/b><\/i><\/p>\n<p>Es en este lugar, enfatiza, donde se perpet\u00faa una l\u00f3gica tradicional que no va aparejada con los principios de la modernidad:<b>\u00a0justicia, autonom\u00eda y libertad.<\/b><\/p>\n<p><b>Lo dom\u00e9stico en M\u00e9xico<\/b>,<b>\u00a0<\/b>se\u00f1ala,<b>\u00a0est\u00e1 radicalmente feminizado<\/b>\u00a0y totalmente diferenciado en raz\u00f3n de las horas que dedican las mujeres a los quehaceres del hogar a diferencia de lo que dedican los hombres.<\/p>\n<ul>\n<li><b>Vuelve a leer:\u00a0<a href=\"https:\/\/www.diariodexalapa.com.mx\/local\/caso-viridiana-cual-fue-el-resultado-del-peritaje-al-cadaver-de-viridiana-moreno-8783835.html\" target=\"_blank\" rel=\"Follow noopener\">Caso Viridiana: \u201cS\u00ed son los restos de nuestra hija\u201d, confirman padre y madre<\/a><\/b><\/li>\n<\/ul>\n<p><b>De acuerdo con sus reflexiones, los varones s\u00ed saben que detentan una identidad y una subjetividad distinta a quienes ah\u00ed juegan o desempe\u00f1an el papel de mujeres.<\/b><\/p>\n<p>Piensa que igual que suced\u00eda en el siglo XIX, ahora muchas mujeres siguen como \u00e1ngeles del hogar, reinas del hogar, esposas y madres, y no son entendidas de manera individual ni como ciudadanas ni como trabajadoras.<\/p>\n<p><i>Reitera que es en la casa donde se construyen ideas que llevan a los problemas que prevalecen: el feminicidio, el acoso sexual y laboral, y las distintas expresiones que existen hoy en raz\u00f3n de desigualdad de g\u00e9nero.<\/i><\/p>\n<h2><b>\u00bfCu\u00e1l es la soluci\u00f3n a la violencia dom\u00e9stica?<\/b><\/h2>\n<p><i>La integrante del Centro de Investigaciones y Estudios de G\u00e9nero- UNAM cree que para empezar a cambiar las din\u00e1micas los varones deben comenzar por asumir una responsabilidad por convivir en una misma esfera.<\/i><\/p>\n<article class=\"local\nmedia col-md-4 inline-story \"><\/p>\n<div class=\"teaser \">\n<h4 class=\"title \">Indica que en este proceso<b>\u00a0no ayuda ver a las mujeres como v\u00edctimas hist\u00f3ricas de los hombres que no apoyan en nada\u00a0<\/b>sino m\u00e1s bien\u00a0<i>pensar en t\u00e9rminos complejos en que varones y mujeres son responsables de los actos, pensamientos y actitudes que hay en un espacio de interacci\u00f3n.<\/i><\/h4>\n<\/div>\n<\/article>\n<p>Menciona que a todas las personas que conviven en un mismo lugar les compete impulsar cambios, desde cooperar en el trabajo dom\u00e9stico hasta hacer autocr\u00edtica.<\/p>\n<p><b>\u201cLa finalidad es ver qu\u00e9 puedo hacer yo (hombre o mujer) para mi pleno desarrollo de la identidad, la libertad, el uso del tiempo y mi cuidado que no solo me favorezca a m\u00ed sino a todas las personas con las que convivo\u201d.<\/b><\/p>\n<p><i>Apunta que de ninguna manera significa pensar desde una l\u00f3gica donde hay un bando de hombres contra mujeres o viceversa, sino pensar en t\u00e9rminos de que estamos en una cultura donde sus c\u00f3digos nos mantienen en desigualdad y aun as\u00ed los incorporamos y asumimos, pero son susceptibles de modificaci\u00f3n y transformaci\u00f3n colectiva.<\/i><\/p>\n<\/div>\n<\/article>\n","protected":false},"excerpt":{"rendered":"<p>En la casa, origen de marginaci\u00f3n y violencia contra mujeres: investigadora UNAM Rol de cuidadoras permitido por familias provoca exclusi\u00f3n y subordinaci\u00f3n, dice investigadora UNAM En M\u00e9xico lo dom\u00e9stico est\u00e1 feminizado y a las mujeres se les explota m\u00e1s horas, respecto a los hombres Maribel S\u00e1nchez Diario de Xalapa En 2022,\u00a0la casa, lo dom\u00e9stico y [&hellip;]<\/p>\n","protected":false},"author":249,"featured_media":29234,"comment_status":"open","ping_status":"closed","sticky":false,"template":"","format":"standard","meta":{"footnotes":""},"categories":[26],"tags":[],"class_list":["post-29233","post","type-post","status-publish","format-standard","has-post-thumbnail","hentry","category-mundo"],"_links":{"self":[{"href":"https:\/\/eloficiodehistoriar.com.mx\/index.php?rest_route=\/wp\/v2\/posts\/29233","targetHints":{"allow":["GET"]}}],"collection":[{"href":"https:\/\/eloficiodehistoriar.com.mx\/index.php?rest_route=\/wp\/v2\/posts"}],"about":[{"href":"https:\/\/eloficiodehistoriar.com.mx\/index.php?rest_route=\/wp\/v2\/types\/post"}],"author":[{"embeddable":true,"href":"https:\/\/eloficiodehistoriar.com.mx\/index.php?rest_route=\/wp\/v2\/users\/249"}],"replies":[{"embeddable":true,"href":"https:\/\/eloficiodehistoriar.com.mx\/index.php?rest_route=%2Fwp%2Fv2%2Fcomments&post=29233"}],"version-history":[{"count":1,"href":"https:\/\/eloficiodehistoriar.com.mx\/index.php?rest_route=\/wp\/v2\/posts\/29233\/revisions"}],"predecessor-version":[{"id":29235,"href":"https:\/\/eloficiodehistoriar.com.mx\/index.php?rest_route=\/wp\/v2\/posts\/29233\/revisions\/29235"}],"wp:featuredmedia":[{"embeddable":true,"href":"https:\/\/eloficiodehistoriar.com.mx\/index.php?rest_route=\/wp\/v2\/media\/29234"}],"wp:attachment":[{"href":"https:\/\/eloficiodehistoriar.com.mx\/index.php?rest_route=%2Fwp%2Fv2%2Fmedia&parent=29233"}],"wp:term":[{"taxonomy":"category","embeddable":true,"href":"https:\/\/eloficiodehistoriar.com.mx\/index.php?rest_route=%2Fwp%2Fv2%2Fcategories&post=29233"},{"taxonomy":"post_tag","embeddable":true,"href":"https:\/\/eloficiodehistoriar.com.mx\/index.php?rest_route=%2Fwp%2Fv2%2Ftags&post=29233"}],"curies":[{"name":"wp","href":"https:\/\/api.w.org\/{rel}","templated":true}]}}