{"id":29240,"date":"2022-09-11T11:45:59","date_gmt":"2022-09-11T17:45:59","guid":{"rendered":"https:\/\/eloficiodehistoriar.com.mx\/?p=29240"},"modified":"2022-09-11T11:45:59","modified_gmt":"2022-09-11T17:45:59","slug":"entre-la-noche-y-el-dia-hay-un-territorio-que-no-es-luz-ni-sombra-es-tiempo","status":"publish","type":"post","link":"https:\/\/eloficiodehistoriar.com.mx\/?p=29240","title":{"rendered":"Entre la noche y el d\u00eda \/ hay un territorio \/ que no es luz \/ ni sombra \/ es tiempo."},"content":{"rendered":"<div class=\"cabeza\">\u00d3yeme como quien oye llover<\/div>\n<div class=\"sumarios\"><\/div>\n<div class=\"credito-articulo\">Jos\u00e9 Cueli<\/div>\n<div><\/div>\n<div id=\"article-text\" class=\"text\">\n<div class=\"col\">\n<div class=\"inicial\">Entre prisiones preventivas, la\u00a0lucha por la futura presidencia, Ayotzinapa\u2026 me hago preguntas,\u00a0<q>oyendo como quien oye llover<\/q>, a Octavio Paz.<\/div>\n<p><q>Entre la noche y el d\u00eda \/ hay un territorio \/ que no es luz \/ ni sombra \/ es tiempo.<\/q><\/p>\n<p>Octavio Paz expresa con brillantez la significaci\u00f3n m\u00e1gica del lenguaje. Lenguaje que rompe las reglas convencionales y las palabras pierden la representaci\u00f3n l\u00f3gica y adquieren otra, aparentemente l\u00f3gica, pero m\u00e1s l\u00f3gica, rodeada de aura m\u00e1gica, palabras canibal\u00edsticas, cuyo eco se abre el espacio iluminado que eleva al lector del plano habitual a una atm\u00f3sfera encantada.<\/p>\n<p>Grandeza encantada en una palabra interna, latente, que est\u00e1 debajo de la palabra que la designa e integra. Palabra que descubren el poeta y el sicoanalista. A pesar de que los encuadres son diferentes, lo mismo que ritmos y melod\u00edas.<\/p>\n<p>Qu\u00e9 bien lo capta Octavio Paz cuando dice: \u201cHablarte con palabras visibles y palpables, con peso, sabor y olor. Mientras digo las cosas imperceptiblemente se desprenden de s\u00ed mismas, se fugan a otras formas, a otros nombres. Me quedan palabras, con ellas hablo. Las palabras son puentes, pero tambi\u00e9n trampas, jaulas, pozos.<\/p>\n<p><q>Yo te hablo: t\u00fa no me oyes. No hablo contigo, hablo con una palabra. La palabra eres t\u00fa y te lleva de ti misma a ti misma.<\/q><\/p>\n<p>Octavio Paz recrea el verbo creado y creador, la palabra reci\u00e9n nacida. La precisi\u00f3n no consiste en nombrar las cosas, sino en alejarse de ellas. El vocabulario es infinito, porque el sicoan\u00e1lisis no cree en la certeza, sino en las probabilidades. La melod\u00eda est\u00e1 dada por la distancia que hay de lo que vemos a lo que imaginamos. El valor est\u00e1 en raz\u00f3n del alejamiento del lenguaje que habla. Es decir, el poeta trata de expresar lo inexpresable.<\/p>\n<p>Oigamos a nuestro poeta:\u00a0<q>El amor comienza en el cuerpo. \u00bfD\u00f3nde termina? Si es fantasma, encarna en un cuerpo; si es cuerpo, al tocarlo se disipa. Fatal espejo: la imagen deseada se desvanece, te ahoga en tu propio reflejo, fest\u00edn de espectros<\/q>.<\/p>\n<p>La poes\u00eda de Octavio Paz es poder m\u00e1gico de la palabra. Ley del hombre regida adentro, otros tiempos y espacios, que parten y convergen a un centro de irresistible atracci\u00f3n, ideas y acciones.<\/p>\n<p>Lenguaje oculto en el fondo de las cosas, cuyo efecto es la creatividad, el parto, el orgasmo femenino. Acariciados en el primer dolor y el primer espasmo que oye las palabras secretas que se dicen unas a otras distancias desconocidas:\u00a0<q>Tal vez amar es aprender a caminar por este mundo, aprender a quedarnos quietos. Aprender a mirar. Tu mirada es sembradora. Planto un \u00e1rbol. Yo hablo porque t\u00fa meces los follajes<\/q>.<\/p>\n<p>Me recuerda ese canto la sintaxis de la palabra integradora; el desamparo original. Y, a tono con el tiempo:\u00a0<q>\u00d3yeme como quien oye llover&#8230; ni atenta ni distra\u00edda&#8230; pasos leves&#8230; llovizna&#8230;<\/q><\/p>\n<\/div>\n<\/div>\n","protected":false},"excerpt":{"rendered":"<p>\u00d3yeme como quien oye llover Jos\u00e9 Cueli Entre prisiones preventivas, la\u00a0lucha por la futura presidencia, Ayotzinapa\u2026 me hago preguntas,\u00a0oyendo como quien oye llover, a Octavio Paz. Entre la noche y el d\u00eda \/ hay un territorio \/ que no es luz \/ ni sombra \/ es tiempo. Octavio Paz expresa con brillantez la significaci\u00f3n m\u00e1gica [&hellip;]<\/p>\n","protected":false},"author":249,"featured_media":29241,"comment_status":"open","ping_status":"closed","sticky":false,"template":"","format":"standard","meta":{"footnotes":""},"categories":[26],"tags":[],"class_list":["post-29240","post","type-post","status-publish","format-standard","has-post-thumbnail","hentry","category-mundo"],"_links":{"self":[{"href":"https:\/\/eloficiodehistoriar.com.mx\/index.php?rest_route=\/wp\/v2\/posts\/29240","targetHints":{"allow":["GET"]}}],"collection":[{"href":"https:\/\/eloficiodehistoriar.com.mx\/index.php?rest_route=\/wp\/v2\/posts"}],"about":[{"href":"https:\/\/eloficiodehistoriar.com.mx\/index.php?rest_route=\/wp\/v2\/types\/post"}],"author":[{"embeddable":true,"href":"https:\/\/eloficiodehistoriar.com.mx\/index.php?rest_route=\/wp\/v2\/users\/249"}],"replies":[{"embeddable":true,"href":"https:\/\/eloficiodehistoriar.com.mx\/index.php?rest_route=%2Fwp%2Fv2%2Fcomments&post=29240"}],"version-history":[{"count":1,"href":"https:\/\/eloficiodehistoriar.com.mx\/index.php?rest_route=\/wp\/v2\/posts\/29240\/revisions"}],"predecessor-version":[{"id":29242,"href":"https:\/\/eloficiodehistoriar.com.mx\/index.php?rest_route=\/wp\/v2\/posts\/29240\/revisions\/29242"}],"wp:featuredmedia":[{"embeddable":true,"href":"https:\/\/eloficiodehistoriar.com.mx\/index.php?rest_route=\/wp\/v2\/media\/29241"}],"wp:attachment":[{"href":"https:\/\/eloficiodehistoriar.com.mx\/index.php?rest_route=%2Fwp%2Fv2%2Fmedia&parent=29240"}],"wp:term":[{"taxonomy":"category","embeddable":true,"href":"https:\/\/eloficiodehistoriar.com.mx\/index.php?rest_route=%2Fwp%2Fv2%2Fcategories&post=29240"},{"taxonomy":"post_tag","embeddable":true,"href":"https:\/\/eloficiodehistoriar.com.mx\/index.php?rest_route=%2Fwp%2Fv2%2Ftags&post=29240"}],"curies":[{"name":"wp","href":"https:\/\/api.w.org\/{rel}","templated":true}]}}