{"id":29263,"date":"2022-09-12T13:02:30","date_gmt":"2022-09-12T19:02:30","guid":{"rendered":"https:\/\/eloficiodehistoriar.com.mx\/?p=29263"},"modified":"2022-09-12T13:02:30","modified_gmt":"2022-09-12T19:02:30","slug":"la-detencion-del-felon-estelar-de-la-masacre-de-ayotzinapa-y-la-jaula-de-oro-para-la-primera-actriz","status":"publish","type":"post","link":"https:\/\/eloficiodehistoriar.com.mx\/?p=29263","title":{"rendered":"La detenci\u00f3n del fel\u00f3n estelar de la masacre de Ayotzinapa y la jaula de oro para la primera actriz"},"content":{"rendered":"<h1 class=\"ljs-merri\">Tomar la palabra<\/h1>\n<p><span class=\"sem-autor\">Agust\u00edn Ramos<\/span><\/p>\n<div id=\"carouselSemControls\" class=\"carousel slide\" data-ride=\"carousel\">\n<div class=\"carousel-inner\">\n<div class=\"carousel-item active\">\n<div class=\"ljs-nota-img\">\n<p class=\"ljs-nota-pie\">Familiares y amigos de los 43 normalistas desparecidos de Ayotzinapa marcharon del \u00c1ngel de la Independencia al Hemiciclo a Ju\u00e1rez, en la Ciudad de M\u00e9xico, el 26 de agosto de 2022.<\/p>\n<\/div>\n<\/div>\n<\/div>\n<\/div>\n<div class=\"ljs-nota-descripcion\">Bajo el signo de Marte<\/div>\n<div class=\"ljs-nota-cuerpo\">\n<p>La detenci\u00f3n del fel\u00f3n estelar de la masacre de Ayotzinapa, en conjunci\u00f3n con el otorgamiento de una jaula de oro para la primera actriz de la Estafa Maestra, ejerce influencias favorables para la impunidad y representa un signo nefasto para la justicia. El aspecto empeora cuando se agrega a tal alineaci\u00f3n la entrada de la Suprema Corte intentando eliminar la prisi\u00f3n preventiva oficiosa. En paralelo, abarcando todo el espectro de la buena y la mala fe, el traslado de la Guardia Nacional (GN) al Ej\u00e9rcito propicia toda suerte de augurios.<\/p>\n<p>&nbsp;<\/p>\n<p><strong>* * *<\/strong><\/p>\n<p>Cuando la partidocracia y los poderes f\u00e1cticos ten\u00edan la sart\u00e9n por el mango, propugnaban aumentar las funciones\u00a0<i>militares<\/i>\u00a0de las fuerzas armadas para perpetuarse en el gobierno aun contra la voluntad mayoritaria. Pero cuando el cartel electoral no tuvo de otra que reconocer como presidente constitucional a AMLO, \u00e9ste no restringi\u00f3 las funciones de las fuerzas armadas a la seguridad p\u00fablica sino que las extendi\u00f3 a otros \u00e1mbitos\u00a0<i>civiles<\/i>. As\u00ed, mientras la derecha quer\u00eda aumentar las funciones\u00a0<i>militares<\/i>\u00a0de las fuerzas armadas, el gobierno federal presente les aument\u00f3 sus funciones\u00a0<i>civiles<\/i>. Esta clara diferencia de prop\u00f3sitos, empero, no les basta a quienes, por impostura o por convicci\u00f3n, alertan sobre la militarizaci\u00f3n y sus consiguientes riesgos.<\/p>\n<p>&nbsp;<\/p>\n<p><strong>* * *<\/strong><\/p>\n<p>Lo primero que sobresale es la consigna presente en el espectro radiof\u00f3nico y televisivo de la derecha, que ayer editorializaba hasta con las cejas y hoy es adem\u00e1s un vertedero de mentiras casi qu\u00edmicamente puras; en el vociferar de las y los legisladores Mcprianistas y, desde luego, en la propaganda un\u00e1nime de la prensa escrita y de las \u00e9lites acad\u00e9micas. Sobresale porque es voluminosa, es decir estridente, hip\u00f3crita y masiva. Y su mejor s\u00edntesis es la frase sibilina de Luis Carlos Ugalde: \u201cMilitarizaci\u00f3n, victoria pasajera\u201d, que por un lado contiene la amenaza de otro \u201chaiga sido como haiga sido\u201d para el futuro y, por otro, omite la g\u00e9nesis, el desarrollo y el m\u00f3vil que sac\u00f3 de los cuarteles a los militares: la urgencia de legitimidad tras el fraude electoral de 2006.<\/p>\n<p>&nbsp;<\/p>\n<p><strong>* * *<\/strong><\/p>\n<p>Hay quienes, pese a apoyar al gobierno de AMLO, critican severamente el traslado de la GN al mando militar. En mi opini\u00f3n, sus voces representan el \u201cpesimismo de la raz\u00f3n\u201d que puede \u2013y debe\u2013 complementarse con el \u201coptimismo de la voluntad\u201d expresado sin fines de publicaci\u00f3n por el poeta Javier Contreras Villase\u00f1or, quien pone en su dimensi\u00f3n justa el triunfo electoral de L\u00f3pez Obrador, tomando en cuenta que los poderes del capitalismo delincuencial a\u00fan conservan la fuerza en la que \u00e9ste basa su l\u00f3gica de terror y explotaci\u00f3n. El poeta expone las limitaciones de la GN, en tanto fuerzas armadas que no son pueblo en armas; as\u00ed mismo, califica la actual situaci\u00f3n de \u201cpeligros\u00edsima en sus potenciales derivaciones\u201d, pues la articulaci\u00f3n de la GN al ej\u00e9rcito sucede a falta de un desplazamiento a favor de \u201clas l\u00f3gicas sociales populares\u201d. Su luminosa reflexi\u00f3n concluye as\u00ed: \u201cCreo que la tarea nuestra, abajo y a la izquierda, es construir la articulaci\u00f3n pol\u00edtica de los sujetos sociales que produzca ese desplazamiento necesario.\u201d<\/p>\n<p>&nbsp;<\/p>\n<p><strong>* * *<\/strong><\/p>\n<p>Todo prop\u00f3sito pol\u00edtico parece ben\u00e9fico o perjudicial seg\u00fan los intereses y el discurso de las clases que lo proponen o se le oponen. Am\u00e9n de ello, es un hecho incontrovertible que el actual gobierno parti\u00f3 de una cat\u00e1strofe en salud, econom\u00eda, educaci\u00f3n, seguridad\u2026 Lo ideal ser\u00eda no militarizar los \u00e1mbitos civiles sino civilizar los \u00e1mbitos militares \u2013con milicias populares, por ejemplo\u2013, pero una victoria electoral, aun siendo tan grande como la de 2018, no es suficiente.<\/p>\n<\/div>\n","protected":false},"excerpt":{"rendered":"<p>Tomar la palabra Agust\u00edn Ramos Familiares y amigos de los 43 normalistas desparecidos de Ayotzinapa marcharon del \u00c1ngel de la Independencia al Hemiciclo a Ju\u00e1rez, en la Ciudad de M\u00e9xico, el 26 de agosto de 2022. Bajo el signo de Marte La detenci\u00f3n del fel\u00f3n estelar de la masacre de Ayotzinapa, en conjunci\u00f3n con el [&hellip;]<\/p>\n","protected":false},"author":249,"featured_media":29264,"comment_status":"open","ping_status":"closed","sticky":false,"template":"","format":"standard","meta":{"footnotes":""},"categories":[26],"tags":[],"class_list":["post-29263","post","type-post","status-publish","format-standard","has-post-thumbnail","hentry","category-mundo"],"_links":{"self":[{"href":"https:\/\/eloficiodehistoriar.com.mx\/index.php?rest_route=\/wp\/v2\/posts\/29263","targetHints":{"allow":["GET"]}}],"collection":[{"href":"https:\/\/eloficiodehistoriar.com.mx\/index.php?rest_route=\/wp\/v2\/posts"}],"about":[{"href":"https:\/\/eloficiodehistoriar.com.mx\/index.php?rest_route=\/wp\/v2\/types\/post"}],"author":[{"embeddable":true,"href":"https:\/\/eloficiodehistoriar.com.mx\/index.php?rest_route=\/wp\/v2\/users\/249"}],"replies":[{"embeddable":true,"href":"https:\/\/eloficiodehistoriar.com.mx\/index.php?rest_route=%2Fwp%2Fv2%2Fcomments&post=29263"}],"version-history":[{"count":1,"href":"https:\/\/eloficiodehistoriar.com.mx\/index.php?rest_route=\/wp\/v2\/posts\/29263\/revisions"}],"predecessor-version":[{"id":29265,"href":"https:\/\/eloficiodehistoriar.com.mx\/index.php?rest_route=\/wp\/v2\/posts\/29263\/revisions\/29265"}],"wp:featuredmedia":[{"embeddable":true,"href":"https:\/\/eloficiodehistoriar.com.mx\/index.php?rest_route=\/wp\/v2\/media\/29264"}],"wp:attachment":[{"href":"https:\/\/eloficiodehistoriar.com.mx\/index.php?rest_route=%2Fwp%2Fv2%2Fmedia&parent=29263"}],"wp:term":[{"taxonomy":"category","embeddable":true,"href":"https:\/\/eloficiodehistoriar.com.mx\/index.php?rest_route=%2Fwp%2Fv2%2Fcategories&post=29263"},{"taxonomy":"post_tag","embeddable":true,"href":"https:\/\/eloficiodehistoriar.com.mx\/index.php?rest_route=%2Fwp%2Fv2%2Ftags&post=29263"}],"curies":[{"name":"wp","href":"https:\/\/api.w.org\/{rel}","templated":true}]}}