{"id":29266,"date":"2022-09-12T13:09:11","date_gmt":"2022-09-12T19:09:11","guid":{"rendered":"https:\/\/eloficiodehistoriar.com.mx\/?p=29266"},"modified":"2022-09-12T13:09:11","modified_gmt":"2022-09-12T19:09:11","slug":"italo-calvino-y-giulio-einaudi-dueno-de-una-editorial-quien-contacto-a-antonio-gramsci-y-cesare-pavese","status":"publish","type":"post","link":"https:\/\/eloficiodehistoriar.com.mx\/?p=29266","title":{"rendered":"Italo Calvino y Giulio Einaudi due\u00f1o de una editorial qui\u00e9n contacto a Antonio Gramsci y Cesare Pavese"},"content":{"rendered":"<h1 class=\"ljs-merri\">Bemol sostenido<\/h1>\n<p><span class=\"sem-autor\">Alonso Arreola <\/span><\/p>\n<div id=\"carouselSemControls\" class=\"carousel slide\" data-ride=\"carousel\">\n<div class=\"carousel-inner\">\n<div class=\"carousel-item active\">\n<div class=\"ljs-nota-img\">\n<p class=\"ljs-nota-pie\">La primera vez que le\u00edmos el apellido Einaudi fue gracias al escritor Italo Calvino, cuya obra adoramos. As\u00ed es. Giulio Einaudi fue el due\u00f1o de una editorial hom\u00f3nima fundada en Tur\u00edn a inicios de los a\u00f1os treinta, cuando apenas ten\u00eda veinti\u00fan a\u00f1os de edad. All\u00ed entr\u00f3 en contacto con plumas relevantes e inc\u00f3modas para la dictadura de Mussolini. Adem\u00e1s de Calvino, lo frecuentaban Antonio Gramsci y Cesare Pavese, verbigracia.<\/p>\n<\/div>\n<\/div>\n<\/div>\n<\/div>\n<div class=\"ljs-nota-cuerpo\">\n<p>Por la difusi\u00f3n de ideas ligadas a la resistencia antifascista, como era de esperarse, el joven Giulio fue arrestado y enviado al extranjero. La historia, empero, le ten\u00eda reservado un sitio relevante en la intelectualidad italiana. Tras volver y editar numerosos t\u00edtulos, se asoci\u00f3 con la casa Gallimard (responsable de la m\u00edtica Biblioteca de la Pl\u00e9iade) y m\u00e1s tarde, ya convertido en leyenda editorial, vendi\u00f3 su compa\u00f1\u00eda a Mondadori.<\/p>\n<p>Su padre, Luigi, fue el segundo presidente de la Rep\u00fablica Italiana (1948-1955) y su hijo Ludovico, varias d\u00e9cadas despu\u00e9s, se convertir\u00eda en el notabil\u00edsimo m\u00fasico que deseamos recomendarle hoy, lectora, lector. O sea que hablamos de un apellido que ha dejado huella en la pol\u00edtica, el pensamiento y las artes no s\u00f3lo de Italia y Europa sino del orbe entero. Un apellido de tribuna, papel y sonidos relevantes.<\/p>\n<p>Dicho esto, a Ludovico Einaudi (1955) lo conocimos gracias a la fuerza de los algoritmos. Tiempo hace que la inteligencia artificial conoce nuestro gusto por obras ligadas a lenguajes cinematogr\u00e1ficos, minimalistas e introspectivos. Digamos que tuvieron raz\u00f3n sus asociaciones y par\u00e1metros est\u00e9ticos (si es que se puede decir algo as\u00ed). El trabajo del compositor turin\u00e9s se acerca a las secuencias seriales que brincan de los pianos de Michael Nyman, Philip Glass y Wim Mertens; a la reflexi\u00f3n melanc\u00f3lica que derraman las cuerdas de Arvo P\u00e4rt; a la experimentaci\u00f3n t\u00edmbrica de Terry Railey, John Adams y Steve Reich, quienes no temen acercarse a la electr\u00f3nica o el rock.<\/p>\n<p>Su m\u00fasica responde, asimismo, al estado inconcreto, flexible, de Erik Satie, m\u00e1ximo pionero del impresionismo y a quien tantos pasajes conmovedores deben los autores citados. Sin embargo, y en comparaci\u00f3n, es verdad: probablemente Ludovico Einaudi responde con mayor facilidad a estereotipos cinematogr\u00e1ficos (ha musicalizado numerosas pel\u00edculas y series de televisi\u00f3n). Incluso as\u00ed, no se debilitan los frutos de una imaginaci\u00f3n aut\u00f3noma. Al contrario. Su cinismo efectista deriva en una efectividad deslumbrante. Escuch\u00e1ndolo nacen visiones de celuloide, algo innegable, pero tambi\u00e9n est\u00edmulos independientes, altamente sinest\u00e9sicos. \u00bfDeseo de volver al \u00fatero? \u00bfMelancol\u00eda del agua primordial? \u00bfIntento de vuelo? \u00bfSue\u00f1o de ingravidez?<\/p>\n<p>Su madre fue pianista igual que \u00e9l. Ello debe ser significativo en tal sutilidad. Pero estudi\u00f3 con el gran Luciano Berio en el Conservatorio de Mil\u00e1n. En sus veintes form\u00f3 la banda de progresivo Venegoni &amp; Co (se puede escuchar en un \u00e1lbum en vivo de 1979). Hoy acumula veinticuatro grabaciones bajo su nombre. Las m\u00e1s recientes son\u00a0<i>Cinema<\/i>\u00a0(2021) y\u00a0<i>Underwater<\/i>\u00a0(2022), escritas durante la Pandemia. Llevamos rato escuch\u00e1ndolas,\u00a0<i>bienheridos<\/i>. Le pedimos que haga lo mismo. Entr\u00e9guele las llaves de su compostura.<\/p>\n<p>Busque tambi\u00e9n su trabajo para grupos de c\u00e1mara y orquestales. Pi\u00e9rdase en los muchos videos que usan su m\u00fasica al subrayar paisajes, insectos y texturas. Sobre todo, por favor, ponga atenci\u00f3n a las presentaciones en vivo con peque\u00f1os grupos de c\u00e1mara. H\u00e1galo con una cobija cerca; con una taza de algo caliente entre las manos. A solas ser\u00e1 mejor. Se desdoblar\u00e1 sintiendo algo de tristeza en el pecho. La esperanza se har\u00e1 peque\u00f1a. Respirando hondo, calibrar\u00e1 m\u00fasculos y tendones. Pensar\u00e1 en quienes se han ido. Luego, cuando termine la audici\u00f3n y decida darle la cara a un nuevo d\u00eda, se sentir\u00e1 mejor. O no. Pero habr\u00e1 verdad en su piel. Buen domingo. Buena semana. Buenos sonidos.<\/p>\n<p>&nbsp;<\/p>\n<\/div>\n","protected":false},"excerpt":{"rendered":"<p>Bemol sostenido Alonso Arreola La primera vez que le\u00edmos el apellido Einaudi fue gracias al escritor Italo Calvino, cuya obra adoramos. As\u00ed es. Giulio Einaudi fue el due\u00f1o de una editorial hom\u00f3nima fundada en Tur\u00edn a inicios de los a\u00f1os treinta, cuando apenas ten\u00eda veinti\u00fan a\u00f1os de edad. All\u00ed entr\u00f3 en contacto con plumas relevantes [&hellip;]<\/p>\n","protected":false},"author":249,"featured_media":29267,"comment_status":"open","ping_status":"closed","sticky":false,"template":"","format":"standard","meta":{"footnotes":""},"categories":[26],"tags":[],"class_list":["post-29266","post","type-post","status-publish","format-standard","has-post-thumbnail","hentry","category-mundo"],"_links":{"self":[{"href":"https:\/\/eloficiodehistoriar.com.mx\/index.php?rest_route=\/wp\/v2\/posts\/29266","targetHints":{"allow":["GET"]}}],"collection":[{"href":"https:\/\/eloficiodehistoriar.com.mx\/index.php?rest_route=\/wp\/v2\/posts"}],"about":[{"href":"https:\/\/eloficiodehistoriar.com.mx\/index.php?rest_route=\/wp\/v2\/types\/post"}],"author":[{"embeddable":true,"href":"https:\/\/eloficiodehistoriar.com.mx\/index.php?rest_route=\/wp\/v2\/users\/249"}],"replies":[{"embeddable":true,"href":"https:\/\/eloficiodehistoriar.com.mx\/index.php?rest_route=%2Fwp%2Fv2%2Fcomments&post=29266"}],"version-history":[{"count":1,"href":"https:\/\/eloficiodehistoriar.com.mx\/index.php?rest_route=\/wp\/v2\/posts\/29266\/revisions"}],"predecessor-version":[{"id":29268,"href":"https:\/\/eloficiodehistoriar.com.mx\/index.php?rest_route=\/wp\/v2\/posts\/29266\/revisions\/29268"}],"wp:featuredmedia":[{"embeddable":true,"href":"https:\/\/eloficiodehistoriar.com.mx\/index.php?rest_route=\/wp\/v2\/media\/29267"}],"wp:attachment":[{"href":"https:\/\/eloficiodehistoriar.com.mx\/index.php?rest_route=%2Fwp%2Fv2%2Fmedia&parent=29266"}],"wp:term":[{"taxonomy":"category","embeddable":true,"href":"https:\/\/eloficiodehistoriar.com.mx\/index.php?rest_route=%2Fwp%2Fv2%2Fcategories&post=29266"},{"taxonomy":"post_tag","embeddable":true,"href":"https:\/\/eloficiodehistoriar.com.mx\/index.php?rest_route=%2Fwp%2Fv2%2Ftags&post=29266"}],"curies":[{"name":"wp","href":"https:\/\/api.w.org\/{rel}","templated":true}]}}