{"id":29269,"date":"2022-09-12T13:17:07","date_gmt":"2022-09-12T19:17:07","guid":{"rendered":"https:\/\/eloficiodehistoriar.com.mx\/?p=29269"},"modified":"2022-09-12T13:17:07","modified_gmt":"2022-09-12T19:17:07","slug":"29269","status":"publish","type":"post","link":"https:\/\/eloficiodehistoriar.com.mx\/?p=29269","title":{"rendered":""},"content":{"rendered":"<div>\n<h1 class=\"title\">Transporte jarocho:<\/h1>\n<h1 class=\"title\">Padre crea cabina en bicicleta para que su hijo no se moje<\/h1>\n<\/div>\n<h3 class=\"subtitle\">La bicicleta de Edwin se adapt\u00f3 para ser un transporte contra la temporada de lluvias<\/h3>\n<div class=\"lead-gallery \">\n<div class=\"teaser  owl-carousel owl-theme\">\n<div class=\"owl-wrapper-outer\">\n<div class=\"owl-wrapper\">\n<div class=\"owl-item\">\n<div class=\"img-container picture\">\n<div id=\"standard_1\" class=\"st-placement standard_1 inImage\">\n<div class=\"st-adunit st-adunit-tagged st-reset st-show\">\n<div class=\"st-adunit-ad st-reset\">\n<div class=\"st-display-render st-reset\">\n<div class=\"st-reset\">\n<div class=\"important-styled st-canvas-container open Billboard_970x250 display-standard fssquz2\">\n<div class=\"important-styled st-canvas-el fhxwyqa\">\n<div class=\"important-styled st-canvas-container undefined fssquz2\">\n<div class=\"important-styled st-canvas-el fafobvh\">\n<div class=\"important-styled st-canvas-container undefined fssquz2\">\n<div class=\"important-styled st-canvas-el f1lqmgqa\">\n<div class=\"important-styled f1aojdez\">\n<div class=\"important-styled display-render-wrapper f1aojdez\">Edwin Garc\u00eda nunca se imagin\u00f3 que uno de sus trabajos de carpinter\u00eda se convertir\u00eda en un fen\u00f3meno viral<\/div>\n<\/div>\n<\/div>\n<\/div>\n<\/div>\n<\/div>\n<\/div>\n<\/div>\n<\/div>\n<\/div>\n<\/div>\n<\/div>\n<\/div>\n<\/div>\n<\/div>\n<\/div>\n<\/div>\n<\/div>\n<\/div>\n<div id=\"affix-share\" class=\"sharing-menu no-affix\">\n<ul>\n<li>Danytza Flores<\/li>\n<li>Diario de Xalapa<\/li>\n<\/ul>\n<\/div>\n<div class=\"content-body clearfix \">\n<div id=\"content-body-225-8876898\">\n<p><b>Veracruz Ver.<\/b>&#8211;<\/p>\n<p>Edwin Garc\u00eda nunca se imagin\u00f3 que uno de sus<b>\u00a0trabajos de carpinter\u00eda\u00a0<\/b>se convertir\u00eda en un fen\u00f3meno viral y menos que fuera una de las creaciones que hizo con el coraz\u00f3n para sorprender a su hijo Jes\u00fas Adri\u00e1n de seis a\u00f1os.<\/p>\n<p>Todo empez\u00f3 cuando se puso manos a la obra para preparar un\u00a0<b>regalo para el peque\u00f1o, con motivo de su ingreso a su primer a\u00f1o de primaria<\/b>, que coincidi\u00f3 con el regreso a clases de manera presencial.<\/p>\n<\/div>\n<\/div>\n<article class=\"content-continued-body clearfix \">\n<div id=\"content-body-5851641-8876898\">\n<div class=\"teads-inread sm-screen\">\n<div id=\"teads0\" class=\"teads-player\">Edwin dice que record\u00f3 que su hijo les insist\u00eda en comprar un autom\u00f3vil debido a la afici\u00f3n que \u00e9l tiene con ellos, por lo que se propuso convertir su bicicleta en uno para que pudiera disfrutarlo.<\/div>\n<\/div>\n<div id=\"standard_12\" class=\"st-placement standard_12 inArticle\">\n<div class=\"st-adunit-inarticle st-inarticle-slot\">\n<div class=\"st-adunit st-adunit-tagged st-reset st-show\">\n<div class=\"st-adunit-ad st-reset\">\n<div class=\"st-display-render st-reset\">\n<div class=\"st-reset\">\n<div class=\"important-styled st-canvas-container open FullRectangle_640x360 display-standard fssquz2\">\n<div class=\"important-styled st-canvas-el fhxwyqa\">\n<div class=\"important-styled st-canvas-container undefined fssquz2\">\n<div class=\"important-styled st-canvas-el fhxwyqa\">\n<div class=\"important-styled st-canvas-container undefined fssquz2\">\n<div class=\"important-styled st-canvas-el fhxwyqa\">\n<div class=\"important-styled f1mp71yd\">\n<div class=\"important-styled display-render-wrapper f1mp71yd\">Aunque en un principio la idea no fue tomada con seriedad por su esposa, a quien le platic\u00f3 sus planes, pronto su proyecto comenz\u00f3 a tomar forma hasta que <b>termin\u00f3 en la cabina de un auto<\/b>\u00a0que se adapt\u00f3 a la parrilla trasera de su bici y que pronto se hizo viral por usuarios de redes sociales.<\/div>\n<\/div>\n<\/div>\n<\/div>\n<\/div>\n<\/div>\n<\/div>\n<\/div>\n<\/div>\n<\/div>\n<\/div>\n<\/div>\n<\/div>\n<\/div>\n<p><i>\u201cQuer\u00eda sorprenderlo con algo, estuve pensando como un mes, no hallaba como sorprender al ni\u00f1o por ser su primer d\u00eda de clases y su primer a\u00f1o en la primaria, no sab\u00eda que hacerle pero record\u00e9 que a \u00e9l le gustan los coches, entonces pens\u00e9 que hacerle un cochecito en mi bicicleta era una buena idea\u201d.<\/i><\/p>\n<p><b>Edwin vive en el tradicional Barrio de La Huaca<\/b>, desde hace 15 a\u00f1os es carpintero, aprendi\u00f3 el oficio en Jacksonville, Estados Unidos, luego de vivir algunos a\u00f1os en aquel pa\u00eds.<\/p>\n<div class=\"local\nmedia \"><\/p>\n<div class=\"teaser \">\n<div class=\"img-container picture\">\n<div id=\"standard_9\" class=\"st-placement standard_9 inImageRestricted\">\n<div class=\"st-adunit st-adunit-tagged st-reset st-show\">Actualmente cuenta con su propio taller de carpinter\u00eda y sus habilidades han sido de utilidad a su comunidad, pues es <b>uno de los pocos carpinteros que tienen el conocimiento para realizar las restauraciones de las fachadas del tradicional barrio<\/b>, las cuales son protegidas por la<i>\u00a0Ley de Monumentos Hist\u00f3ricos<\/i>.<\/div>\n<\/div>\n<\/div>\n<\/div>\n<\/div>\n<p>\u00c9l fue el responsable de realizar la \u00faltima remodelaci\u00f3n de las fachadas de las casas en el\u00a0<b>callej\u00f3n de To\u00f1a La Negra<\/b>, un referente de este barrio y que es visitado cada a\u00f1o por cientos de turistas. Esas mismas habilidades fueron las que utiliz\u00f3 para la construcci\u00f3n del cochecito para su hijo.<\/p>\n<h2><b>\u00bfCu\u00e1nto cost\u00f3 convertir una bicicleta en auto?<\/b><\/h2>\n<p>Aunque su costo promedio lo calcula entre 2 mil 500 y 3 mil pesos, todos los materiales los obtuvo del reciclaje de maderas en su taller. La\u00a0<b>peque\u00f1a cabina es de madera de cedro y techo de triplay,<\/b>\u00a0tiene ventanitas que son cubiertas con cortinas.<br \/>\nAdem\u00e1s de ser llamativo, es una buena opci\u00f3n para evitar que su hijo se moje camino a la escuela en tiempos de lluvias, o que se asolee con el intenso sol que con regularidad se deja sentir en la ciudad de Veracruz.<\/p>\n<p>Lo que busc\u00f3 fue para realizar el proyecto fue que cumpliera con la comodidad y funcionabilidad, tanto para el peque\u00f1o como para \u00e9l, que es quien conduce la bicicleta, por eso es que plane\u00f3 las dimensiones basados en la estatura del menor y el uso de maderas livianas.<\/p>\n<p><b>Edwin recuerda que cuando su hijo vio el carrito que construy\u00f3 no pudo ocultar su cara de felicidad<\/b>, pero cuando lo abord\u00f3 y lleg\u00f3 a la escuela \u201cno cab\u00eda en s\u00ed, de la emoci\u00f3n\u201d. Llam\u00f3 la atenci\u00f3n desde que sali\u00f3 de su casa hasta que lleg\u00f3 a clases.<\/p>\n<div class=\"local\nmedia \"><\/p>\n<div class=\"teaser \">\n<div class=\"img-container picture\">\n<div id=\"standard_10\" class=\"st-placement standard_10 inImage\">\n<div class=\"st-adunit st-adunit-tagged st-reset st-show\">\n<div class=\"st-adunit-ad st-reset\">\n<div class=\"st-display-render st-reset\">\n<div class=\"st-reset\">\n<div class=\"important-styled st-canvas-container open Leaderboard display-standard fssquz2\">\n<div class=\"important-styled st-canvas-el fhxwyqa\">\n<div class=\"important-styled st-canvas-container undefined fssquz2\">\n<div class=\"important-styled st-canvas-el frdkv4w\">\n<div class=\"important-styled st-canvas-container undefined fssquz2\">\n<div class=\"important-styled st-canvas-el f6eoucy\">\n<div class=\"important-styled f1m7i34m\">\n<div class=\"important-styled display-render-wrapper f1m7i34m\"><i>\u201cCuando iba llegando solo escuchaba a las mam\u00e1s de los dem\u00e1s ni\u00f1os decir que mirar\u00e1n y yo sent\u00eda mucha alegr\u00eda, mi ni\u00f1o tambi\u00e9n muy feliz porque iba diciendo adi\u00f3s a todas las personas que les llamaba la atenci\u00f3n\u201d,<\/i>\u00a0relata.<\/div>\n<\/div>\n<\/div>\n<\/div>\n<\/div>\n<\/div>\n<\/div>\n<\/div>\n<\/div>\n<\/div>\n<\/div>\n<\/div>\n<\/div>\n<\/div>\n<\/div>\n<\/div>\n<p>El cochecito ha llamado tanto la atenci\u00f3n, que incluso algunas personas se han acercado para\u00a0<b>plantear la posibilidad de construir m\u00e1s modelo<\/b>s, que sean utilizados para su venta a personas que tambi\u00e9n usan la bicicleta como medio de transporte para trasladarse con sus hijos.<\/p>\n<h2><b>\u00bfQu\u00e9 alternativa tengo para llevar a mi hijo a la escuela sin que se moje?<\/b><\/h2>\n<p>El carpintero ve esta posibilidad como una alternativa para\u00a0<b>ayudar a las familias y no como un negocio<\/b>, pues se trata de un art\u00edculo que es funcional, adem\u00e1s de generar alegr\u00eda entre los menores como su hijo.<\/p>\n<p><b>Leer m\u00e1s<\/b>:\u00a0<b><a href=\"https:\/\/www.diariodexalapa.com.mx\/doble-via\/cuales-son-los-mejores-quesos-oaxaca-del-mercado-en-mexico-segun-la-profeco-8852262.html\" target=\"_blank\" rel=\"Follow noopener\">\u00bfCompras queso o imitaci\u00f3n? Profeco revela estudio con marcas de estilo Oaxaca<\/a><\/b><\/p>\n<p><i>\u201cHablando con unas personas aqu\u00ed me dicen que es posible que m\u00e1s adelantito pueda haber un proyecto, para reproducirlo\u2026 porque es un apoyo para muchas personas que no tienen los recursos y llevan as\u00ed a sus hijos a la escuela\u201d.<\/i><br \/>\nDe momento, el peque\u00f1o Adri\u00e1n es el \u00fanico que cuenta con un cochecito de madera en el que va y viene a la escuela.<\/p>\n<\/div>\n<\/article>\n","protected":false},"excerpt":{"rendered":"<p>Transporte jarocho: Padre crea cabina en bicicleta para que su hijo no se moje La bicicleta de Edwin se adapt\u00f3 para ser un transporte contra la temporada de lluvias Edwin Garc\u00eda nunca se imagin\u00f3 que uno de sus trabajos de carpinter\u00eda se convertir\u00eda en un fen\u00f3meno viral Danytza Flores Diario de Xalapa Veracruz Ver.&#8211; Edwin [&hellip;]<\/p>\n","protected":false},"author":249,"featured_media":29270,"comment_status":"open","ping_status":"closed","sticky":false,"template":"","format":"standard","meta":{"footnotes":""},"categories":[26],"tags":[],"class_list":["post-29269","post","type-post","status-publish","format-standard","has-post-thumbnail","hentry","category-mundo"],"_links":{"self":[{"href":"https:\/\/eloficiodehistoriar.com.mx\/index.php?rest_route=\/wp\/v2\/posts\/29269","targetHints":{"allow":["GET"]}}],"collection":[{"href":"https:\/\/eloficiodehistoriar.com.mx\/index.php?rest_route=\/wp\/v2\/posts"}],"about":[{"href":"https:\/\/eloficiodehistoriar.com.mx\/index.php?rest_route=\/wp\/v2\/types\/post"}],"author":[{"embeddable":true,"href":"https:\/\/eloficiodehistoriar.com.mx\/index.php?rest_route=\/wp\/v2\/users\/249"}],"replies":[{"embeddable":true,"href":"https:\/\/eloficiodehistoriar.com.mx\/index.php?rest_route=%2Fwp%2Fv2%2Fcomments&post=29269"}],"version-history":[{"count":1,"href":"https:\/\/eloficiodehistoriar.com.mx\/index.php?rest_route=\/wp\/v2\/posts\/29269\/revisions"}],"predecessor-version":[{"id":29271,"href":"https:\/\/eloficiodehistoriar.com.mx\/index.php?rest_route=\/wp\/v2\/posts\/29269\/revisions\/29271"}],"wp:featuredmedia":[{"embeddable":true,"href":"https:\/\/eloficiodehistoriar.com.mx\/index.php?rest_route=\/wp\/v2\/media\/29270"}],"wp:attachment":[{"href":"https:\/\/eloficiodehistoriar.com.mx\/index.php?rest_route=%2Fwp%2Fv2%2Fmedia&parent=29269"}],"wp:term":[{"taxonomy":"category","embeddable":true,"href":"https:\/\/eloficiodehistoriar.com.mx\/index.php?rest_route=%2Fwp%2Fv2%2Fcategories&post=29269"},{"taxonomy":"post_tag","embeddable":true,"href":"https:\/\/eloficiodehistoriar.com.mx\/index.php?rest_route=%2Fwp%2Fv2%2Ftags&post=29269"}],"curies":[{"name":"wp","href":"https:\/\/api.w.org\/{rel}","templated":true}]}}