{"id":29276,"date":"2022-09-13T11:46:01","date_gmt":"2022-09-13T17:46:01","guid":{"rendered":"https:\/\/eloficiodehistoriar.com.mx\/?p=29276"},"modified":"2022-09-13T11:46:01","modified_gmt":"2022-09-13T17:46:01","slug":"william-klein-revoluciono-el-mundo-de-la-imagen-gracias-a-su-mirada-aspera-y-a-bocajarro","status":"publish","type":"post","link":"https:\/\/eloficiodehistoriar.com.mx\/?p=29276","title":{"rendered":"William Klein revolucion\u00f3 el mundo de la imagen, gracias a su mirada \u00e1spera y a bocajarro"},"content":{"rendered":"<div id=\"article-cont\" class=\"main-cont article-cont actuality\">\n<div class=\"cabeza\">Falleci\u00f3 William Klein, fot\u00f3grafo que hizo de NY\u00a0<q>un diario sensacionalista<\/q><\/div>\n<div class=\"sumarios\">\n<p>Trabaj\u00f3 con Fellini y Malle, entre otros directores<\/p>\n<\/div>\n<div id=\"article-text\" class=\"text\">\n<div class=\"foto\">\n<div class=\"pie-foto\">\u00a0Autorretrato de 1993 del artista que revolucion\u00f3 el mundo de la imagen con su mirada \u00e1spera.<\/div>\n<div><\/div>\n<\/div>\n<div class=\"col col1\">\n<div class=\"credito-autor\">Afp<\/div>\n<div class=\"credito-titulo\"><\/div>\n<div class=\"hemero\">La Jornada<\/p>\n<\/div>\n<p class=\"s-s\">Par\u00eds.<\/p>\n<p class=\"s-s\">El fot\u00f3grafo estadunidense William Klein falleci\u00f3 a los 96 a\u00f1os en Par\u00eds, tras una larga carrera que revolucion\u00f3 el mundo de la imagen, gracias a su mirada \u00e1spera y a bocajarro, sobre las ciudades y sus habitantes.<\/p>\n<p>Autor de\u00a0<em>New York<\/em>\u00a0(1956), una de las grandes obras de la historia de la fotograf\u00eda, muri\u00f3\u00a0<q>apaciblemente<\/q>\u00a0la noche del s\u00e1bado, inform\u00f3 su hijo Pierre mediante un comunicado.<\/p>\n<p>Adem\u00e1s de fot\u00f3grafo, William Klein destac\u00f3 como pintor, cineasta y grafista.<\/p>\n<p>En todos estos campos opt\u00f3 siempre por la transgresi\u00f3n y la experimentaci\u00f3n.<\/p>\n<p><q>Fotograf\u00eda como un boxeador<\/q>\u00a0resumi\u00f3 en su d\u00eda Alain G\u00e9nestar, director de la revista especializada\u00a0<em>Polka.<\/em><\/p>\n<p>Sac\u00f3 a la calle la moda de alta costura, retrat\u00f3 con aspereza los habitantes de su ciudad natal y rod\u00f3 regularmente, a lo largo de d\u00e9cadas de carrera, pel\u00edculas documentales o de ficci\u00f3n, como\u00a0<em>Mister Freedom<\/em>\u00a0(1968) o\u00a0<em>Qui \u00eates-vous, Polly Maggoo?<\/em>\u00a0(1966).<\/p>\n<p>Klein trabaj\u00f3 para las grandes revistas de moda y de actualidades de la segunda mitad del siglo XX, y rod\u00f3 m\u00e1s de 250 anuncios publicitarios, pero fue su estilo directo y sin tapujos, con un blanco y negro lleno de contrastes y grano grueso, con grandes angulares colocados a bocajarro de sus protagonistas, lo que le granje\u00f3 fama y lo llev\u00f3 a colaborar con otros artistas de su \u00e9poca, como los directores Federico Fellini o Louis Malle.<\/p>\n<p>Klein naci\u00f3 el 19 de abril de 1926 en una familia jud\u00eda ortodoxa en Nueva York.<\/p>\n<p>Descubri\u00f3 Europa gracias a su servicio militar y en 1946, desmovilizado, se instala en Francia, donde conoce a su esposa, Jeanne Florin, con la que compartir\u00e1 su vida hasta la desaparici\u00f3n de ella, en 2005.<\/p>\n<p>Hab\u00eda estudiado pintura junto a maestros como Fernand L\u00e9ger.<\/p>\n<p>Le atra\u00eda el arte bruto y la reutilizaci\u00f3n de materiales, pero fue al comprarse un aparato Rolleiflex cuando descubri\u00f3 su verdadera vocaci\u00f3n.<\/p>\n<p>Empu\u00f1\u00f3 su c\u00e1mara como un arma al regresar a su ciudad natal, con la que entreten\u00eda una relaci\u00f3n de amor y odio.\u00a0<em>Life is good and good for you in New York<\/em>\u00a0fue un libro que desestabiliz\u00f3 el mundo de la fotograf\u00eda por su estilo ca\u00f3tico, de im\u00e1genes que llenaban las p\u00e1ginas, encuadres inveros\u00edmiles, el culto al fe\u00edsmo.<\/p>\n<\/div>\n<div class=\"col col2\">\n<p class=\"sumario\">Sus im\u00e1genes asustaron al\u00a0<em>sue\u00f1o americano<\/em><\/p>\n<p class=\"s-s\">El volumen fue publicado en Francia e ignorado en Estados Unidos, que viv\u00eda su \u00e9poca dorada y pareci\u00f3 espantarse ante esa mirada sarc\u00e1stica y descarnada del\u00a0<em>sue\u00f1o americano.<\/em><\/p>\n<p><q>Mi idea era hacer una especie de diario sensacionalista, cargado de tintas, con una compaginaci\u00f3n brutal, grandes titulares llamativos, todo lo que merec\u00eda Nueva York<\/q>, explic\u00f3 Klein.<\/p>\n<p>Fellini se siente atra\u00eddo por el libro e invita a Klein a ayudarlo a filmar\u00a0<em>Las noches de Cabiria.<\/em><\/p>\n<p>Aprovecha para fotografiar a Roma (1959) y luego hace lo mismo con Mosc\u00fa y Tokio (1964).<\/p>\n<p>Klein aport\u00f3 su fuerte personalidad al mundo de la moda. Hizo trabajos de factura cl\u00e1sica, en color, pero para los creadores m\u00e1s atrevidos supo imponer su estilo m\u00e1s abstracto.<\/p>\n<p>Rodada en 1966,\u00a0<em>Qui \u00eates-vous, Polly Maggoo?<\/em>\u00a0es una s\u00e1tira sobre el mundo de las modelos, con Dorothy Mc Gowan.<\/p>\n<p><em>Mr Freedom<\/em>\u00a0(1969) es otra pel\u00edcula pol\u00edtica, con un superh\u00e9roe que mata y viola sin prejuicios.<\/p>\n<p>En los a\u00f1os 70 altern\u00f3 los plat\u00f3s con las exposiciones, pero en los 80 vuelve a la fotograf\u00eda fija, con obras como\u00a0<em>Close up<\/em>\u00a0(1989),\u00a0<em>Torino \u20199<\/em><em>0<\/em>\u00a0(1990) e\u00a0<em>In &amp; Out of Fashion<\/em>\u00a0(1994).<\/p>\n<p>\u201cMi divisa cuando hice el libro (sobre) Nueva York era \u2018todo se vale\u2019, y a\u00fan me sirve. \u00a1No hay reglas, no hay tab\u00faes, no hay l\u00edmites!\u201d, explic\u00f3 en una ocasi\u00f3n.<\/p>\n<p>Klein recibi\u00f3, entre otros, el Gran Premio Nacional de Francia, el premio Hasselblad en Suecia o un galard\u00f3n al conjunto de su carrera del Instituto Estadunidense de las Artes, en Nueva York.<\/p>\n<\/div>\n<\/div>\n<div class=\"go gui\">\n<div class=\"go-up\"><\/div>\n<\/div>\n<\/div>\n<div id=\"taboola-below-content-thumbnails\" class=\" trc_related_container trc_spotlight_widget tbl-feed-container tbl-feed-frame-DIVIDER  render-late-effect\" data-feed-container-num=\"1\" data-feed-main-container-id=\"taboola-below-content-thumbnails\" data-parent-placement-name=\"Below Content Thumbnails\" data-pub-lang=\"es\">\n<div class=\" tbl-feed-header tbl-logo-right-position\">\n<div class=\"tbl-feed-header-logo\"><\/div>\n<\/div>\n<\/div>\n","protected":false},"excerpt":{"rendered":"<p>Falleci\u00f3 William Klein, fot\u00f3grafo que hizo de NY\u00a0un diario sensacionalista Trabaj\u00f3 con Fellini y Malle, entre otros directores \u00a0Autorretrato de 1993 del artista que revolucion\u00f3 el mundo de la imagen con su mirada \u00e1spera. Afp La Jornada Par\u00eds. El fot\u00f3grafo estadunidense William Klein falleci\u00f3 a los 96 a\u00f1os en Par\u00eds, tras una larga carrera que [&hellip;]<\/p>\n","protected":false},"author":249,"featured_media":29277,"comment_status":"open","ping_status":"closed","sticky":false,"template":"","format":"standard","meta":{"footnotes":""},"categories":[26],"tags":[],"class_list":["post-29276","post","type-post","status-publish","format-standard","has-post-thumbnail","hentry","category-mundo"],"_links":{"self":[{"href":"https:\/\/eloficiodehistoriar.com.mx\/index.php?rest_route=\/wp\/v2\/posts\/29276","targetHints":{"allow":["GET"]}}],"collection":[{"href":"https:\/\/eloficiodehistoriar.com.mx\/index.php?rest_route=\/wp\/v2\/posts"}],"about":[{"href":"https:\/\/eloficiodehistoriar.com.mx\/index.php?rest_route=\/wp\/v2\/types\/post"}],"author":[{"embeddable":true,"href":"https:\/\/eloficiodehistoriar.com.mx\/index.php?rest_route=\/wp\/v2\/users\/249"}],"replies":[{"embeddable":true,"href":"https:\/\/eloficiodehistoriar.com.mx\/index.php?rest_route=%2Fwp%2Fv2%2Fcomments&post=29276"}],"version-history":[{"count":1,"href":"https:\/\/eloficiodehistoriar.com.mx\/index.php?rest_route=\/wp\/v2\/posts\/29276\/revisions"}],"predecessor-version":[{"id":29278,"href":"https:\/\/eloficiodehistoriar.com.mx\/index.php?rest_route=\/wp\/v2\/posts\/29276\/revisions\/29278"}],"wp:featuredmedia":[{"embeddable":true,"href":"https:\/\/eloficiodehistoriar.com.mx\/index.php?rest_route=\/wp\/v2\/media\/29277"}],"wp:attachment":[{"href":"https:\/\/eloficiodehistoriar.com.mx\/index.php?rest_route=%2Fwp%2Fv2%2Fmedia&parent=29276"}],"wp:term":[{"taxonomy":"category","embeddable":true,"href":"https:\/\/eloficiodehistoriar.com.mx\/index.php?rest_route=%2Fwp%2Fv2%2Fcategories&post=29276"},{"taxonomy":"post_tag","embeddable":true,"href":"https:\/\/eloficiodehistoriar.com.mx\/index.php?rest_route=%2Fwp%2Fv2%2Ftags&post=29276"}],"curies":[{"name":"wp","href":"https:\/\/api.w.org\/{rel}","templated":true}]}}