{"id":29280,"date":"2022-09-13T12:03:49","date_gmt":"2022-09-13T18:03:49","guid":{"rendered":"https:\/\/eloficiodehistoriar.com.mx\/?p=29280"},"modified":"2022-09-13T12:03:49","modified_gmt":"2022-09-13T18:03:49","slug":"el-ano-picasso-sin-ocultar-sus-zonas-oscuras","status":"publish","type":"post","link":"https:\/\/eloficiodehistoriar.com.mx\/?p=29280","title":{"rendered":"El A\u00f1o Picasso sin ocultar sus\u00a0zonas oscuras"},"content":{"rendered":"<div id=\"article-cont\" class=\"main-cont article-cont actuality\">\n<div class=\"cabeza\">Espa\u00f1a y Francia festejan el A\u00f1o Picasso sin ocultar sus\u00a0<q>zonas oscuras<\/q><\/div>\n<div class=\"sumarios\">\n<p>En la opini\u00f3n p\u00fablica afloran su supuesta misoginia y machismo a 50 a\u00f1os de su fallecimiento<\/p>\n<\/div>\n<div id=\"article-text\" class=\"text\">\n<div class=\"foto\">\n<div class=\"pie-foto\">Un trabajador pasa junto al <em>Guernica<\/em>, despu\u00e9s de la presentaci\u00f3n del A\u00f1o Picasso en el Museo Reina Sof\u00eda.<\/div>\n<div><\/div>\n<\/div>\n<div class=\"col col1\">\n<div class=\"credito-autor\">Armando G. Tejeda<\/div>\n<div class=\"credito-titulo\"><\/div>\n<div class=\"hemero\">La Jornada<\/p>\n<\/div>\n<p class=\"s-s\">Madrid.<\/p>\n<p class=\"s-s\">Los gobiernos de Espa\u00f1a y Francia se aliaron para celebrar por todo lo alto el A\u00f1o Picasso, que conmemora el 50 aniversario de la muerte del genial pintor nacido en M\u00e1laga.<\/p>\n<p>Pablo Ruiz Picasso fue un artista que evolucion\u00f3, cuando no cre\u00f3 e impuls\u00f3, las principales vanguardias del siglo XX. Se pronunci\u00f3 p\u00fablicamente y con su obra contra el fascismo y la barbarie de la guerra.<\/p>\n<p>Al mismo tiempo, en los numerosos actos, exposiciones, coloquios y mesas redondas que habr\u00e1 en torno a su figura en 2023 se abordar\u00e1n tambi\u00e9n sus llamadas\u00a0<q>zonas oscuras<\/q>; es decir, sus supuestos misoginia y machismo.<\/p>\n<p>Pablo Picasso simboliz\u00f3 de forma singular el siglo XX; con su pincel y su lienzo denunci\u00f3 la barbarie de la guerra, el florecimiento del fascismo en Europa y la soledad del hambre y la desesperanza. Pero cada vez que se estudia su figura, sobre todo en a\u00f1os recientes, se destaca su forma de relacionarse con las mujeres, sus continuas infidelidades y hasta maltratos a sus parejas; de ah\u00ed que incluso haya plataformas que exigen la retirada de sus obras de los museos, como ocurri\u00f3 recientemente en Barcelona, en el Museo Picasso.<\/p>\n<p>El ministro de Cultura espa\u00f1ol, el socialista Miquel Iceta, explic\u00f3 durante la presentaci\u00f3n del A\u00f1o Picasso que el pintor malague\u00f1o\u00a0<q>es una persona hija de su tiempo y con todas las contradicciones: de car\u00e1cter apasionado, amaba la pasi\u00f3n e intentaba controlarla. Todo eso va a estar en este a\u00f1o, pero no podemos evitar promover su obra porque no nos gusten algunos aspectos de su vida personal, al igual que tampoco se pueden orillar aspectos discutibles<\/q>.<\/p>\n<p>Iceta present\u00f3 las actividades conmemorativas con uno de los cuadros m\u00e1s importantes en la vida de Picasso, el\u00a0<em>Guernica,\u00a0<\/em>que se encuentra en el Museo Reina Sof\u00eda de Madrid, el cual se inspir\u00f3 en el bombardeo de la aviaci\u00f3n alemana e italiana contra la poblaci\u00f3n vasca de Guernica durante la guerra civil (1936-1939), en lo que hasta la fecha se considera el primer bombardeo indiscriminado contra la poblaci\u00f3n civil. Junto a Iceta estaba la ministra de Cultura de Francia, Rima Abdul Malak; ambos fueron consultados sobre la faceta\u00a0<q>machista<\/q>\u00a0y\u00a0<q>maltratadora<\/q>\u00a0de Picasso.<\/p>\n<p>El ministro espa\u00f1ol insisti\u00f3 en que Picasso, \u201ccomo artista, fue capaz de definir el siglo XX. Si hay un creador que define el siglo XX, que lo representa con toda su crueldad, su violencia, su pasi\u00f3n, sus excesos, y sus contradicciones, \u00e9ste es sin duda Pablo Picasso. Por eso queremos presentarlo tal como fue, celebrar su obra, pero no esconder facetas de su vida que, a la luz de hoy, pueden ser contestadas.<\/p>\n<p><q>La grandeza de su obra se sobrepone a otras cuestiones, pero no puede oscurecerlas ni esconderlas y eso es lo que vamos a hacer.<\/q><\/p>\n<p>Por su parte, la ministra de Cultura de Francia a\u00f1adi\u00f3 que\u00a0<q>la obra de Picasso sigue ejerciendo verdadera fascinaci\u00f3n en el mundo, por abundante, inventiva y a menudo radical. Por su fuerza art\u00edstica, por supuesto. Pero tambi\u00e9n por su fuerza pol\u00edtica. Nunca deja de ser rele\u00eddo, revisitado y reinterpretado. Esta formidable posteridad, esta doble cultura y esta obra, que sigue siendo tan relevante hoy d\u00eda, es lo que la Celebraci\u00f3n Picasso 1973-2023 pretende explorar, cuestionar y compartir con una nueva generaci\u00f3n nacida en el siglo XXI, y permitirles descubrirla y comprenderla a la luz de nuestro tiempo<\/q>.<\/p>\n<\/div>\n<div class=\"col col2\">\n<p>La figura de Picasso ha sido cuestionada recientemente por movimientos art\u00edsticos y feministas, inspirados sobre todo en la biograf\u00eda que escribi\u00f3 acerca del pintor la investigadora Arianna Sassinopoulos, que titul\u00f3\u00a0<em>Picasso: Creador y destructor,<\/em>\u00a0en la que dibuja un perfil violento del artista con las siete mujeres que convivieron con \u00e9l a lo largo de su vida: Fernande Olivier, Eva Gouel, Olga Khokhlova, Marie-Th\u00e9r\u00e8se Walter, Dora Maar, Fran\u00e7oise Gilot y Jacqueline Roque.<\/p>\n<p>En la presentaci\u00f3n tambi\u00e9n estaba uno de los nietos del artista, Bernard Ruiz-Picasso, quien asegur\u00f3 respecto de la pol\u00e9mica que\u00a0<q>el debate est\u00e1 abierto y es importante. En el siglo XXI se puede abrir la discusi\u00f3n; hemos evolucionado. Pero no me obsesiona este asunto. Si hay calidad de informaci\u00f3n para iniciar un debate serio, perfecto, pero veo que \u00e9ste proviene de cosas que no s\u00e9 de d\u00f3nde salieron<\/q>.<\/p>\n<p>Carlos Alberdi, comisionado del A\u00f1o Picasso, agreg\u00f3 que\u00a0<q>la mujer es la conversaci\u00f3n por antonomasia en el siglo XXI. Va a salir y hay que dejarla fluir. Es un asunto que est\u00e1 ah\u00ed y hay que desarrollarlo. No hay que tener miedo a los estudios ni a las investigaciones<\/q>.<\/p>\n<p class=\"sumario\">M\u00faltiples sedes<\/p>\n<p class=\"s-s\">En cuanto a los actos conmemorativos del A\u00f1o Picasso, el programa arrancar\u00e1 en octubre con exposiciones temporales sobre la figura del pintor en varios museos del pa\u00eds, y a lo largo de todo 2023.<\/p>\n<p>En total ser\u00e1n 42 muestras, de las cuales 16 se har\u00e1n en Espa\u00f1a, 12 en Francia, siete en Estados Unidos, dos en Alemania, dos en Suiza, y una en M\u00f3naco, Rumania y B\u00e9lgica.<\/p>\n<p>El programa oficial en Espa\u00f1a se desarrollar\u00e1 en Casa de Vel\u00e1zquez, Fundaci\u00f3 Joan Mir\u00f3, Fundaci\u00f3n Mapfre y La Casa Encendida, as\u00ed como en los museos Casa Natal Picasso, de Bellas Artes de Coru\u00f1a, Guggenheim Bilbao, Reina Sof\u00eda, Del Prado, Thyssen-Bornemisza, Picasso de M\u00e1laga, Del Disseny de Barcelona, Picasso Barcelona y la Real Academia de Bellas Artes de San Fernando.<\/p>\n<p>En Francia acoger\u00e1n exposiciones los museos Montmartre, Bellas Artes de Lyon, del Hombre, de Historia Natural, Nacional Picasso-Par\u00eds, Picasso (Antibes), Magnelli, de la Cer\u00e1mica Vallauris, Goya de Arte Hisp\u00e1nico (Castres), de Luxembourg (Par\u00eds), de Bellas Artes de la Ciudad de Par\u00eds, el Centro Pompidou y la Colecci\u00f3n Lambert (Avig\u00f1\u00f3n).<\/p>\n<p>Adem\u00e1s, los dos congresos acad\u00e9micos se llevar\u00e1n a cabo en el Museo Nacional Centro de Arte Reina Sof\u00eda de Madrid y un importante simposio internacional se celebrar\u00e1 en Par\u00eds entre el 6 y 8 de diciembre de 2023 en la sede de la Organizaci\u00f3n de Naciones Unidas para la Educaci\u00f3n, la Ciencia y la Cultura.<\/p>\n<\/div>\n<\/div>\n<div class=\"go gui\">\n<div class=\"go-up\"><\/div>\n<\/div>\n<\/div>\n<div id=\"taboola-below-content-thumbnails\" class=\" trc_related_container trc_spotlight_widget tbl-feed-container tbl-feed-frame-DIVIDER  render-late-effect\" data-feed-container-num=\"1\" data-feed-main-container-id=\"taboola-below-content-thumbnails\" data-parent-placement-name=\"Below Content Thumbnails\" data-pub-lang=\"es\">\n<div class=\" tbl-feed-header tbl-logo-right-position\">\n<div class=\"tbl-feed-header-logo\"><\/div>\n<\/div>\n<\/div>\n","protected":false},"excerpt":{"rendered":"<p>Espa\u00f1a y Francia festejan el A\u00f1o Picasso sin ocultar sus\u00a0zonas oscuras En la opini\u00f3n p\u00fablica afloran su supuesta misoginia y machismo a 50 a\u00f1os de su fallecimiento Un trabajador pasa junto al Guernica, despu\u00e9s de la presentaci\u00f3n del A\u00f1o Picasso en el Museo Reina Sof\u00eda. Armando G. Tejeda La Jornada Madrid. Los gobiernos de Espa\u00f1a [&hellip;]<\/p>\n","protected":false},"author":249,"featured_media":29281,"comment_status":"open","ping_status":"closed","sticky":false,"template":"","format":"standard","meta":{"footnotes":""},"categories":[26],"tags":[],"class_list":["post-29280","post","type-post","status-publish","format-standard","has-post-thumbnail","hentry","category-mundo"],"_links":{"self":[{"href":"https:\/\/eloficiodehistoriar.com.mx\/index.php?rest_route=\/wp\/v2\/posts\/29280","targetHints":{"allow":["GET"]}}],"collection":[{"href":"https:\/\/eloficiodehistoriar.com.mx\/index.php?rest_route=\/wp\/v2\/posts"}],"about":[{"href":"https:\/\/eloficiodehistoriar.com.mx\/index.php?rest_route=\/wp\/v2\/types\/post"}],"author":[{"embeddable":true,"href":"https:\/\/eloficiodehistoriar.com.mx\/index.php?rest_route=\/wp\/v2\/users\/249"}],"replies":[{"embeddable":true,"href":"https:\/\/eloficiodehistoriar.com.mx\/index.php?rest_route=%2Fwp%2Fv2%2Fcomments&post=29280"}],"version-history":[{"count":1,"href":"https:\/\/eloficiodehistoriar.com.mx\/index.php?rest_route=\/wp\/v2\/posts\/29280\/revisions"}],"predecessor-version":[{"id":29282,"href":"https:\/\/eloficiodehistoriar.com.mx\/index.php?rest_route=\/wp\/v2\/posts\/29280\/revisions\/29282"}],"wp:featuredmedia":[{"embeddable":true,"href":"https:\/\/eloficiodehistoriar.com.mx\/index.php?rest_route=\/wp\/v2\/media\/29281"}],"wp:attachment":[{"href":"https:\/\/eloficiodehistoriar.com.mx\/index.php?rest_route=%2Fwp%2Fv2%2Fmedia&parent=29280"}],"wp:term":[{"taxonomy":"category","embeddable":true,"href":"https:\/\/eloficiodehistoriar.com.mx\/index.php?rest_route=%2Fwp%2Fv2%2Fcategories&post=29280"},{"taxonomy":"post_tag","embeddable":true,"href":"https:\/\/eloficiodehistoriar.com.mx\/index.php?rest_route=%2Fwp%2Fv2%2Ftags&post=29280"}],"curies":[{"name":"wp","href":"https:\/\/api.w.org\/{rel}","templated":true}]}}