{"id":29286,"date":"2022-09-14T11:49:36","date_gmt":"2022-09-14T17:49:36","guid":{"rendered":"https:\/\/eloficiodehistoriar.com.mx\/?p=29286"},"modified":"2022-09-14T11:49:36","modified_gmt":"2022-09-14T17:49:36","slug":"septiembre-tambien-se-dedica-a-la-atencion-de-las-personas-afectadas-por-la-enfermedad-de-alzheimer","status":"publish","type":"post","link":"https:\/\/eloficiodehistoriar.com.mx\/?p=29286","title":{"rendered":"Septiembre, tambi\u00e9n se dedica a la atenci\u00f3n de las personas afectadas por la enfermedad de Alzheimer,"},"content":{"rendered":"<div id=\"article-cont\" class=\"main-cont article-cont actuality\">\n<div class=\"cabeza\">Mariachi del recuerdo ofrece musicoterapia a adultos mayores que padecen Alzheimer<\/div>\n<div class=\"sumarios\"><\/div>\n<div id=\"article-text\" class=\"text\">\n<div class=\"foto\">\n<div class=\"pie-foto\">El pr\u00f3ximo 14 de septiembre, de las 12 a las 15 horas, El Mariachi del Recuerdo se presentar\u00e1 en la calle Morelos 31-A, Tlalpan Centro, CDMX.<\/div>\n<div><\/div>\n<\/div>\n<div class=\"col col1\">\n<div class=\"credito-autor\">Carlos Paul<\/div>\n<div class=\"credito-titulo\"><\/div>\n<div class=\"hemero\">La Jornada<\/p>\n<\/div>\n<p class=\"s-s\">Septiembre, adem\u00e1s de ser el mes en el que se celebran las fiestas patrias, tambi\u00e9n se dedica a la atenci\u00f3n de las personas afectadas por la enfermedad de Alzheimer, por lo que el Centro Mexicano Alzheimer, asociaci\u00f3n sin fines de lucro, lanz\u00f3 por primera vez una campa\u00f1a para darle visibilidad a su causa, auspiciando la creaci\u00f3n de un mariachi,\u00a0<q>para que los adultos mayores con Alzheimer, a trav\u00e9s de la musicoterapia, tengan una mejor calidad de vida, al tiempo que puedan disfrutar y recordar lo que es ser mexicano<\/q>.<\/p>\n<p>El 21 de septiembre es el D\u00eda Mundial del Alzheimer, por este motivo dicha asociaci\u00f3n organiza diversas actividades para concientizar sobre esa enfermedad, y este a\u00f1o presentar\u00e1 a El Mariachi del Recuerdo.<\/p>\n<p>El pr\u00f3ximo mi\u00e9rcoles 14 de septiembre, de las 12 a las 15 horas, en la calle Morelos 31-A, Tlalpan Centro, se tocar\u00e1n canciones t\u00edpicas mexicanas con el objetivo de que las personas mayores reciban terapia y recuerden con orgullo las emociones que provoca la m\u00fasica vern\u00e1cula.<\/p>\n<p>En charla con\u00a0<em>La Jornada<\/em>, la presidenta de la asociaci\u00f3n, Regina Altena, especialista en demencias, explic\u00f3 que\u00a0<q>en M\u00e9xico hay m\u00e1s de un mill\u00f3n 800 mil personas con alg\u00fan tipo de demencia, de las cuales un mill\u00f3n 300 mil tienen Alzheimer<\/q>.<\/p>\n<p>La especialista destac\u00f3 que las demencias en nuestro pa\u00eds\u00a0<q>son un grave problema de salud p\u00fablica al que se debe poner una mayor atenci\u00f3n, pues dicha cifra, seg\u00fan proyecciones del Instituto Nacional de Neurolog\u00eda y Neurocirug\u00eda, se pronostica que crecer\u00e1 a casi 4 millones en 2050<\/q>.<\/p>\n<p>De ese mill\u00f3n 800 mil personas, abund\u00f3 Altena,\u00a0<q>165 mil familias viven en la Ciudad de M\u00e9xico, y me refiero a las familias porque el impacto de la enfermedad no s\u00f3lo est\u00e1 en el paciente que transita por distintas etapas de la enfermedad, sino tambi\u00e9n de los seres queridos que lo cuidan<\/q>. En ese sentido,\u00a0<q>si bien las demencias son incurables, no significa que sean incuidables. Ese es uno de los prop\u00f3sitos del Centro Mexicano Alzheimer, que la sociedad mexicana tenga m\u00e1s informaci\u00f3n sobre la existencia de ciertos tratamientos para el Alzheimer<\/q>.<\/p>\n<\/div>\n<div class=\"col col2\">\n<p>Hay tratamientos con f\u00e1rmacos y sin f\u00e1rmacos, continu\u00f3 Regina Altena,\u00a0<q>el Centro Mexicano Alzheimer est\u00e1 aplicando el tratamiento sin f\u00e1rmacos, ya que estudios relacionados con la enfermedad comprueban que la m\u00fasica estimula los neurotransmisores cerebrales, haciendo que existan conexiones mentales y emocionales que generan recuerdos, adem\u00e1s de ayudar a los pacientes a que recuerden y asocien momentos y emociones importantes de su vida<\/q>.<\/p>\n<p>En M\u00e9xico, deplor\u00f3 Regina Altena, \u201chay muchos miedos y estigmas. Normalizamos que una persona mayor tenga olvidos, cuando eso nunca es normal, sino un padecimiento, el cual nos enfrenta a nuestro proceso de envejecimiento.<\/p>\n<p>\u201cTambi\u00e9n hay mucha desinformaci\u00f3n. Hoy el concepto de demencia senil es obsoleto, porque limita a que no hay nada m\u00e1s qu\u00e9 hacer, pero eso no es as\u00ed. En la actualidad hay diferentes opciones que proponen y significan una mayor y mejor calidad de vida, una de \u00e9stas es la musicoterapia.<\/p>\n<p><q>Por eso este a\u00f1o, por primera vez, implementamos una campa\u00f1a para que los adultos mayores con Alzheimer, a trav\u00e9s de la musicoterapia, tengan una mejor calidad de vida, al tiempo que puedan disfrutar y recordar lo que es ser mexicano, auspiciando la creaci\u00f3n de El Mariachi del Recuerdo.<\/q><\/p>\n<p>El Festival Con\u00e9ctate al Alzheimer, con el lema\u00a0<q>Desde nuestras voces: Inclusi\u00f3n de las personas con demencia en la sociedad<\/q>, se realizar\u00e1 del 19 al 23 de septiembre, incluye diversas charlas y conferencias que se transmitir\u00e1n por medio de las redes sociales de Facebook e Instragram del Centro Mexicano Alzheimer. Para m\u00e1s informaci\u00f3n se puede consultar la p\u00e1gina\u00a0<a href=\"https:\/\/www.cmalzheimer.org.mx\/\" target=\"_blank\" rel=\"noopener\">www.cmalzheimer.org.mx<\/a>\u00a0o llamar al tel\u00e9fono 55 5339 5661.<\/p>\n<\/div>\n<\/div>\n<div class=\"go gui\">\n<div class=\"go-up\"><\/div>\n<\/div>\n<\/div>\n<div id=\"taboola-below-content-thumbnails\" class=\" trc_related_container trc_spotlight_widget tbl-feed-container tbl-feed-frame-DIVIDER  render-late-effect\" data-feed-container-num=\"1\" data-feed-main-container-id=\"taboola-below-content-thumbnails\" data-parent-placement-name=\"Below Content Thumbnails\" data-pub-lang=\"es\">\n<div class=\" tbl-feed-header tbl-logo-right-position\">\n<div class=\"tbl-feed-header-logo\"><\/div>\n<\/div>\n<\/div>\n","protected":false},"excerpt":{"rendered":"<p>Mariachi del recuerdo ofrece musicoterapia a adultos mayores que padecen Alzheimer El pr\u00f3ximo 14 de septiembre, de las 12 a las 15 horas, El Mariachi del Recuerdo se presentar\u00e1 en la calle Morelos 31-A, Tlalpan Centro, CDMX. Carlos Paul La Jornada Septiembre, adem\u00e1s de ser el mes en el que se celebran las fiestas patrias, [&hellip;]<\/p>\n","protected":false},"author":249,"featured_media":29287,"comment_status":"open","ping_status":"closed","sticky":false,"template":"","format":"standard","meta":{"footnotes":""},"categories":[26],"tags":[],"class_list":["post-29286","post","type-post","status-publish","format-standard","has-post-thumbnail","hentry","category-mundo"],"_links":{"self":[{"href":"https:\/\/eloficiodehistoriar.com.mx\/index.php?rest_route=\/wp\/v2\/posts\/29286","targetHints":{"allow":["GET"]}}],"collection":[{"href":"https:\/\/eloficiodehistoriar.com.mx\/index.php?rest_route=\/wp\/v2\/posts"}],"about":[{"href":"https:\/\/eloficiodehistoriar.com.mx\/index.php?rest_route=\/wp\/v2\/types\/post"}],"author":[{"embeddable":true,"href":"https:\/\/eloficiodehistoriar.com.mx\/index.php?rest_route=\/wp\/v2\/users\/249"}],"replies":[{"embeddable":true,"href":"https:\/\/eloficiodehistoriar.com.mx\/index.php?rest_route=%2Fwp%2Fv2%2Fcomments&post=29286"}],"version-history":[{"count":1,"href":"https:\/\/eloficiodehistoriar.com.mx\/index.php?rest_route=\/wp\/v2\/posts\/29286\/revisions"}],"predecessor-version":[{"id":29288,"href":"https:\/\/eloficiodehistoriar.com.mx\/index.php?rest_route=\/wp\/v2\/posts\/29286\/revisions\/29288"}],"wp:featuredmedia":[{"embeddable":true,"href":"https:\/\/eloficiodehistoriar.com.mx\/index.php?rest_route=\/wp\/v2\/media\/29287"}],"wp:attachment":[{"href":"https:\/\/eloficiodehistoriar.com.mx\/index.php?rest_route=%2Fwp%2Fv2%2Fmedia&parent=29286"}],"wp:term":[{"taxonomy":"category","embeddable":true,"href":"https:\/\/eloficiodehistoriar.com.mx\/index.php?rest_route=%2Fwp%2Fv2%2Fcategories&post=29286"},{"taxonomy":"post_tag","embeddable":true,"href":"https:\/\/eloficiodehistoriar.com.mx\/index.php?rest_route=%2Fwp%2Fv2%2Ftags&post=29286"}],"curies":[{"name":"wp","href":"https:\/\/api.w.org\/{rel}","templated":true}]}}