{"id":29289,"date":"2022-09-14T11:58:04","date_gmt":"2022-09-14T17:58:04","guid":{"rendered":"https:\/\/eloficiodehistoriar.com.mx\/?p=29289"},"modified":"2022-09-14T11:58:04","modified_gmt":"2022-09-14T17:58:04","slug":"jean-luc-godard-padre-de-la-nueva-ola-francesa-influyo-en-varias-generaciones-de-cineastas","status":"publish","type":"post","link":"https:\/\/eloficiodehistoriar.com.mx\/?p=29289","title":{"rendered":"Jean-Luc Godard,\u00a0Padre de la nueva ola francesa, influy\u00f3 en varias generaciones de cineastas"},"content":{"rendered":"<div id=\"article-cont\" class=\"main-cont article-cont actuality\">\n<div class=\"cabeza\">Tras la muerte de Jean-Luc Godard,\u00a0<q>la historia del cine pasa una p\u00e1gina<\/q><\/div>\n<div class=\"sumarios\">\n<p>Padre de la nueva ola francesa, influy\u00f3 en varias generaciones de cineastas<\/p>\n<\/div>\n<div id=\"article-text\" class=\"text\">\n<div class=\"foto\">\n<div class=\"pie-foto\"><\/div>\n<\/div>\n<div class=\"col col1\">\n<div class=\"credito-autor\">Juan Jos\u00e9 Olivares<\/div>\n<div class=\"credito-titulo\"><\/div>\n<div class=\"hemero\">La Jornada<\/div>\n<div class=\"hemero\">\n<q>Escribo a mano si es posible. Antes usaba una m\u00e1quina, pero prefiero escribir a mano. A menudo escribo poco. Despu\u00e9s no puedo releerme, as\u00ed que vuelvo a escribir&#8230; Ya es algo<\/q>, expres\u00f3 en 2020 el cineasta franco-suizo Jean-Luc Godard desde su casa a las orillas del Lago Lem\u00e1n, en Suiza.<\/div>\n<p>Con un puro en la boca y un encendedor en la mano, en marzo de ese a\u00f1o, su aparici\u00f3n en Instagram se volvi\u00f3 un acto cultural: Godard recib\u00eda a Lionel Baier, responsable del departamento de cine de la Escuela Cantonal de Arte de Lausana para hablar sobre las im\u00e1genes en tiempos del coronavirus, pandemia que sorte\u00f3. El cineasta no daba entrevistas. En esa charla, pese a su voz d\u00e9bil y temblorosa, encendi\u00f3 el puro durante los casi cien minutos que dur\u00f3 la transmisi\u00f3n y se dio tiempo para reflexionar, guardaba silencio, y volv\u00eda a fumar.\u00a0<q>No lo s\u00e9, me sobrepasa<\/q>, admit\u00eda.<\/p>\n<p>Ayer, agencias como Afp, Ap y Prensa Latina, adem\u00e1s portales europeos dieron cuenta de la muerte, a los 91 a\u00f1os, de quien hizo del cine la forma de expresar su arte.<\/p>\n<p>Con m\u00e1s de 50 pel\u00edculas, adem\u00e1s de decenas de videos y cortometrajes, Godard fue el padre de la llamada nueva ola francesa y un cineasta arriesgado que durante d\u00e9cadas cre\u00f3 un estilo que oscil\u00f3 entre la experimentaci\u00f3n absoluta y los grandes \u00e9xitos de taquilla. Para unos, es un genio, a veces incomprendido; para otros, un cineasta que en sus \u00faltimos tiempos se volvi\u00f3 muy herm\u00e9tico.<\/p>\n<p class=\"sumario\">M\u00faltiples patolog\u00edas invalidantes<\/p>\n<p class=\"s-s\"><q>Jean-Luc Godard recurri\u00f3 a la asistencia legal en Suiza para una muerte asistida, a ra\u00edz de m\u00faltiples patolog\u00edas invalidantes<\/q>, se\u00f1al\u00f3 a la agencia Afp Patrick Jeanneret, consejero de la familia, confirmando la informaci\u00f3n publicada por el diario franc\u00e9s\u00a0<em>Lib\u00e9ration<\/em>.<\/p>\n<p>El anuncio del deceso tendr\u00eda que haberse hecho dentro de\u00a0<q>dos d\u00edas<\/q>, agreg\u00f3 Jeanneret. Pero el comunicado tuvo que ser escrito a toda prisa a ra\u00edz de la filtraci\u00f3n en la prensa de la informaci\u00f3n. La cremaci\u00f3n ser\u00e1\u00a0<q>de aqu\u00ed a dos d\u00edas, quiz\u00e1s<\/q>\u00a0el mi\u00e9rcoles, precis\u00f3. Indic\u00f3 que\u00a0<q>las cenizas permanecer\u00e1n con su esposa<\/q>, Anne-Marie Mi\u00e9ville.<\/p>\n<p>Godard era introvertido, un artista que prefer\u00eda la soledad al relumbr\u00f3n; amante de la provocaci\u00f3n, pero celoso de su intimidad. Su deceso fue un ejemplo de ese secretismo. JLG, como tambi\u00e9n se le conoc\u00eda en Francia, rechazaba los honores, que fueron muchos en su carrera: varios premios en los principales cert\u00e1menes cinematogr\u00e1ficos del mundo. Recibi\u00f3 un C\u00e9sar de honor de la academia francesa por el conjunto de su obra, y la academia de los \u00d3scar hizo lo mismo en 2010. En 2014 obtuvo el premio especial del jurado de Cannes por\u00a0<em>Adi\u00f3s al lenguaje,<\/em>\u00a0y en 2018 se llev\u00f3 la Palma de Oro especial por\u00a0<em>El libro de im\u00e1genes,<\/em>\u00a0su \u00faltimo largometraje. De las siete selecciones para la secci\u00f3n oficial de ese encuentro, no asisti\u00f3 a las tres \u00faltimas (2010, 2014 y 2018). Sin contar que en 1968, con un grupo de compa\u00f1eros, baj\u00f3 el tel\u00f3n del encuentro con una huelga.\u00a0<q>No hay una sola pel\u00edcula que muestre los problemas de los obreros y los estudiantes. Tenemos que demostrar la solidaridad del cine con ellos en Francia, aunque sea con retraso<\/q>, se\u00f1al\u00f3 esa vez.<\/p>\n<p>Una de sus \u00faltimas apariciones medi\u00e1ticas fue cuando anunci\u00f3 su retiro. Lo hizo en una entrevista virtual en el festival de Kerala. \u201cVoy a terminar mi vida cinematogr\u00e1fica, mi vida como cineasta, haciendo dos guiones. Despu\u00e9s de eso, dir\u00e9: \u2018Adi\u00f3s, cine\u2019\u201d, a\u00f1adi\u00f3.<\/p>\n<p>El director relat\u00f3 que uno de sus proyectos,\u00a0<em>Scenario,<\/em>\u00a0se realiz\u00f3 en colaboraci\u00f3n con el canal p\u00fablico europeo Arte. El otro trabajo se titul\u00f3\u00a0<em>Funny Wars.<\/em><\/p>\n<p>Las pel\u00edculas de Godard son inconfundibles por su montaje sincopado, la utilizaci\u00f3n de citas literarias, la intromisi\u00f3n de la pol\u00edtica y por el uso innovador de la m\u00fasica. Con sus gafas de intelectual, asum\u00eda sin complejos su rol de pont\u00edfice de una nueva manera de entender el cine.\u00a0<q>Cuando uno va, levanta la cabeza. Cuando mira la televisi\u00f3n, la baja<\/q>, indicaba.<\/p>\n<\/div>\n<div class=\"col col2\">\n<p class=\"sumario\">Rompi\u00f3 con c\u00f3digos<\/p>\n<p class=\"s-s\">Nacido en Par\u00eds en 1930, form\u00f3 un grupo que llam\u00f3\u00a0<q>la nueva ola<\/q>, con Andr\u00e9 Bazin, Fran\u00e7ois Truffaut, Jacques Rivette, \u00c9ric Rohmer y Claude Chabrol, entre otros. Se dio a conocer con\u00a0<em>Al final de la escapada,<\/em>\u00a0protagonizada por Jean-Paul Belmondo y Jean Seberg. Otras cintas emblem\u00e1ticas fueron:\u00a0<em>Sin aliento; Vivir su vida; Pierrot el loco; Made in USA; Todo va bien; Salve quien pueda, la vida; Yo te saludo, Mar\u00eda; Nueva ola,<\/em>\u00a0y\u00a0<em>\u00c9loge de l\u2019amour&#8230;<\/em><\/p>\n<p>Empez\u00f3 como cr\u00edtico de cine en la revista\u00a0<em>Cahiers du Cin\u00e9ma (Cuadernos de cine).<\/em>\u00a0Cuando empu\u00f1\u00f3 la c\u00e1mara de rodaje su idea era que\u00a0<q>hab\u00eda que acabar con el clasicismo que hab\u00eda inundado de nuevo al cine franc\u00e9s tras la Segunda Guerra Mundial<\/q>.<\/p>\n<p>En\u00a0<em>Sin aliento,<\/em>\u00a0de 1960, que lo encumbr\u00f3, ya utilizaba los\u00a0<em>travellings,<\/em>\u00a0la m\u00fasica de manera innovadora.<\/p>\n<p>Godard gustaba de romper los c\u00f3digos de su \u00e9poca al experimentar nuevas formas de grabaci\u00f3n con c\u00e1mara en mano, utilizando escenarios e iluminaci\u00f3n naturales, abandonando el maquillaje de los actores y realizando un montaje deconstruido.<\/p>\n<p>Nacido en una familia adinerada, creci\u00f3 en Nyon, Suiza, estudi\u00f3 etnolog\u00eda en La Sorbona, en la capital gala, donde se sinti\u00f3 cada vez m\u00e1s atra\u00eddo por la escena cultural que floreci\u00f3 en el cineclub del Barrio Latino.<\/p>\n<p>De acuerdo con Ap, tras trabajar como obrero en el proyecto de una represa en Suiza, emple\u00f3 el salario para financiar su primera cinta,<em>\u00a0Op\u00e9ration B\u00e9ton,<\/em>\u00a0documental de 20 minutos sobre la construcci\u00f3n de la represa. A su regreso a Par\u00eds, fue vocero de una agencia de artistas y termin\u00f3 su primer largometraje en 1957,\u00a0<em>Charlotte et V\u00e9ronique<\/em>\u00a0<em>o Tous les gar\u00e7ons s\u2019appellent Patrick,<\/em>\u00a0estrenada en 1959.<\/p>\n<p><q>Godard es el cineasta m\u00e1s grande. No es el \u00fanico que filma como respira, pero es el que respira mejor. La historia del cine pasa una p\u00e1gina (&#8230;)<\/q>, asegur\u00f3 Truffaut.\u00a0<q>Gracias, Jean-Luc, por los bonitos recuerdos que nos dejaste<\/q>, declar\u00f3 ayer el actor Alain Delon.\u00a0<q>Jean-Luc Godard es el Picasso del cine<\/q>, a\u00f1ad\u00eda Gilles Jacob, ex presidente del festival de Cannes.\u00a0<q>Fue como una aparici\u00f3n en el cine franc\u00e9s. (&#8230;) El m\u00e1s iconoclasta de los cineastas de la nueva ola. Perdemos un tesoro nacional<\/q>, tuite\u00f3 el presidente franc\u00e9s, Emmanuel Macron.<\/p>\n<p>A partir de los a\u00f1os 80, el hermetismo le fue ganando, y sus \u00faltimas obras, como la monumental\u00a0<em>Historia(s) del cine<\/em>, cuatro vol\u00famenes y una pel\u00edcula, eran m\u00e1s bien\u00a0<em>collages<\/em>\u00a0de im\u00e1genes y sonidos. Sus compromisos pol\u00edticos dejaron una pesada herencia de incomprensi\u00f3n, como su adhesi\u00f3n a la Revoluci\u00f3n Cultural china. Esa d\u00e9cada fue su \u00e9poca m\u00e1s f\u00e9rtil. Hizo pel\u00edculas de gran \u00e9xito, como\u00a0<em>Pierrot el loco<\/em>.<\/p>\n<p>Partidario de la causa palestina, realiz\u00f3 con Mi\u00e9ville\u00a0<em>Aqu\u00ed y en otro lugar<\/em>\u00a0(1976), en la que compara a los jud\u00edos con los nazis, suscitando esc\u00e1ndalo. Luego caus\u00f3 el enojo del papa Juan Pablo II con\u00a0<em>Yo te saludo, Mar\u00eda<\/em>\u00a0(1984), en la que la virgen aparece desnuda.<\/p>\n<p>A partir de los a\u00f1os 80 Godard se fue aislando en Suiza. En una ocasi\u00f3n dej\u00f3 su epitafio:\u00a0<q>Jean-Luc Godard, al contrario<\/q>.<\/p>\n<p>En los \u00faltimos a\u00f1os, dec\u00eda:\u00a0<q>He perdido la memoria del instante, mis recuerdos m\u00e1s profundos los tengo<\/q>. Aunque a veces olvidaba a sus amigos, como cuando la finada Agn\u00e8s Varda, \u00fanica directora de la nueva ola intent\u00f3 visitarlo, pero Godard se neg\u00f3 a recibirla. Pese a todo, ella no le guard\u00f3 rencor:\u00a0<q>Godard y yo somos dinosaurios<\/q>.<\/p>\n<\/div>\n<\/div>\n<div class=\"go gui\">\n<div class=\"go-up\"><\/div>\n<\/div>\n<\/div>\n<div id=\"taboola-below-content-thumbnails\" class=\" trc_related_container trc_spotlight_widget tbl-feed-container tbl-feed-frame-DIVIDER  render-late-effect\" data-feed-container-num=\"1\" data-feed-main-container-id=\"taboola-below-content-thumbnails\" data-parent-placement-name=\"Below Content Thumbnails\" data-pub-lang=\"es\">\n<div class=\" tbl-feed-header tbl-logo-right-position\">\n<div class=\"tbl-feed-header-logo\"><\/div>\n<\/div>\n<\/div>\n","protected":false},"excerpt":{"rendered":"<p>Tras la muerte de Jean-Luc Godard,\u00a0la historia del cine pasa una p\u00e1gina Padre de la nueva ola francesa, influy\u00f3 en varias generaciones de cineastas Juan Jos\u00e9 Olivares La Jornada Escribo a mano si es posible. Antes usaba una m\u00e1quina, pero prefiero escribir a mano. A menudo escribo poco. Despu\u00e9s no puedo releerme, as\u00ed que vuelvo [&hellip;]<\/p>\n","protected":false},"author":249,"featured_media":29290,"comment_status":"open","ping_status":"closed","sticky":false,"template":"","format":"standard","meta":{"footnotes":""},"categories":[26],"tags":[],"class_list":["post-29289","post","type-post","status-publish","format-standard","has-post-thumbnail","hentry","category-mundo"],"_links":{"self":[{"href":"https:\/\/eloficiodehistoriar.com.mx\/index.php?rest_route=\/wp\/v2\/posts\/29289","targetHints":{"allow":["GET"]}}],"collection":[{"href":"https:\/\/eloficiodehistoriar.com.mx\/index.php?rest_route=\/wp\/v2\/posts"}],"about":[{"href":"https:\/\/eloficiodehistoriar.com.mx\/index.php?rest_route=\/wp\/v2\/types\/post"}],"author":[{"embeddable":true,"href":"https:\/\/eloficiodehistoriar.com.mx\/index.php?rest_route=\/wp\/v2\/users\/249"}],"replies":[{"embeddable":true,"href":"https:\/\/eloficiodehistoriar.com.mx\/index.php?rest_route=%2Fwp%2Fv2%2Fcomments&post=29289"}],"version-history":[{"count":1,"href":"https:\/\/eloficiodehistoriar.com.mx\/index.php?rest_route=\/wp\/v2\/posts\/29289\/revisions"}],"predecessor-version":[{"id":29291,"href":"https:\/\/eloficiodehistoriar.com.mx\/index.php?rest_route=\/wp\/v2\/posts\/29289\/revisions\/29291"}],"wp:featuredmedia":[{"embeddable":true,"href":"https:\/\/eloficiodehistoriar.com.mx\/index.php?rest_route=\/wp\/v2\/media\/29290"}],"wp:attachment":[{"href":"https:\/\/eloficiodehistoriar.com.mx\/index.php?rest_route=%2Fwp%2Fv2%2Fmedia&parent=29289"}],"wp:term":[{"taxonomy":"category","embeddable":true,"href":"https:\/\/eloficiodehistoriar.com.mx\/index.php?rest_route=%2Fwp%2Fv2%2Fcategories&post=29289"},{"taxonomy":"post_tag","embeddable":true,"href":"https:\/\/eloficiodehistoriar.com.mx\/index.php?rest_route=%2Fwp%2Fv2%2Ftags&post=29289"}],"curies":[{"name":"wp","href":"https:\/\/api.w.org\/{rel}","templated":true}]}}