{"id":29296,"date":"2022-09-16T17:21:27","date_gmt":"2022-09-16T23:21:27","guid":{"rendered":"https:\/\/eloficiodehistoriar.com.mx\/?p=29296"},"modified":"2022-09-16T17:21:27","modified_gmt":"2022-09-16T23:21:27","slug":"r-kelly-que-cumple-una-condena-de-30-anos-fue-declarado-ayer-culpable-de-pornografia-infantil","status":"publish","type":"post","link":"https:\/\/eloficiodehistoriar.com.mx\/?p=29296","title":{"rendered":"R. Kelly, que cumple una condena de 30 a\u00f1os, fue declarado ayer culpable de pornograf\u00eda infantil"},"content":{"rendered":"<div id=\"article-cont\" class=\"main-cont article-cont actuality\">\n<div class=\"cabeza\">Condenan a R. Kelly por producci\u00f3n de pornograf\u00eda infantil<\/div>\n<div class=\"sumarios\"><\/div>\n<div id=\"article-text\" class=\"text\">\n<div class=\"col col1\">\n<div class=\"credito-autor\">Afp<\/div>\n<div class=\"credito-titulo\"><\/div>\n<div class=\"hemero\">La Jornada<\/p>\n<\/div>\n<p class=\"s-s\">Los \u00c1ngeles.<\/p>\n<p class=\"s-s\">El cantante de R&amp;B ca\u00eddo en desgracia R. Kelly, que cumple una condena de 30 a\u00f1os por delitos sexuales, fue declarado ayer culpable de pornograf\u00eda infantil despu\u00e9s de un juicio de un mes en su ciudad natal de Chicago.<\/p>\n<p>Robert Sylvester Kelly, de 55 a\u00f1os, fue condenado por tres cargos de producci\u00f3n de pornograf\u00eda infantil y otros tres por captar a un menor para relaciones sexuales, inform\u00f3 el\u00a0<em>Chicago Tribune.<\/em><\/p>\n<p>El tres veces ganador del premio Grammy fue absuelto por un jurado federal de otros siete cargos, incluidos los de obstrucci\u00f3n a la justicia en un juicio anterior, se\u00f1al\u00f3 el peri\u00f3dico.<\/p>\n<p>\u00c9l y dos ex socios estaban acusados de obstruir un juicio por pornograf\u00eda infantil en 2008 en el que un jurado lo declar\u00f3 inocente.<\/p>\n<p>El ex representante de Kelly, Derrel McDavid, y un antiguo empleado, Milton\u00a0<em>June<\/em>\u00a0Brown, tambi\u00e9n fueron absueltos ayer de los cargos de obstrucci\u00f3n.<\/p>\n<p>Se les acusaba de haber amenazado y corrompido a una v\u00edctima que entonces no entreg\u00f3 su testimonio. Pero la mujer que tiene ahora 37 a\u00f1os se expres\u00f3 ayer.<\/p>\n<p>Extractos de videos en los que se ven actos de violencia sexual cometidos por R. Kelly contra adolescentes, una de 14 a\u00f1os, fueron mostrados durante el proceso.<\/p>\n<\/div>\n<div class=\"col col2\">\n<p>El jurado, de 12 personas, demor\u00f3 unas 11 horas para llegar a un veredicto, que podr\u00eda sumar una fuerte condena a los 30 a\u00f1os de encarcelamiento que ya recibi\u00f3 el cantante en Nueva York en septiembre por reclutar a adolescentes y mujeres para practicar sexo.<\/p>\n<p>En el caso de Nueva York, el cantante de\u00a0<em>I Believe I Can Fly<\/em>\u00a0fue declarado culpable de ocho cargos de tr\u00e1fico sexual y uno de extorsi\u00f3n.<\/p>\n<p>La condena de R. Kelly en Nueva York, la primera en un juicio en el que la mayor\u00eda de las partes civiles eran mujeres negras, se consider\u00f3 un punto de inflexi\u00f3n en el movimiento\u00a0<em>#MeToo.<\/em><\/p>\n<p>Los debates arrojaron luz sobre el\u00a0<q>sistema<\/q>\u00a0de R. Kelly para atraer a jovencitas y violarlas, con la complicidad de personas de su entorno.<\/p>\n<p>Muchas v\u00edctimas contaron que hab\u00edan conocido a su \u00eddolo en un concierto y despu\u00e9s alguien hab\u00eda deslizado un peque\u00f1o papel con los datos de contacto del cantante.<\/p>\n<p>Aunque se les promet\u00eda hacer despegar su carrera, lo que suced\u00eda era que se les\u00a0<q>adoctrinaba<\/q>\u00a0y forzaba a tener relaciones sexuales, en un sistema\u00a0<q>s\u00f3rdido<\/q>\u00a0bajo\u00a0<q>medidas coercitivas<\/q>, seg\u00fan la acusaci\u00f3n.<\/p>\n<\/div>\n<\/div>\n<div class=\"go gui\">\n<div class=\"go-up\"><\/div>\n<\/div>\n<\/div>\n<div id=\"taboola-below-content-thumbnails\" class=\" trc_related_container trc_spotlight_widget tbl-feed-container tbl-feed-frame-DIVIDER  render-late-effect\" data-feed-container-num=\"1\" data-feed-main-container-id=\"taboola-below-content-thumbnails\" data-parent-placement-name=\"Below Content Thumbnails\" data-pub-lang=\"es\">\n<div class=\" tbl-feed-header tbl-logo-right-position\">\n<div class=\"tbl-feed-header-logo\"><\/div>\n<\/div>\n<\/div>\n","protected":false},"excerpt":{"rendered":"<p>Condenan a R. Kelly por producci\u00f3n de pornograf\u00eda infantil Afp La Jornada Los \u00c1ngeles. El cantante de R&amp;B ca\u00eddo en desgracia R. Kelly, que cumple una condena de 30 a\u00f1os por delitos sexuales, fue declarado ayer culpable de pornograf\u00eda infantil despu\u00e9s de un juicio de un mes en su ciudad natal de Chicago. Robert Sylvester [&hellip;]<\/p>\n","protected":false},"author":249,"featured_media":29297,"comment_status":"open","ping_status":"closed","sticky":false,"template":"","format":"standard","meta":{"footnotes":""},"categories":[26],"tags":[],"class_list":["post-29296","post","type-post","status-publish","format-standard","has-post-thumbnail","hentry","category-mundo"],"_links":{"self":[{"href":"https:\/\/eloficiodehistoriar.com.mx\/index.php?rest_route=\/wp\/v2\/posts\/29296","targetHints":{"allow":["GET"]}}],"collection":[{"href":"https:\/\/eloficiodehistoriar.com.mx\/index.php?rest_route=\/wp\/v2\/posts"}],"about":[{"href":"https:\/\/eloficiodehistoriar.com.mx\/index.php?rest_route=\/wp\/v2\/types\/post"}],"author":[{"embeddable":true,"href":"https:\/\/eloficiodehistoriar.com.mx\/index.php?rest_route=\/wp\/v2\/users\/249"}],"replies":[{"embeddable":true,"href":"https:\/\/eloficiodehistoriar.com.mx\/index.php?rest_route=%2Fwp%2Fv2%2Fcomments&post=29296"}],"version-history":[{"count":1,"href":"https:\/\/eloficiodehistoriar.com.mx\/index.php?rest_route=\/wp\/v2\/posts\/29296\/revisions"}],"predecessor-version":[{"id":29298,"href":"https:\/\/eloficiodehistoriar.com.mx\/index.php?rest_route=\/wp\/v2\/posts\/29296\/revisions\/29298"}],"wp:featuredmedia":[{"embeddable":true,"href":"https:\/\/eloficiodehistoriar.com.mx\/index.php?rest_route=\/wp\/v2\/media\/29297"}],"wp:attachment":[{"href":"https:\/\/eloficiodehistoriar.com.mx\/index.php?rest_route=%2Fwp%2Fv2%2Fmedia&parent=29296"}],"wp:term":[{"taxonomy":"category","embeddable":true,"href":"https:\/\/eloficiodehistoriar.com.mx\/index.php?rest_route=%2Fwp%2Fv2%2Fcategories&post=29296"},{"taxonomy":"post_tag","embeddable":true,"href":"https:\/\/eloficiodehistoriar.com.mx\/index.php?rest_route=%2Fwp%2Fv2%2Ftags&post=29296"}],"curies":[{"name":"wp","href":"https:\/\/api.w.org\/{rel}","templated":true}]}}