{"id":29299,"date":"2022-09-16T17:25:24","date_gmt":"2022-09-16T23:25:24","guid":{"rendered":"https:\/\/eloficiodehistoriar.com.mx\/?p=29299"},"modified":"2022-09-16T17:25:24","modified_gmt":"2022-09-16T23:25:24","slug":"mantener-el-equilibrio-entre-tradicion-e-innovacion-premisas-fundamentales-del-ballet-folklorico","status":"publish","type":"post","link":"https:\/\/eloficiodehistoriar.com.mx\/?p=29299","title":{"rendered":"Mantener el equilibrio entre tradici\u00f3n e innovaci\u00f3n,  premisas fundamentales del Ballet Folkl\u00f3rico"},"content":{"rendered":"<div id=\"article-cont\" class=\"main-cont article-cont actuality\">\n<div class=\"cabeza\">Ballet folkl\u00f3rico de Amalia Hern\u00e1ndez se renueva\u00a0<q>con una din\u00e1mica muy s\u00f3lida<\/q><\/div>\n<div class=\"sumarios\"><\/div>\n<div id=\"article-text\" class=\"text\">\n<div class=\"foto\">\n<div class=\"pie-foto\">Salvador L\u00f3pez, director del Ballet Folkl\u00f3rico de M\u00e9xico de Amalia Hern\u00e1ndez, detall\u00f3 en entrevista la celebraci\u00f3n por los 70 a\u00f1os de trayectoria del ballet con una funci\u00f3n especial ayer en el Palacio de Bellas Artes.<\/div>\n<div><\/div>\n<\/div>\n<div class=\"col col1\">\n<div class=\"credito-autor\">\u00c1ngel Vargas y Ana M\u00f3nica Rodr\u00edguez<\/div>\n<div class=\"credito-titulo\"><\/div>\n<div class=\"hemero\">La Jornada<\/p>\n<\/div>\n<p class=\"s-s\">Mantener el equilibrio entre tradici\u00f3n e innovaci\u00f3n es una de las premisas fundamentales del Ballet Folkl\u00f3rico de M\u00e9xico de Amalia Hern\u00e1ndez, que con esta visi\u00f3n y misi\u00f3n celebra su 70 aniversario desde abril pasado.<\/p>\n<p>A sus habituales presentaciones los mi\u00e9rcoles y domingos en el Palacio de Bellas Artes, la compa\u00f1\u00eda danc\u00edstica ha sumado en meses recientes, con motivo de dicho festejo, una serie de galas en las que han participado diferentes grupos y artistas.<\/p>\n<p>Como invitados se han presentado la Orquesta Sinf\u00f3nica Nacional, la Marimba Nandayapa, el grupo de Son Jarocho Mono Blanco, y en puerta est\u00e1n el Mariachi Vargas de Tecalitl\u00e1n y la Banda del Centro de Capacitaci\u00f3n Musical y Desarrollo de la Cultura Mixe, de Oaxaca.<\/p>\n<p><q>Celebramos nuestro aniversario reconociendo el trabajo de otras representaciones culturales del pa\u00eds. Los encuentros han sido muy afortunados<\/q>, destaca Salvador L\u00f3pez, director general del ballet.<\/p>\n<p><q>Tenemos 70 a\u00f1os de existencia y una gran serie de reconocimientos y premios, pero en esta ocasi\u00f3n nuestro inter\u00e9s es acercarnos a otros grupos y artistas, as\u00ed como generar nuevos p\u00fablicos y proyectos para la agrupaci\u00f3n; es otra manera de pensar en el futuro de la compa\u00f1\u00eda m\u00e1s all\u00e1 de seguir recordando el pasado, que es muy importante, pero nos parece fundamental ver hacia adelante en todos los sentidos<\/q>.<\/p>\n<p>La alianza con el Mariachi Vargas de Tecalit\u00e1n produjo\u00a0<q>un recorrido por las tradiciones de M\u00e9xico<\/q>\u00a0con el espect\u00e1culo\u00a0<em>Momentos: m\u00e1s all\u00e1 de la vida<\/em>. Este ensamble musical y danc\u00edstico se estrenar\u00e1 el 19 de marzo de 2023, en el Auditorio Nacional.<\/p>\n<p>Salvador L\u00f3pez explic\u00f3 que se transportar\u00e1 al p\u00fablico a lo m\u00e1s profundo de la magia de la cultura mexicana, \u201cbasado en el rico f\u00f3lclor y costumbres, en todos los sentidos: la alegr\u00eda, la fiesta, la muerte, el romance, el amor y desamor\u2026 todo lo que es la vida del mexicano\u201d.<\/p>\n<p>Alberto Garc\u00eda, en representaci\u00f3n del Mariachi, que celebra hoy su 125 aniversario, sostuvo:\u00a0<q>Se nos abri\u00f3 la mente y el coraz\u00f3n de festejar a las dos grandes instituciones del pa\u00eds y se comenz\u00f3 a desarrollar y a animar a todo el talento para presentar este espect\u00e1culo, con el cual M\u00e9xico se sienta orgulloso y sea embajador<\/q>\u00a0a escala mundial.<\/p>\n<p>Por su parte, Salvador L\u00f3pez destac\u00f3 la gala de fin de a\u00f1o en el Auditorio Nacional que se llevar\u00e1 a cabo el 29 de diciembre. Esta ser\u00e1 la primera ocasi\u00f3n en que el ballet de Amalia Hern\u00e1ndez presente en ese recinto la obra\u00a0<em>Navidades mexicanas<\/em>, concebida hace tres d\u00e9cadas por la legendaria core\u00f3grafa, quien no logr\u00f3 concluirla al fallecer en noviembre de 2000.<\/p>\n<p>En el espect\u00e1culo se conjugan las tradiciones ind\u00edgenas con la influencia espa\u00f1ola y desde hace 15 a\u00f1os se realiza una temporada de \u00e9ste en el Castillo de Chapultepec, en el contexto de las fiestas decembrinas.<\/p>\n<p>Los responsables de la compa\u00f1\u00eda folcl\u00f3rica aceptaron el reto de montarlo tambi\u00e9n este a\u00f1o en el Auditorio Nacional, con el doble prop\u00f3sito de hacer una producci\u00f3n de mayor envergadura \u2013en esta ocasi\u00f3n participar\u00e1n 60 bailarines, 25 cantantes del coro y 30 integrantes de la orquesta\u2013 e instaurarlo como una costumbre anual en ese espacio.<\/p>\n<\/div>\n<div class=\"col col2\">\n<p>Seg\u00fan Salvador L\u00f3pez,\u00a0<em>Navidades mexicanas\u00a0<\/em><q>es una muestra de una propuesta nueva, din\u00e1mica y con energ\u00eda que consigue sorprender al p\u00fablico<\/q>.<\/p>\n<p>En su opini\u00f3n, proyectos como el ballet Amalia Hern\u00e1ndez deben mantener un equilibrio entre tradici\u00f3n e innovaci\u00f3n, por lo cual tienen que renovarse y adecuarse a las formas de ver de cada \u00e9poca.<\/p>\n<p><q>La vida tiene hoy una din\u00e1mica distinta a la que tuvo en los a\u00f1os 60 y 70, y los espect\u00e1culos no est\u00e1n exentos de eso. Si no actualizamos las propuestas, nos quedaremos atr\u00e1s y dejaremos de ser atractivos para la gente<\/q>, se\u00f1ala.<\/p>\n<p><q>Tenemos que mostrar la tradici\u00f3n de M\u00e9xico de una manera que sea fuerte, con gran energ\u00eda, con un ritmo y una din\u00e1mica muy s\u00f3lidos, y que todo eso tenga que ver con lo que vivimos hoy. No podemos quedarnos atr\u00e1s. Por eso ahora invitamos a otros grupos para nuevos proyectos.<\/q><\/p>\n<p class=\"sumario\">Funci\u00f3n especial en Bellas Artes<\/p>\n<p class=\"s-s\">El Ballet Folkl\u00f3rico de M\u00e9xico de Amalia Hern\u00e1ndez, que desde 1952 ha sido el conjunto emblem\u00e1tico del baile folcl\u00f3rico tradicional del pa\u00eds, celebr\u00f3 ayer 70 a\u00f1os de trayectoria con una funci\u00f3n especial en el Palacio de Bellas Artes.<\/p>\n<p>En la sala principal del m\u00e1ximo recinto cultural, la agrupaci\u00f3n art\u00edstica que dirigen Salvador L\u00f3pez y Viviana Basanta interpret\u00f3\u00a0<em>Huapango<\/em>, de Jos\u00e9 Pablo Moncayo, y cont\u00f3 con la participaci\u00f3n especial de la Compa\u00f1\u00eda Nacional de Danza.<\/p>\n<p>El cuadro coreogr\u00e1fico de\u00a0<em>Huapango\u00a0<\/em>re\u00fane la esencia de la bailarina, core\u00f3grafa y embajadora de la cultura mexicana, Amalia Hern\u00e1ndez, quien en el Ballet convirti\u00f3 leyendas, historias e im\u00e1genes en una explosi\u00f3n de colores y movimiento al ritmo de las melod\u00edas propias de nuestra tierra.<\/p>\n<p><em>Huapango\u00a0<\/em>es una de las piezas m\u00e1s ic\u00f3nicas del territorio mexicano y ha sido considerada el segundo himno nacional de nuestro pa\u00eds. La m\u00fasica, cuyo recorrido es parecido a un fandango jarocho, sirve como base para reunir la obra de Amalia Hern\u00e1ndez, que integra \u2013como en un rompecabezas\u2013 extractos de las coreograf\u00edas m\u00e1s emblem\u00e1ticas del Ballet Folkl\u00f3rico de M\u00e9xico.<\/p>\n<p>El programa tambi\u00e9n cont\u00f3 con la coreograf\u00eda\u00a0<em>Azteca<\/em>, una reconstrucci\u00f3n de antiguas danzas rituales;\u00a0<em>Guerrero<\/em>, que representa la gran riqueza cultural de la regi\u00f3n en tres fascinantes danzas;\u00a0<em>La Revoluci\u00f3n<\/em>, un ballet dedicado a las valientes mujeres y su importante papel en la Revoluci\u00f3n Mexicana;\u00a0<em>La charreada<\/em>, que exalta una de las tradiciones m\u00e1s arraigadas de M\u00e9xico;\u00a0<em>Fiesta en Tlacotalpan<\/em>, fusi\u00f3n entre la m\u00fasica y danza jarocha con la cultura espa\u00f1ola, as\u00ed como\u00a0<em>Los matachines<\/em>, poderosa y enigm\u00e1tica danza que esconde el mestizaje de nuestro pa\u00eds, y\u00a0<em>La vida es un juego<\/em>, exquisita alegor\u00eda a la vida en forma de juegos infantiles y juguetes mexicanos.<\/p>\n<p>(Con informaci\u00f3n de La Redacci\u00f3n)<\/p>\n<\/div>\n<\/div>\n<div class=\"go gui\">\n<div class=\"go-up\"><\/div>\n<\/div>\n<\/div>\n<div id=\"taboola-below-content-thumbnails\" class=\" trc_related_container trc_spotlight_widget tbl-feed-container tbl-feed-frame-DIVIDER  render-late-effect\" data-feed-container-num=\"1\" data-feed-main-container-id=\"taboola-below-content-thumbnails\" data-parent-placement-name=\"Below Content Thumbnails\" data-pub-lang=\"es\">\n<div class=\" tbl-feed-header tbl-logo-right-position\">\n<div class=\"tbl-feed-header-logo\"><\/div>\n<\/div>\n<\/div>\n","protected":false},"excerpt":{"rendered":"<p>Ballet folkl\u00f3rico de Amalia Hern\u00e1ndez se renueva\u00a0con una din\u00e1mica muy s\u00f3lida Salvador L\u00f3pez, director del Ballet Folkl\u00f3rico de M\u00e9xico de Amalia Hern\u00e1ndez, detall\u00f3 en entrevista la celebraci\u00f3n por los 70 a\u00f1os de trayectoria del ballet con una funci\u00f3n especial ayer en el Palacio de Bellas Artes. \u00c1ngel Vargas y Ana M\u00f3nica Rodr\u00edguez La Jornada Mantener [&hellip;]<\/p>\n","protected":false},"author":249,"featured_media":29300,"comment_status":"open","ping_status":"closed","sticky":false,"template":"","format":"standard","meta":{"footnotes":""},"categories":[26],"tags":[],"class_list":["post-29299","post","type-post","status-publish","format-standard","has-post-thumbnail","hentry","category-mundo"],"_links":{"self":[{"href":"https:\/\/eloficiodehistoriar.com.mx\/index.php?rest_route=\/wp\/v2\/posts\/29299","targetHints":{"allow":["GET"]}}],"collection":[{"href":"https:\/\/eloficiodehistoriar.com.mx\/index.php?rest_route=\/wp\/v2\/posts"}],"about":[{"href":"https:\/\/eloficiodehistoriar.com.mx\/index.php?rest_route=\/wp\/v2\/types\/post"}],"author":[{"embeddable":true,"href":"https:\/\/eloficiodehistoriar.com.mx\/index.php?rest_route=\/wp\/v2\/users\/249"}],"replies":[{"embeddable":true,"href":"https:\/\/eloficiodehistoriar.com.mx\/index.php?rest_route=%2Fwp%2Fv2%2Fcomments&post=29299"}],"version-history":[{"count":1,"href":"https:\/\/eloficiodehistoriar.com.mx\/index.php?rest_route=\/wp\/v2\/posts\/29299\/revisions"}],"predecessor-version":[{"id":29301,"href":"https:\/\/eloficiodehistoriar.com.mx\/index.php?rest_route=\/wp\/v2\/posts\/29299\/revisions\/29301"}],"wp:featuredmedia":[{"embeddable":true,"href":"https:\/\/eloficiodehistoriar.com.mx\/index.php?rest_route=\/wp\/v2\/media\/29300"}],"wp:attachment":[{"href":"https:\/\/eloficiodehistoriar.com.mx\/index.php?rest_route=%2Fwp%2Fv2%2Fmedia&parent=29299"}],"wp:term":[{"taxonomy":"category","embeddable":true,"href":"https:\/\/eloficiodehistoriar.com.mx\/index.php?rest_route=%2Fwp%2Fv2%2Fcategories&post=29299"},{"taxonomy":"post_tag","embeddable":true,"href":"https:\/\/eloficiodehistoriar.com.mx\/index.php?rest_route=%2Fwp%2Fv2%2Ftags&post=29299"}],"curies":[{"name":"wp","href":"https:\/\/api.w.org\/{rel}","templated":true}]}}