{"id":29305,"date":"2022-09-16T17:39:54","date_gmt":"2022-09-16T23:39:54","guid":{"rendered":"https:\/\/eloficiodehistoriar.com.mx\/?p=29305"},"modified":"2022-09-16T17:39:54","modified_gmt":"2022-09-16T23:39:54","slug":"que-se-mueve-que-crece-que-convierte-pecadores-2","status":"publish","type":"post","link":"https:\/\/eloficiodehistoriar.com.mx\/?p=29305","title":{"rendered":"Que se mueve, que crece, que convierte pecadores."},"content":{"rendered":"<h1 style=\"font-weight: inherit;\"><b><strong style=\"font-style: inherit;\"><span style=\"font-style: inherit; font-weight: inherit;\">La Cruz<\/span><\/strong><\/b><b><strong style=\"font-style: inherit;\"><span style=\"font-style: inherit; font-weight: inherit;\">\u00a0de los Milagros<\/span><\/strong><\/b><\/h1>\n<p style=\"font-weight: 400;\"><span style=\"font-style: inherit; font-weight: inherit;\">\u00a0<\/span><\/p>\n<p style=\"font-weight: 400;\"><b><strong style=\"font-style: inherit;\"><span style=\"font-style: inherit; font-weight: inherit;\">Por Jos\u00e9 F\u00e9lix Zavala<\/span><\/strong><\/b><span style=\"font-style: inherit; font-weight: inherit;\">\u00a0<\/span><\/p>\n<table style=\"font-weight: 400;\" width=\"100%\">\n<tbody style=\"font-style: inherit; font-weight: inherit;\">\n<tr style=\"font-style: inherit; font-weight: inherit;\">\n<td style=\"font-style: inherit;\"><\/td>\n<\/tr>\n<\/tbody>\n<\/table>\n<p style=\"font-weight: 400;\"><span style=\"font-style: inherit; font-weight: inherit;\">\u00a0<\/span><span style=\"font-style: inherit; font-weight: inherit;\">Que se mueve, que crece, que convierte pecadores. Se dice, se cuenta entre la gente de aquel tiempo y de este, cuando se refieren a\u00a0la Santa Cruz\u00a0de los Milagros, venerada en el Convento de los Cruc\u00edferos, mientras se dispersa el gent\u00edo de\u00a0la Loma\u00a0del Sangremal,\u00a0\u00a0barrio de\u00a0la Cruz\u00a0y San Francisquito, lugar donde el Se\u00f1or del Trueno, Santiago el Mayor, el d\u00eda en que Chichimecas y espa\u00f1oles pelearon, inclinara la balanza hacia los Caballeros que como \u00e9l, bland\u00edan espada sobre corcel. Tambi\u00e9n alarg\u00f3 el d\u00eda, eclips\u00f3 al sol y resalt\u00f3 una cruz, convirti\u00e9ndose as\u00ed en patrono de un nuevo pueblo e incrementando su leyenda.<\/span><span style=\"font-style: inherit; font-weight: inherit;\">\u00a0<\/span><span style=\"font-style: inherit; font-weight: inherit;\">A San Crist\u00f3bal y a San Miguel Arc\u00e1ngel, se uni\u00f3 Santiago el Mayor, para iluminar la imaginaci\u00f3n de los espa\u00f1oles del siglo XVl, que lo convirtieron en guerrero invencible, mientras los indios lo asociaron con el dios del rayo, del trueno y del rel\u00e1mpago.<\/span><span style=\"font-style: inherit; font-weight: inherit;\">\u00a0<\/span><\/p>\n<p style=\"font-weight: 400;\"><span style=\"font-style: inherit; font-weight: inherit;\">Nace Quer\u00e9taro y con esto los indios sincretizan un patrocinio no planeado por el vencedor, al exigir una r\u00e9plica de la cruz aparecida junto a Santiago, el d\u00eda de la batalla, para de all\u00ed en adelante hacer de ella un motivo para congregarse, que hasta la fecha conservan y ritualizan cada 14 de septiembre.<\/span><span style=\"font-style: inherit; font-weight: inherit;\">\u00a0<\/span><\/p>\n<p style=\"font-weight: 400;\"><span style=\"font-style: inherit; font-weight: inherit;\">Ya dijera Fray Francisco Javier de Santa Gertrudis, al referirse a los antiguos pobladores de esta regi\u00f3n, \u201cera una naci\u00f3n, entre las b\u00e1rbaras la m\u00e1s cerril e ind\u00f3mita, sin genero de sumisi\u00f3n\u201d por ello exigieron se pusiese una cruz \u201cen forma\u201d que durase para siempre.<\/span><span style=\"font-style: inherit; font-weight: inherit;\">\u00a0<\/span><\/p>\n<p style=\"font-weight: 400;\"><span style=\"font-style: inherit; font-weight: inherit;\">Se envi\u00f3 al arquitecto Juan De\u00a0La Cruz, al cerro que est\u00e1 enfrente del Sangremal \u201cpor donde tenia vertiente la laguna\u201d y donde se encontrara en un apacible ajedrezado de blanco y rojo cinco piedras, que articuladas, dieron forma a\u00a0la Santa Cruz\u00a0de Los Milagros.<\/span><span style=\"font-style: inherit; font-weight: inherit;\">\u00a0<\/span><\/p>\n<p style=\"font-weight: 400;\"><span style=\"font-style: inherit; font-weight: inherit;\">Dos siglos despu\u00e9s, 16 testigos, juraron en toda forma su antig\u00fcedad, que data desde la conquista de Quer\u00e9taro, ante el entonces obispo de Michoac\u00e1n, Fray Marcos Ram\u00edrez del Prado.<\/span><span style=\"font-style: inherit; font-weight: inherit;\">\u00a0<\/span><\/p>\n<p style=\"font-weight: 400;\"><span style=\"font-style: inherit; font-weight: inherit;\">Para que esto sucediera, ya hab\u00edan gobernado a los otom\u00edes: Etzaguindo, Piedra que sumba en el \u00e1rbol, Eccenguy, Culebra de nubes, Ehmatzahn\u00ec, Jaguar, todos importantes se\u00f1ores, que conservaron su autonom\u00eda frente a los mexicas y pur\u00e9pechas.<\/span><span style=\"font-style: inherit; font-weight: inherit;\">\u00a0<\/span><\/p>\n<p style=\"font-weight: 400;\"><span style=\"font-style: inherit; font-weight: inherit;\">Gobernaron a gente que \u201c viv\u00eda en orden, sin flojera, drogas, robo, asaltos, ni mentiras \u00ab. Tampoco hab\u00eda falsos testimonios, ni codicia, ni envidia, la gente se ajustaba a las reglas de la sociedad, prevalec\u00eda la justicia\u201d.<\/span><span style=\"font-style: inherit; font-weight: inherit;\">\u00a0<\/span><\/p>\n<p style=\"font-weight: 400;\"><span style=\"font-style: inherit; font-weight: inherit;\">Lleg\u00f3 la fe cristiana y con ella Con\u00edn, el indio tlaxcalteca, que al trueque de sayales, huipiles y enaguas, se hizo amigo de los Huachichiles de\u00a0la Ca\u00f1ada\u00a0de Path\u00e9. Tambi\u00e9n se amist\u00f3 con el espa\u00f1ol Hern\u00e1n P\u00e9rez de Bocanegra, quien lo \u201cconvenciera\u201d de la necesidad de someterse pac\u00edficamente a los conquistadores.<\/span><span style=\"font-style: inherit; font-weight: inherit;\">\u00a0<\/span><\/p>\n<p style=\"font-weight: 400;\"><span style=\"font-style: inherit; font-weight: inherit;\">Con Con\u00edn fueron \u201cconvencidos\u201d los habitantes de\u00a0la Ca\u00f1ada\u00a0y del valle de Maxei, d\u00e1ndose al alborear el 25 de julio de 1531, al filo de las seis de la ma\u00f1ana, un simulacro de batalla, entre gritos, sonido de clarines,\u00a0\u00a0retumbar de tambores y chocar de cuerpos. Batalla de antemano perdida por los Chichimecas, que en \u201cvenganza\u201d formaron un\u00a0\u00a0nuevo dios que diera hegemon\u00eda a su raza hasta nuestros d\u00edas.<\/span><span style=\"font-style: inherit; font-weight: inherit;\">\u00a0<\/span><\/p>\n<p style=\"font-weight: 400;\"><span style=\"font-style: inherit; font-weight: inherit;\">De este hecho nace el pueblo de Quer\u00e9taro y con \u00e9l la leyenda de\u00a0la Santa Cruz\u00a0De Los Milagros, que crece, se mueve y convierte pecadores, pero sobre todo identifica con su culto a un pueblo que vencido permanece resistiendo a las faldas del Sangremal.<\/span><span style=\"font-style: inherit; font-weight: inherit;\">\u00a0<\/span><\/p>\n<p style=\"font-weight: 400;\"><span style=\"font-style: inherit; font-weight: inherit;\">Santiago de Quer\u00e9taro, nacido como pueblo de indios, se une con su nombre a cientos de pueblos americanos dejados bajo el patrocinio del ap\u00f3stol guerrero, el dios de la guerra, degollado en el a\u00f1o 46 de la era cristiana.\u00a0<\/span><span style=\"font-style: inherit; font-weight: inherit;\">\u00a0<\/span><\/p>\n<p style=\"font-weight: 400;\"><span style=\"font-style: inherit; font-weight: inherit;\">Destacan por su fama las ciudades de Santiago de Cuba, Santiago de Chile, Santiago de Caracas, Santiago de Quito, Santiago de los Caballeros de Guatemala,\u00a0La Antigua, entre muchas otras m\u00e1s.<\/span><span style=\"font-style: inherit; font-weight: inherit;\">\u00a0<\/span><\/p>\n<p style=\"font-weight: 400;\"><span style=\"font-style: inherit; font-weight: inherit;\">Es en Santiago de Quer\u00e9taro donde se realiza la quinta aparici\u00f3n del santo conquistador, dios del trueno y del rel\u00e1mpago, de las 14 apariciones que realiza en suelo americano, solo cuatro de ellas fueron en lo que ahora es el territorio mexicano, pero en ninguna de sus apariciones se opacan tanto como\u00a0\u00a0en esta de Quer\u00e9taro, donde la cruz aparecida con \u00e9l, se vuelve el signo unificador de los derrotados, de ella sale todo un motivo de unidad para resistir, para ganar perdiendo.<\/span><span style=\"font-style: inherit; font-weight: inherit;\">\u00a0<\/span><\/p>\n<p style=\"font-weight: 400;\"><span style=\"font-style: inherit; font-weight: inherit;\">Esta cruz se mueve, cuentan sus apolog\u00e9ticos, que lo hace como los robles, formando una cruz para la fe espa\u00f1ola y hacia los cuatro puntos cardinales para la cosmogon\u00eda chichimeca.<\/span><span style=\"font-style: inherit; font-weight: inherit;\">\u00a0<\/span><\/p>\n<p style=\"font-weight: 400;\"><span style=\"font-style: inherit; font-weight: inherit;\">Dicen que la primera vez fue cuando cantaba misa Fray Jos\u00e9 De Valderr\u00e1bano, \u201cno qued\u00f3 persona en el pueblo y su contorno que no viese la maravilla\u00a0\u00a0y a\u00fan muchos ven\u00edan de muy distantes lugares\u201d, este fen\u00f3meno se repet\u00eda los viernes, dicen.<\/span><span style=\"font-style: inherit; font-weight: inherit;\">\u00a0<\/span><\/p>\n<p style=\"font-weight: 400;\"><span style=\"font-style: inherit; font-weight: inherit;\">Por 1680 y 1683, tiempo de la fundaci\u00f3n del Colegio de Propaganda Fide, lugar donde crece el \u00e1rbol de las cruces \u201cfueron los movimientos tan recios y repetidos que puso a todo el lugar en grande cuidado y conturbaci\u00f3n\u2026\u201d.<\/span><span style=\"font-style: inherit; font-weight: inherit;\">\u00a0<\/span><\/p>\n<p style=\"font-weight: 400;\"><span style=\"font-style: inherit; font-weight: inherit;\">Esta cruz crece, nadie hay por el rumbo del Sangremal, los barrios de\u00a0la Cruz\u00a0y San Francisquito, que no cuente como crece, como se recorta y como tiene vida\u00a0la Santa Cruz\u00a0de los Milagros, esa que vieron los indios cuando los espa\u00f1oles llegaron y que trajeran procesionalmente entre soldados, banderas y lagrimas, desde el cerro de \u201cenfrente\u201d hasta el Sangremal y sobre una enramada se le dijera la primera misa y despu\u00e9s su culto se repartiera sigilosamente entre los adoratorios indios del contorno, para tenerla como a su nuevo dios.<\/span><span style=\"font-style: inherit; font-weight: inherit;\">\u00a0<\/span><\/p>\n<p style=\"font-weight: 400;\"><span style=\"font-style: inherit; font-weight: inherit;\">Cuentan que en 1639, ocho testigos, a petici\u00f3n del Padre Provincial Franciscano, de San Pedro y San Pablo, la examinaron para ver si hab\u00eda causa natural de sus movimientos, la midieron y ten\u00eda cinco varas y media, dos varas y media fuera de la tierra y otras tantas dentro, pero que poco tiempo despu\u00e9s hab\u00edan notado que aument\u00f3 media vara.<\/span><span style=\"font-style: inherit; font-weight: inherit;\">\u00a0<\/span><\/p>\n<p style=\"font-weight: 400;\"><span style=\"font-style: inherit; font-weight: inherit;\">Tambi\u00e9n dicen que un anciano religioso que estuvo presente cuando la metieron a su actual camerino, una caja de plata, vidriera de artificio, reliquias y alhajas, regalo de Juan Caballero Y Osio, qued\u00f3 cuatro dedos mas abajo del limite y que poco tiempo despu\u00e9s ocupaba todo el nicho, de tal suerte que hab\u00eda crecido media vara m\u00e1s.<\/span><span style=\"font-style: inherit; font-weight: inherit;\">\u00a0<\/span><\/p>\n<p style=\"font-weight: 400;\"><span style=\"font-style: inherit; font-weight: inherit;\">Esta cruz convierte pecadores, cuantos han entrado curiosos a su santuario, salen convertidos con solo ver con atenci\u00f3n a\u00a0la Santa Cruz\u00a0de los Milagros, se dice. ,<\/span><span style=\"font-style: inherit; font-weight: inherit;\">\u00a0<\/span><\/p>\n<p style=\"font-weight: 400;\"><span style=\"font-style: inherit; font-weight: inherit;\">Mientras consta y a nadie le es ajeno, ver subir de rodillas a se\u00f1ores indios\u00a0\u00a0desde la falda de la loma, la esquina actual de las calles de Zaragoza y Pasteur, ataviados de penachos, pectoral y maxtle e imitados por hombres,\u00a0\u00a0mujeres y ni\u00f1os, hasta la cima donde se encuentra la cruz, llegar a ella y experimentar una catarsis de la culpa, para salir llenos de alegr\u00eda y danzar al ritmo del teponaxtle \u00abFuego\u00bb y retirarse convencidos del perd\u00f3n.<\/span><span style=\"font-style: inherit; font-weight: inherit;\">\u00a0<\/span><\/p>\n<p style=\"font-weight: 400;\"><span style=\"font-style: inherit; font-weight: inherit;\">Santiago de Quer\u00e9taro, que debi\u00f3 llamarse Quer\u00e9taro de\u00a0la Santa Cruz\u00a0de los Milagros, permanece bajo el patrocinio del caballero que vino de Levante, el compa\u00f1ero de armas de los conquistadores y quien fuera pintado por el Greco en Espa\u00f1a y esculpido por nuestro gran pintor queretano Mariano Arce.<\/span><span style=\"font-style: inherit; font-weight: inherit;\">\u00a0<\/span><\/p>\n<p style=\"font-weight: 400;\"><span style=\"font-style: inherit; font-weight: inherit;\">Santiago El Mayor, cuyo nombre lleva nuestra ciudad, tambi\u00e9n fue rescatado por los indios como el dios del trueno y visto por ellos como un \u201ccaballero muy grande, vestido de blanco, en un caballo, con espada en la mano, haciendo tanto mal el caballo como el caballero con la espada\u201d, es por ello que se le guarda respeto y se le recrea con una leyenda, pero aun as\u00ed el pueblo se inclina hacia la cruz de piedra, mas cercana a la concepci\u00f3n de las deidades ind\u00edgenas y permanentemente presente en la conciencia de los Chichimecas.<\/span><span style=\"font-style: inherit; font-weight: inherit;\">\u00a0<\/span><\/p>\n<p style=\"font-weight: 400;\"><span style=\"font-style: inherit; font-weight: inherit;\">As\u00ed Santiago Ap\u00f3stol, patrono de Quer\u00e9taro, se viene a vivir con los espa\u00f1oles a las plazas \u201cde arriba y de abajo\u201d, se retrata en cantera sobre la fachada del templo del Convento Grande de San Francisco, queda en el escudo de armas de la ciudad, otorgado por el Rey Carlos V, pero la fiesta, el culto, la veneraci\u00f3n,\u00a0\u00a0y la costumbre, se quedan en el Sangremal, con\u00a0la Santa Cruz\u00a0de los Milagros.<\/span><span style=\"font-style: inherit; font-weight: inherit;\">\u00a0<\/span><\/p>\n<p style=\"font-weight: 400;\"><span style=\"font-style: inherit; font-weight: inherit;\">Quer\u00e9taro dos patrocinios y uno solo verdadero, penetrante, que se comprueba cuando las multitudes ven desfilar la tarde del 13 de septiembre a los Concheros y danzar incansablemente hasta el d\u00eda de la penitencia, 15 de septiembre, celebrando as\u00ed la exaltaci\u00f3n de\u00a0la Santa Cruz, la fiesta de la recolecci\u00f3n y dando el motivo buscado por los indios para recrear su costumbre en ritos y vejaciones, se\u00f1al permanente de que no han sido definitivamente vencidos.<\/span><\/p>\n","protected":false},"excerpt":{"rendered":"<p>La Cruz\u00a0de los Milagros \u00a0 Por Jos\u00e9 F\u00e9lix Zavala\u00a0 \u00a0Que se mueve, que crece, que convierte pecadores. Se dice, se cuenta entre la gente de aquel tiempo y de este, cuando se refieren a\u00a0la Santa Cruz\u00a0de los Milagros, venerada en el Convento de los Cruc\u00edferos, mientras se dispersa el gent\u00edo de\u00a0la Loma\u00a0del Sangremal,\u00a0\u00a0barrio de\u00a0la Cruz\u00a0y [&hellip;]<\/p>\n","protected":false},"author":249,"featured_media":29306,"comment_status":"open","ping_status":"closed","sticky":false,"template":"","format":"standard","meta":{"footnotes":""},"categories":[26],"tags":[],"class_list":["post-29305","post","type-post","status-publish","format-standard","has-post-thumbnail","hentry","category-mundo"],"_links":{"self":[{"href":"https:\/\/eloficiodehistoriar.com.mx\/index.php?rest_route=\/wp\/v2\/posts\/29305","targetHints":{"allow":["GET"]}}],"collection":[{"href":"https:\/\/eloficiodehistoriar.com.mx\/index.php?rest_route=\/wp\/v2\/posts"}],"about":[{"href":"https:\/\/eloficiodehistoriar.com.mx\/index.php?rest_route=\/wp\/v2\/types\/post"}],"author":[{"embeddable":true,"href":"https:\/\/eloficiodehistoriar.com.mx\/index.php?rest_route=\/wp\/v2\/users\/249"}],"replies":[{"embeddable":true,"href":"https:\/\/eloficiodehistoriar.com.mx\/index.php?rest_route=%2Fwp%2Fv2%2Fcomments&post=29305"}],"version-history":[{"count":1,"href":"https:\/\/eloficiodehistoriar.com.mx\/index.php?rest_route=\/wp\/v2\/posts\/29305\/revisions"}],"predecessor-version":[{"id":29307,"href":"https:\/\/eloficiodehistoriar.com.mx\/index.php?rest_route=\/wp\/v2\/posts\/29305\/revisions\/29307"}],"wp:featuredmedia":[{"embeddable":true,"href":"https:\/\/eloficiodehistoriar.com.mx\/index.php?rest_route=\/wp\/v2\/media\/29306"}],"wp:attachment":[{"href":"https:\/\/eloficiodehistoriar.com.mx\/index.php?rest_route=%2Fwp%2Fv2%2Fmedia&parent=29305"}],"wp:term":[{"taxonomy":"category","embeddable":true,"href":"https:\/\/eloficiodehistoriar.com.mx\/index.php?rest_route=%2Fwp%2Fv2%2Fcategories&post=29305"},{"taxonomy":"post_tag","embeddable":true,"href":"https:\/\/eloficiodehistoriar.com.mx\/index.php?rest_route=%2Fwp%2Fv2%2Ftags&post=29305"}],"curies":[{"name":"wp","href":"https:\/\/api.w.org\/{rel}","templated":true}]}}