{"id":29309,"date":"2022-09-17T13:28:21","date_gmt":"2022-09-17T19:28:21","guid":{"rendered":"https:\/\/eloficiodehistoriar.com.mx\/?p=29309"},"modified":"2022-09-17T13:28:21","modified_gmt":"2022-09-17T19:28:21","slug":"sol-pereyra-es-una-mujer-creativa-su-musica-expresa-el-folclor-latinoamericano","status":"publish","type":"post","link":"https:\/\/eloficiodehistoriar.com.mx\/?p=29309","title":{"rendered":"Sol Pereyra es una mujer creativa, su m\u00fasica expresa el folclor latinoamericano"},"content":{"rendered":"<div class=\"cabeza\"><q>El arte conecta mundos, buena herramienta en la infancia<\/q>: Sol Pereyra<\/div>\n<div class=\"sumarios\"><\/div>\n<div id=\"article-text\" class=\"text tbl-forkorts-article\">\n<div class=\"foto\">\n<div class=\"pie-foto\">La cantante cierra gira el pr\u00f3ximo 6 de octubre en la Ciudad de M\u00e9xico<\/div>\n<div><\/div>\n<\/div>\n<div class=\"col\">\n<div class=\"credito-autor\">Israel Campos<\/div>\n<div class=\"credito-titulo\"><\/div>\n<div class=\"hemero\">La Jornada<\/p>\n<\/div>\n<p class=\"s-s\">La cantante, actriz y m\u00fasica argentina, Sol Pereyra es una mujer creativa, su m\u00fasica expresa el folclor latinoamericano y sus temas incluyen rimas que tienen una fuerza\u00a0<q>explosiva y luminosa<\/q>. En entrevista con\u00a0<em>La Jornada<\/em>, la solista comparte sus pr\u00f3ximas presentaciones y recuerda el inicio de su carrera.<\/p>\n<p>\u201cDesde ni\u00f1a, con el arte me di cuenta de que conectaba mundos, cosas que me sensibilizaban, desde lo creativo hasta aspectos sociales, eso se me despert\u00f3 desde chiquita. La danza y el teatro me marcaron, yo creo que el arte en general es una buena herramienta en la infancia, puede acompa\u00f1arte toda la vida como me pas\u00f3.<\/p>\n<p><q>La m\u00fasica siempre estuvo presente, viaj\u00e9 a Per\u00fa, ah\u00ed me conect\u00e9 con el folclor afroperuano y la m\u00fasica criolla de ese pa\u00eds, tambi\u00e9n fui a Venezuela y Bolivia; la ra\u00edz latinoamericana est\u00e1 muy presenten en mi m\u00fasica<\/q>, asegur\u00f3 la cantante.<\/p>\n<p>Desde ni\u00f1a practic\u00f3 teatro, danza y m\u00fasica, en ese tiempo en su casa se viv\u00edan momentos de bohemia y tertulias y se cantaba acompa\u00f1ados de guitarra. El mundo de la m\u00fasica, la literatura, la filosof\u00eda y la pol\u00edtica estuvieron muy presentes en su ni\u00f1ez y adolescencia.<\/p>\n<p>Culmin\u00f3 la licenciatura en teatro y form\u00f3 la compa\u00f1\u00eda independiente La Negra, con la que viaj\u00f3 por primera vez a M\u00e9xico en 1999. De manera paralela tom\u00f3 clases de percusi\u00f3n, viaj\u00f3 por Per\u00fa, tambi\u00e9n aprendi\u00f3 a tocar el cuatro venezolano. Pero uno de sus encuentros musicales m\u00e1s importantes, fue cuando lleg\u00f3 a Cuba y se hizo de una vieja trompeta con la que empez\u00f3 a estudiar a su regreso en Argentina.<\/p>\n<p><q>Empec\u00e9 a estudiar m\u00fasica entre los 9 y 10 a\u00f1os, en la misma etapa que practicaba artes esc\u00e9nicas y danza, de la mano del teatro empezaron los primeros viajes, en 1999 llegu\u00e9 a M\u00e9xico haciendo teatro popular, pasamos por Chiapas, Guerrero y Ciudad de M\u00e9xico. Cada periplo era una explosi\u00f3n de emociones en mi cabeza<\/q>, dijo Sol Pereyra.<\/p>\n<p>Con 21 a\u00f1os, crea su primer grupo musical llamado Los cocineros, con quienes public\u00f3 siete discos y recorrieron Argentina y Brasil. Su estilo musical abarca la mezcla del beat electr\u00f3nico con el pop, la m\u00fasica de ra\u00edz, el folclor latinoamericano, el reggae, las ragas raperas y el rock pop.<\/p>\n<p>\u201cMi primera experiencia como profesional en la m\u00fasica fue con Los cocineros, as\u00ed nos llamamos porque tom\u00e1bamos la m\u00fasica como si fuera un ingrediente de un platillo, donde lo mezclamos con distintos condimentos y a la vez quer\u00edamos que tuviera un sabor propio, con nuestro saz\u00f3n musical. Mezcl\u00e1bamos a The Clash con un tango.<\/p>\n<p><q>Con Los cocineros realic\u00e9 siete discos en el mismo n\u00famero de a\u00f1os, nos recorrimos toda Argentina y Brasil. Despu\u00e9s, hubo mucho material que no entr\u00f3 y me pregunt\u00e9, \u00bfqu\u00e9 hago con esto? Grab\u00e9 esas canciones sin pensar en ser solista, lo hice para crear un registro. Tomaron fuerza y cuando las puse ya en un disco empezaron a suceder cosas que no esperaba, muchas personas me escribieron diciendo que les hab\u00edan encantado esos temas, tambi\u00e9n contact\u00e9 a m\u00e1s artistas, con My Space contact\u00e9 a Carla Morrison<\/q>, comparti\u00f3 Sol.<\/p>\n<p>Los temas de Sol Pereyra han sido reconocidos por los expertos y prensa musical argentinos, destacan\u00a0<em>Antireversa<\/em>, incluida en el disco\u00a0<em>Resisto<\/em>, y en colaboraci\u00f3n con el tr\u00edo dominicano Mula, fue nominada a mejor colaboraci\u00f3n de m\u00fasica urbana en los Premios Gardel 2019. La canci\u00f3n\u00a0<em>De aqu\u00ed pa\u2019all\u00e1\u00a0<\/em>se us\u00f3 en uno de los cap\u00edtulos de\u00a0<em>La Casa de las Flores<\/em>, exitosa serie de Netflix. En 2019 fue distinguida con el premio Jer\u00f3nimo Luis Cabrera por su labor social, solidaria y participativa en la comunidad de C\u00f3rdoba, Argentina. En 2020 fue parte del homenaje por los 30 a\u00f1os del disco<em>\u00a0Canci\u00f3n Animal<\/em>\u00a0de Soda Stereo junto a artistas como Pedro Aznar, Lisandro Aristimu\u00f1o, Conociendo Rusia y El Kuelgue.<\/p>\n<p>En febrero de este a\u00f1o present\u00f3 una nueva versi\u00f3n de su canci\u00f3n\u00a0<em>Nadie te pregunt\u00f3<\/em>\u00a0junto a Los Caligaris en una poderosa versi\u00f3n producida por Moska Lorenzo y Mariano Franceschelli, integrantes del grupo Los Aut\u00e9nticos Decadentes.<\/p>\n<p>\u201cMe sigo agarrando muy fuerte del arte, siento que est\u00e1 muy convulsionado el mundo sobre todo despu\u00e9s del confinamiento por covid-19, acabo de hacer un disco donde vuelvo a la esencia, tiene algo teatral con algunos gui\u00f1os hacia el cine, con la escritura.<\/p>\n<p><q>Estoy terminando una gira extensa por M\u00e9xico, s\u00f3lo quedan un par de fechas, estar\u00e9 en Guadalajara el 29 de septiembre en el Centro Cultural Bret\u00f3n y Bajo Circuito en Ciudad de M\u00e9xico, el 6 de octubre cerramos gira y celebro mi cumplea\u00f1os para despu\u00e9s viajar a Argentina y Chile<\/q>, concluy\u00f3 Sol Pereyra.<\/p>\n<p>El pr\u00f3ximo sencillo de su sexto disco se lanza el 29 de septiembre e incluye una colaboraci\u00f3n con el grupo peruano de cumbia sicod\u00e9lica Los Mirlos. Su m\u00fasica se puede apreciar en las plataformas digitales, para conocer los detalles de su pr\u00f3ximo lanzamientos, as\u00ed como sus presentaciones, se puede acceder a sus redes sociales (<a href=\"https:\/\/twitter.com\/@solpereyraoficia\" target=\"_blank\" rel=\"noopener\">@solpereyraoficia<\/a>\u00a0y p\u00e1gina de Internet (<a href=\"https:\/\/www.solpereyra.com.ar\/\" target=\"_blank\" rel=\"noopener\">www.solpereyra.com.ar\/<\/a>).<\/p>\n<\/div>\n<\/div>\n","protected":false},"excerpt":{"rendered":"<p>El arte conecta mundos, buena herramienta en la infancia: Sol Pereyra La cantante cierra gira el pr\u00f3ximo 6 de octubre en la Ciudad de M\u00e9xico Israel Campos La Jornada La cantante, actriz y m\u00fasica argentina, Sol Pereyra es una mujer creativa, su m\u00fasica expresa el folclor latinoamericano y sus temas incluyen rimas que tienen una [&hellip;]<\/p>\n","protected":false},"author":249,"featured_media":29310,"comment_status":"open","ping_status":"closed","sticky":false,"template":"","format":"standard","meta":{"footnotes":""},"categories":[26],"tags":[],"class_list":["post-29309","post","type-post","status-publish","format-standard","has-post-thumbnail","hentry","category-mundo"],"_links":{"self":[{"href":"https:\/\/eloficiodehistoriar.com.mx\/index.php?rest_route=\/wp\/v2\/posts\/29309","targetHints":{"allow":["GET"]}}],"collection":[{"href":"https:\/\/eloficiodehistoriar.com.mx\/index.php?rest_route=\/wp\/v2\/posts"}],"about":[{"href":"https:\/\/eloficiodehistoriar.com.mx\/index.php?rest_route=\/wp\/v2\/types\/post"}],"author":[{"embeddable":true,"href":"https:\/\/eloficiodehistoriar.com.mx\/index.php?rest_route=\/wp\/v2\/users\/249"}],"replies":[{"embeddable":true,"href":"https:\/\/eloficiodehistoriar.com.mx\/index.php?rest_route=%2Fwp%2Fv2%2Fcomments&post=29309"}],"version-history":[{"count":1,"href":"https:\/\/eloficiodehistoriar.com.mx\/index.php?rest_route=\/wp\/v2\/posts\/29309\/revisions"}],"predecessor-version":[{"id":29311,"href":"https:\/\/eloficiodehistoriar.com.mx\/index.php?rest_route=\/wp\/v2\/posts\/29309\/revisions\/29311"}],"wp:featuredmedia":[{"embeddable":true,"href":"https:\/\/eloficiodehistoriar.com.mx\/index.php?rest_route=\/wp\/v2\/media\/29310"}],"wp:attachment":[{"href":"https:\/\/eloficiodehistoriar.com.mx\/index.php?rest_route=%2Fwp%2Fv2%2Fmedia&parent=29309"}],"wp:term":[{"taxonomy":"category","embeddable":true,"href":"https:\/\/eloficiodehistoriar.com.mx\/index.php?rest_route=%2Fwp%2Fv2%2Fcategories&post=29309"},{"taxonomy":"post_tag","embeddable":true,"href":"https:\/\/eloficiodehistoriar.com.mx\/index.php?rest_route=%2Fwp%2Fv2%2Ftags&post=29309"}],"curies":[{"name":"wp","href":"https:\/\/api.w.org\/{rel}","templated":true}]}}