{"id":29327,"date":"2022-09-18T15:33:39","date_gmt":"2022-09-18T21:33:39","guid":{"rendered":"https:\/\/eloficiodehistoriar.com.mx\/?p=29327"},"modified":"2022-09-18T15:33:39","modified_gmt":"2022-09-18T21:33:39","slug":"los-mercados-de-la-ciudad-de-mexico-volveran-a-ser-los-protagonistas-de-los-asaltos-escenicos-urbanos","status":"publish","type":"post","link":"https:\/\/eloficiodehistoriar.com.mx\/?p=29327","title":{"rendered":"Los mercados de la Ciudad de M\u00e9xico volver\u00e1n a ser los protagonistas de los asaltos esc\u00e9nicos urbanos"},"content":{"rendered":"<div id=\"article-cont\" class=\"main-cont article-cont actuality\">\n<div class=\"cabeza\">Irrumpen barrenderos en mercados de la CDMX con el asalto esc\u00e9nico\u00a0<em>Eco cuadrilla<\/em><\/div>\n<div class=\"sumarios\">\n<p>Propuesta art\u00edstica de la agrupaci\u00f3n Asaltodiario AC, con la que pretenden generar una reflexi\u00f3n en torno a la contaminaci\u00f3n ambiental \/\/\u00a0<q>Desde hace 35 a\u00f1os, transformamos la realidad con magia<\/q>, asegura Miguel \u00c1ngel D\u00edaz, fundador y codirector del proyecto<\/p>\n<\/div>\n<div id=\"article-text\" class=\"text\">\n<div class=\"foto\">\n<div class=\"pie-foto\">En <em>Eco cuadrilla,<\/em> un grupo de barrenderos busca contribuir a la conciencia sobre la situaci\u00f3n de la contaminaci\u00f3n.<\/div>\n<div><\/div>\n<\/div>\n<div class=\"col col1\">\n<div class=\"credito-autor\">Fabiola Palapa Quijas<\/div>\n<div class=\"credito-titulo\"><\/div>\n<div class=\"hemero\">La Jornada<\/p>\n<\/div>\n<p class=\"s-s\">Los mercados de la Ciudad de M\u00e9xico volver\u00e1n a ser los protagonistas de los asaltos esc\u00e9nicos urbanos con el espect\u00e1culo\u00a0<em>Eco cuadrilla,<\/em>\u00a0que presenta el grupo de experimentaci\u00f3n art\u00edstica Asaltodiario AC desde ayer y hasta el 30 de octubre.<\/p>\n<p>Con esta propuesta art\u00edstica en torno a la contaminaci\u00f3n del medio ambiente, la agrupaci\u00f3n fundada hace 35 a\u00f1os asaltar\u00e1 la cotidianidad de las personas y locatarios de los mercados con una experiencia est\u00e9tica que busca contribuir a la humanizaci\u00f3n del espacio urbano.<\/p>\n<p>En entrevista, Miguel \u00c1ngel D\u00edaz, codirector del proyecto junto con Claudia V\u00e1zquez, explic\u00f3 que sus asaltos son acciones multidisciplinarias que irrumpen en la cotidianidad de la gente, con el prop\u00f3sito de hacer de los mercados, calles o plazas espacios est\u00e9ticos que permitan cuestionar, criticar y replantear nuestras realidades.<\/p>\n<p>A\u00f1adi\u00f3 que sus propuestas buscan resignificar el entorno y contribuir en la reapropiaci\u00f3n de las vidas de los participantes a fin de incidir en la transformaci\u00f3n de las din\u00e1micas socioculturales de nuestras sociedades.<\/p>\n<p>\u201cEn\u00a0<em>Eco cuadrilla,<\/em>\u00a0un grupo de barrenderos busca contribuir a la conciencia sobre la situaci\u00f3n de la contaminaci\u00f3n y la explotaci\u00f3n de la tierra, porque no hay l\u00edmite de tiempo para la lucha entre los que contaminan y los que buscan revertir la situaci\u00f3n\u201d, explic\u00f3 D\u00edaz.<\/p>\n<p>En el asalto esc\u00e9nico, coment\u00f3 el codirector, se invita a las personas a que usen menos pl\u00e1stico y reflexionen acerca de la situaci\u00f3n del medio ambiente. \u201cEs la \u00faltima llamada para contrarrestar la contaminaci\u00f3n y lo que vamos a heredar a las futuras generaciones, porque el calentamiento global es un problema que ya estamos viviendo.<\/p>\n<p><q>Las luchas que se presentar\u00e1n son entre los contaminadores y los no contaminadores; es decir, los rudos contra los t\u00e9cnicos, los malos contra los buenos<\/q>. Durante la entrevista, Miguel \u00c1ngel D\u00edaz record\u00f3 que los asaltos esc\u00e9nicos en los mercados son un proyecto que se cre\u00f3 en 2018, y que buscaron la forma de gestionarlo por todos los permisos que requieren para trabajar en espacios p\u00fablicos.<\/p>\n<p>Tambi\u00e9n record\u00f3 que en a\u00f1os recientes sus propuestas art\u00edsticas han cambiado y ahora es m\u00e1s corta la duraci\u00f3n de cada asalto<em>.\u00a0<\/em><q>En estos 35 a\u00f1os han cambiado los temas; hemos presentado propuestas sobre los sismos, las elecciones, el zapatismo, los movimientos ind\u00edgenas y los indigentes; ahora tenemos este tema de la ecolog\u00eda y la contaminaci\u00f3n, que es un problema mundial<\/q>.<\/p>\n<\/div>\n<div class=\"col col2\">\n<div class=\"foto\">\n<div class=\"pie-foto\">El fundador de Asaltodiario comparti\u00f3 que sus propuestas en los espacios p\u00fablicos <q>dan magia a la realidad, porque de pronto ven a personajes bailando y no saben si son los trabajadores, no saben qu\u00e9 est\u00e1 pasando; es como transformar la realidad desde dentro con magia<\/q>.<\/div>\n<\/div>\n<p class=\"sumario\">Contribuci\u00f3n comunitaria<\/p>\n<p class=\"s-s\">Desde 1987, Asaltodiario ha creado proyectos art\u00edsticos y culturales que tienen que ver con la implementaci\u00f3n de procesos de animaci\u00f3n sociocultural y educativos en diferentes \u00e1mbitos comunitarios y profesionales, con chavos banda, ni\u00f1os en situaci\u00f3n de calle, j\u00f3venes de colonias populares y barrios marginales, comunidades ind\u00edgenas, estudiantes, asociaciones civiles, organizaciones no gubernamentales, sindicatos e instituciones de asistencia p\u00fablica y de gobierno, as\u00ed como escuelas profesionales.<\/p>\n<p>En el \u00e1mbito de la creaci\u00f3n, ha desarrollado asaltos esc\u00e9nicos urbanos, as\u00ed como propuestas coreogr\u00e1ficas para foros, con los que ha participado en premios, cert\u00e1menes, encuentros y festivales de M\u00e9xico y otros pa\u00edses.<\/p>\n<p><em>Eco cuadrilla,<\/em>\u00a0con m\u00fasica del\u00a0<em>diy\u00e9i\u00a0<\/em>S\u00e0eg, Olinka y Lengualerta, se presentar\u00e1 en los mercados Gonzalo Pe\u00f1a Manterola, Tacubaya, Morelos, Dos de Abril, San Lorenzo, Hidalgo, Arcos de Bel\u00e9n, An\u00e1huac, Argentina, Agr\u00edcola Oriental, Pescaditos, Tacuba, Palacio de la Flor, Embarcadero Nativitas y Tepito.<\/p>\n<p>Tambi\u00e9n,en Mart\u00ednez de la Torre, Beethoven, Morelia, Emiliano Zapata, R\u00edo Blanco, Lagunilla, Puebla, Granaditas, Tulyehualco, Tlalpan, Pugibet, San Juan, Am\u00e9rica, Carmen Serd\u00e1n, Romero Rubio, Federal y La Merced.<\/p>\n<p>Las fechas y horarios de cada escenificaci\u00f3n se compartir\u00e1n en la cuenta de Facebook de la agrupaci\u00f3n, donde tambi\u00e9n se transmitir\u00e1\u00a0<a href=\"https:\/\/www.facebook.com\/asaltodiario.ac\" target=\"_blank\" rel=\"noopener\">https:\/\/www.facebook.com\/asaltodiario.ac<\/a>.<\/p>\n<p>Bertha Loeza, Ram\u00f3n Garc\u00eda, Violetta Garc\u00eda y Fernando Ezfero participan en los asaltos esc\u00e9nicos que comenzaron este s\u00e1bado a las 12 horas en el mercado Tacubaya (R\u00edo Becerra s\/n, H\u00e9roes de 1810, esquina Tacubaya) y a las 14 horas en el Pe\u00f1a Manterola (Arquitecto Luis Ruiz 175, Tacubaya, alcald\u00eda Miguel Hidalgo).<\/p>\n<\/div>\n<\/div>\n<div class=\"go gui\">\n<div class=\"go-up\"><\/div>\n<\/div>\n<\/div>\n<div id=\"taboola-below-content-thumbnails\" class=\" trc_related_container trc_spotlight_widget tbl-feed-container tbl-feed-frame-DIVIDER  render-late-effect\" data-feed-container-num=\"1\" data-feed-main-container-id=\"taboola-below-content-thumbnails\" data-parent-placement-name=\"Below Content Thumbnails\" data-pub-lang=\"es\">\n<div class=\" tbl-feed-header tbl-logo-right-position\">\n<div class=\"tbl-feed-header-logo\"><\/div>\n<\/div>\n<\/div>\n","protected":false},"excerpt":{"rendered":"<p>Irrumpen barrenderos en mercados de la CDMX con el asalto esc\u00e9nico\u00a0Eco cuadrilla Propuesta art\u00edstica de la agrupaci\u00f3n Asaltodiario AC, con la que pretenden generar una reflexi\u00f3n en torno a la contaminaci\u00f3n ambiental \/\/\u00a0Desde hace 35 a\u00f1os, transformamos la realidad con magia, asegura Miguel \u00c1ngel D\u00edaz, fundador y codirector del proyecto En Eco cuadrilla, un grupo [&hellip;]<\/p>\n","protected":false},"author":249,"featured_media":29328,"comment_status":"open","ping_status":"closed","sticky":false,"template":"","format":"standard","meta":{"footnotes":""},"categories":[26],"tags":[],"class_list":["post-29327","post","type-post","status-publish","format-standard","has-post-thumbnail","hentry","category-mundo"],"_links":{"self":[{"href":"https:\/\/eloficiodehistoriar.com.mx\/index.php?rest_route=\/wp\/v2\/posts\/29327","targetHints":{"allow":["GET"]}}],"collection":[{"href":"https:\/\/eloficiodehistoriar.com.mx\/index.php?rest_route=\/wp\/v2\/posts"}],"about":[{"href":"https:\/\/eloficiodehistoriar.com.mx\/index.php?rest_route=\/wp\/v2\/types\/post"}],"author":[{"embeddable":true,"href":"https:\/\/eloficiodehistoriar.com.mx\/index.php?rest_route=\/wp\/v2\/users\/249"}],"replies":[{"embeddable":true,"href":"https:\/\/eloficiodehistoriar.com.mx\/index.php?rest_route=%2Fwp%2Fv2%2Fcomments&post=29327"}],"version-history":[{"count":1,"href":"https:\/\/eloficiodehistoriar.com.mx\/index.php?rest_route=\/wp\/v2\/posts\/29327\/revisions"}],"predecessor-version":[{"id":29329,"href":"https:\/\/eloficiodehistoriar.com.mx\/index.php?rest_route=\/wp\/v2\/posts\/29327\/revisions\/29329"}],"wp:featuredmedia":[{"embeddable":true,"href":"https:\/\/eloficiodehistoriar.com.mx\/index.php?rest_route=\/wp\/v2\/media\/29328"}],"wp:attachment":[{"href":"https:\/\/eloficiodehistoriar.com.mx\/index.php?rest_route=%2Fwp%2Fv2%2Fmedia&parent=29327"}],"wp:term":[{"taxonomy":"category","embeddable":true,"href":"https:\/\/eloficiodehistoriar.com.mx\/index.php?rest_route=%2Fwp%2Fv2%2Fcategories&post=29327"},{"taxonomy":"post_tag","embeddable":true,"href":"https:\/\/eloficiodehistoriar.com.mx\/index.php?rest_route=%2Fwp%2Fv2%2Ftags&post=29327"}],"curies":[{"name":"wp","href":"https:\/\/api.w.org\/{rel}","templated":true}]}}