{"id":29330,"date":"2022-09-18T15:40:24","date_gmt":"2022-09-18T21:40:24","guid":{"rendered":"https:\/\/eloficiodehistoriar.com.mx\/?p=29330"},"modified":"2022-09-18T15:40:24","modified_gmt":"2022-09-18T21:40:24","slug":"sanctorum-el-problema-del-campo-mexicano-es-la-criminalizacion-se-estrena-la-pelicula-de-joshua-gil","status":"publish","type":"post","link":"https:\/\/eloficiodehistoriar.com.mx\/?p=29330","title":{"rendered":"\u00abSanctorum\u00bb:\u00a0 El problema del campo mexicano es la criminalizaci\u00f3n, se estrena la pel\u00edcula de Joshua Gil"},"content":{"rendered":"<div id=\"article-cont\" class=\"main-cont article-cont actuality\">\n<div class=\"cabeza\"><em>Sanctorum<\/em>\u00a0muestra que el problema del campo mexicano es la criminalizaci\u00f3n<\/div>\n<div class=\"sumarios\">\n<p>El pr\u00f3ximo jueves se estrena la pel\u00edcula del realizador poblano Joshua Gil<\/p>\n<p>El movimiento zapatista y la desaparici\u00f3n de los 43 estudiantes de Ayotzinapa est\u00e1n presentes en su obra<\/p>\n<\/div>\n<div id=\"article-text\" class=\"text\">\n<div class=\"foto\">\n<div class=\"pie-foto\">Sergio Ra\u00fal L\u00f3pez<\/div>\n<\/div>\n<div class=\"col col1\">\n<div class=\"credito-titulo\"><\/div>\n<div class=\"hemero\">La Jornada<\/p>\n<\/div>\n<p class=\"s-s\">\u201cA\u00fan no sabemos si es bueno o malo, no sabemos qu\u00e9 est\u00e1 provocando ese ruido\u2026 proviene de arriba, no est\u00e1 en el pueblo ni en la tierra. Est\u00e1 en el aire y en el cielo\u201d, comenta el esposo, mientras unta con frijoles un trozo de tortilla y le da sorbitos a su taza de caf\u00e9.<\/p>\n<p>La pareja de ancianos, sentada sobre una r\u00fastica mesa, departe el alimento de la milpa mientras charla sobre el apabullante y temible sonido\u00a0<q>como de campanas<\/q>, un ruido\u00a0<q>como de autos<\/q>. Ignoran si la se\u00f1al sea benigna o el anuncio de una cat\u00e1strofe may\u00fascula, mientras, con parsimonia, la esposa le tira un pedazo de gorda a un gato que ma\u00falla insistente.<\/p>\n<p>Afuera de la caba\u00f1a de tierra apisonada, adobe y techo de canaletas, es el anuncio del fin del mundo para ese poblado peque\u00f1o, sencillo y calmado, que pareciera flotar, a la deriva, entre la niebla y los rel\u00e1mpagos. Entre m\u00e1s descendemos, encontraremos que los campesinos ejercen su oficio en sembrad\u00edos de mariguana regenteados por el crimen organizado, vigilados y violentados por la polic\u00eda y el ej\u00e9rcito, bajo la permanente amenaza de ejecuciones, desapariciones y despojos, hasta que liderados por el maestro de la escuela rural decidan oponerse, armados como pueda, mientras ocurren fen\u00f3menos sobrenaturales e inusitados en los alrededores.<\/p>\n<p><q>Ya estamos muertos pero debemos hacer algo. Todos los d\u00edas matan a alguien, as\u00ed vivimos. Escuchen todos, vamos a defendernos<\/q>, explica, rifle al hombro, Javier Bautista Gonz\u00e1lez, profesor tanto en la pel\u00edcula como en la vida real en Huitotepec, quien ense\u00f1a el pensamiento de Ricardo Flores Mag\u00f3n y la Constituci\u00f3n a los ni\u00f1os del aula multigrado.<\/p>\n<p class=\"sumario\">Una fuerte raigambre rural<\/p>\n<p class=\"s-s\">Hijo de una profesora que comenz\u00f3 su labor como maestra rural \u2013ten\u00eda que cabalgar dos horas diarias para dar clases\u2013, a la que acompa\u00f1aba de ni\u00f1o a las marchas por mejores salarios para el magisterio, el realizador poblano Joshua Gil Delgado pas\u00f3 un a\u00f1o realizando su servicio social y comunitario en una telesecundaria de San Miguel Tzinacapan \u2013cerca de Cuetzalan\u2013, antes de finalizar su licenciatura en Comunicaci\u00f3n por la Universidad Iberoamericana.<\/p>\n<p>No sorprende, por tanto, que en 1994, devino un ferviente simpatizante del movimiento zapatista, viajando frecuentemente a Chiapas, organizando conciertos o recaudando despensas, ni que la desaparici\u00f3n forzada de los 43 estudiantes de la normal Ra\u00fal Isidro Burgos de Ayotzinapa en 2014 se encuentre muy presente en su obra, al igual que la consigna:\u00a0<q>no somos cenizas, somos fuego<\/q>.<\/p>\n<p>Esta conexi\u00f3n se profundiz\u00f3 al filmar su primer largometraje,\u00a0<em>La maldad<\/em>\u00a0(M\u00e9xico, 2015), que le permiti\u00f3 conocer y acercarse a su abuelo, Rafael Gil Mor\u00e1n, protagonista de la cinta que le pidi\u00f3 ayuda con un guion que ten\u00eda escrito. \u201cFue un\u00a0<em>shock<\/em>. Adem\u00e1s de campesino, mi abuelo dec\u00eda ser cineasta emp\u00edrico, tocaba la trompeta y compon\u00eda, toda las canciones que aparecen en la cinta son suyas. Me dio un muy buen motivo para arraigarme. Mi origen es una familia de campesinos\u201d, explica el egresado del Master en Cinefotograf\u00eda en la ESCAC de la Universitat de Barcelona.<\/p>\n<p class=\"sumario\">A la b\u00fasqueda de nuevas tierras<\/p>\n<p class=\"s-s\">Tras producir el colorido y sensorial documental\u00a0<em>Tierra m\u00eda<\/em>\u00a0(M\u00e9xico, 2019), de Pedro Gonz\u00e1lez Rubio, sobre la gastronom\u00eda rural poblana, Joshua Gil (que tal es su nombre art\u00edstico) escribi\u00f3 un guion de apenas 15 p\u00e1ginas al que titul\u00f3\u00a0<em>Sanctorum\u00a0<\/em>(M\u00e9xico-Rep\u00fablica Dominicana-Qatar, 2019), pero descubri\u00f3 que su estado natal no le funcionar\u00eda porque necesitaba otras temperaturas y otras problem\u00e1ticas sociales. Sus siguientes opciones fueron Guerrero y Michoac\u00e1n. Recurri\u00f3 entonces al periodista michoacano y\u00a0<em>scouter<\/em>\u00a0Daniel Fern\u00e1ndez \u2013<em>fixer<\/em>\u00a0de\u00a0<em>Tierra de c\u00e1rteles<\/em>\u00a0(2015), de Matthew Heineman, nominada al \u00d3scar\u2013, quien le recomend\u00f3 adquirir seguros de vida. La pel\u00edcula entonces no contaba con apoyos\u00a0<q>de nada ni de nadie<\/q>, mucho menos un presupuesto hollywoodense.<\/p>\n<\/div>\n<div class=\"col col2\">\n<p>Guerrero tampoco le result\u00f3 una opci\u00f3n, pues antes de emprender el viaje ocurri\u00f3 la intercepci\u00f3n de siete periodistas en Acapetlahuaya, a los que despojaron de sus pertenencias a un escaso kil\u00f3metro del ret\u00e9n militar en 2017, por un centenar de individuos armados.\u00a0<q>Si a ellos, les sucedi\u00f3 algo as\u00ed, yo estoy hundido, perdido. En el momento en que me quiera meter, as\u00ed sea con celular, no voy a volver<\/q>, explica.<\/p>\n<p>Entonces, con ayuda del cineasta y exhibidor en el Cineclub Mixe et \u00e4\u00e4w, Dami\u00e1n Mart\u00ednez V\u00e1zquez (Marcos, en la pel\u00edcula), acudi\u00f3 a Tlahuitoltepec para pedir permiso a las autoridades comunitarias de observar el pueblo y recorrer sus alrededores. A cambio, recibi\u00f3 una lista de necesidades que iban desde herramientas para carpinter\u00eda, pintura para la escuela, madera para las butacas, instrumentos musicales y atriles, que pudieron comprar gracias al fondo aprobado en la exenci\u00f3n fiscal de Eficine, adem\u00e1s de un video promocional sobre el parque ecotur\u00edstico local.<\/p>\n<p>\u201cEntregamos esta ofrenda, un trueque, no hab\u00eda manera de ponerlo en una carpeta ni de explicarle a nadie. Adem\u00e1s quer\u00edan que se supiera en d\u00f3nde se film\u00f3, lo que nos dio temor, principalmente porque filmamos en plant\u00edos de mariguana reales \u2013conducidos con vendajes en los ojos\u2013 y nunca vamos a revelar d\u00f3nde est\u00e1n, tampoco fue en Tlahuitoltepec ni en Huitepec. Hab\u00eda que protegerlos a toda costa, al final armamos un contexto legal muy bueno y pudimos poner los nombres de todos, pues son actores\u201d, dice.<\/p>\n<p class=\"sumario\">Infiltraci\u00f3n del\u00a0<em>narco<\/em><\/p>\n<p class=\"s-s\"><em>Sanctorum<\/em>, hablada en ay\u00f6\u00f6k del norte, gira en torno a una madre campesina asesinada (la fot\u00f3grafa y realizadora Nereyda P\u00e9rez V\u00e1zquez), cuyo peque\u00f1o hijo desolado (Erwin Antonio P\u00e9rez Jim\u00e9nez), sale a buscarla de noche, en el bosque repleto de luci\u00e9rnagas, entre una manada de xoloescuincles que lo conducir\u00e1n al Mictl\u00e1n, y de hombres de fuego que descienden para arrasar con ese mundo.<\/p>\n<p>Luego de ganar el Premio del Jurado en Amiens; el Fipresci y de la Cr\u00edtica en el Cin\u00e9latino de Toulouse; el Gran Premio del Jurado en el Sanfic de Santiago; Mejor Director y Guerrero de la Prensa en Morelia; Largometraje Mexicano en Monterrey, y el Ariel a Mejor M\u00fasica Original, el filme documental y fant\u00e1stico estrenar\u00e1 en la cartelera mexicana el jueves 22 de septiembre por medio de Par\u00e1bola Cine y Distribuci\u00f3n en 40 salas del pa\u00eds.<\/p>\n<p>\u201cLa ra\u00edz es denunciar el mayor problema del campo mexicano actualmente, independientemente de que est\u00e9 muriendo o secando, que es la criminalizaci\u00f3n. Pareciera que los ind\u00edgenas campesinos son mexicanos de tercera, aunque tambi\u00e9n sean ciudadanos, y hubo pol\u00edticas muy claras para desaparecerlos. Sabemos es que est\u00e1n rentando o vendiendo sus tierras al\u00a0<em>narco<\/em>\u00a0para salir adelante. Por un kilo de mariguana, ya cosechada, seca y limpia, les pagan mil pesos, cuando ese mismo costal, en el mercado, vale hasta 100 mil pesos. Eso es lo que hace que la peor parte del negocio se la lleven los campesinos. Era muy importante que la pel\u00edcula fuera una bandera de batalla para ellos: vamos a resistir pero ya no con la cabeza agachada, sino con palos, con armas y con lo que sea\u201d, finaliza.<\/p>\n<\/div>\n<\/div>\n<div class=\"go gui\">\n<div class=\"go-up\"><\/div>\n<\/div>\n<\/div>\n<div id=\"taboola-below-content-thumbnails\" class=\" trc_related_container trc_spotlight_widget tbl-feed-container tbl-feed-frame-DIVIDER  render-late-effect\" data-feed-container-num=\"1\" data-feed-main-container-id=\"taboola-below-content-thumbnails\" data-parent-placement-name=\"Below Content Thumbnails\" data-pub-lang=\"es\">\n<div class=\" tbl-feed-header tbl-logo-right-position\">\n<div class=\"tbl-feed-header-logo\"><\/div>\n<\/div>\n<\/div>\n","protected":false},"excerpt":{"rendered":"<p>Sanctorum\u00a0muestra que el problema del campo mexicano es la criminalizaci\u00f3n El pr\u00f3ximo jueves se estrena la pel\u00edcula del realizador poblano Joshua Gil El movimiento zapatista y la desaparici\u00f3n de los 43 estudiantes de Ayotzinapa est\u00e1n presentes en su obra Sergio Ra\u00fal L\u00f3pez La Jornada \u201cA\u00fan no sabemos si es bueno o malo, no sabemos qu\u00e9 [&hellip;]<\/p>\n","protected":false},"author":249,"featured_media":29331,"comment_status":"open","ping_status":"closed","sticky":false,"template":"","format":"standard","meta":{"footnotes":""},"categories":[26],"tags":[],"class_list":["post-29330","post","type-post","status-publish","format-standard","has-post-thumbnail","hentry","category-mundo"],"_links":{"self":[{"href":"https:\/\/eloficiodehistoriar.com.mx\/index.php?rest_route=\/wp\/v2\/posts\/29330","targetHints":{"allow":["GET"]}}],"collection":[{"href":"https:\/\/eloficiodehistoriar.com.mx\/index.php?rest_route=\/wp\/v2\/posts"}],"about":[{"href":"https:\/\/eloficiodehistoriar.com.mx\/index.php?rest_route=\/wp\/v2\/types\/post"}],"author":[{"embeddable":true,"href":"https:\/\/eloficiodehistoriar.com.mx\/index.php?rest_route=\/wp\/v2\/users\/249"}],"replies":[{"embeddable":true,"href":"https:\/\/eloficiodehistoriar.com.mx\/index.php?rest_route=%2Fwp%2Fv2%2Fcomments&post=29330"}],"version-history":[{"count":1,"href":"https:\/\/eloficiodehistoriar.com.mx\/index.php?rest_route=\/wp\/v2\/posts\/29330\/revisions"}],"predecessor-version":[{"id":29332,"href":"https:\/\/eloficiodehistoriar.com.mx\/index.php?rest_route=\/wp\/v2\/posts\/29330\/revisions\/29332"}],"wp:featuredmedia":[{"embeddable":true,"href":"https:\/\/eloficiodehistoriar.com.mx\/index.php?rest_route=\/wp\/v2\/media\/29331"}],"wp:attachment":[{"href":"https:\/\/eloficiodehistoriar.com.mx\/index.php?rest_route=%2Fwp%2Fv2%2Fmedia&parent=29330"}],"wp:term":[{"taxonomy":"category","embeddable":true,"href":"https:\/\/eloficiodehistoriar.com.mx\/index.php?rest_route=%2Fwp%2Fv2%2Fcategories&post=29330"},{"taxonomy":"post_tag","embeddable":true,"href":"https:\/\/eloficiodehistoriar.com.mx\/index.php?rest_route=%2Fwp%2Fv2%2Ftags&post=29330"}],"curies":[{"name":"wp","href":"https:\/\/api.w.org\/{rel}","templated":true}]}}