{"id":29334,"date":"2022-09-18T15:49:51","date_gmt":"2022-09-18T21:49:51","guid":{"rendered":"https:\/\/eloficiodehistoriar.com.mx\/?p=29334"},"modified":"2022-09-18T15:49:51","modified_gmt":"2022-09-18T21:49:51","slug":"en-el-invencible-verano-de-liliana-la-escritora-profundiza-en-su-cruzada-contra-el-olvido","status":"publish","type":"post","link":"https:\/\/eloficiodehistoriar.com.mx\/?p=29334","title":{"rendered":"En\u00a0\u00abEl invencible verano de Liliana\u00bb la escritora profundiza en su cruzada contra el olvido"},"content":{"rendered":"<div id=\"article-cont\" class=\"main-cont article-cont actuality\">\n<div class=\"cabeza\">Me interesa ese movimiento de la mirada nost\u00e1lgica, dice Cristina Rivera Garza<\/div>\n<div class=\"sumarios\">\n<p>En\u00a0<em>El invencible verano de Liliana<\/em>, la escritora profundiza en su cruzada contra el olvido y defiende las herramientas del presente<\/p>\n<\/div>\n<div id=\"article-text\" class=\"text\">\n<div class=\"foto\">\n<div class=\"pie-foto\">La autora mexicana particip\u00f3 en dos conversatorios del Hay Festival, en Quer\u00e9taro.<span class=\"credito\">Foto Carlos Priego<\/span><\/div>\n<\/div>\n<div class=\"col col1\">\n<div><\/div>\n<div class=\"credito-autor\">Carlos Priego<\/div>\n<div class=\"credito-titulo\"><\/div>\n<div class=\"hemero\">La Jornada<\/p>\n<\/div>\n<p class=\"s-s\">Faltan poco menos de 30 minutos para las cinco de la tarde. Caminamos por un costado de la plaza y le pregunto a Cristina Rivera Garza si las constantes miradas hacia el pasado \u2013en el cine, la m\u00fasica y principalmente la literatura\u2013 se pueden interpretar como una incomodidad con nuestro presente. Se queda callada y luego ensaya una respuesta:\u00a0<q>el territorio del pasado es un campo privilegiado para la escritura<\/q>. Nos detenemos en una balaustrada de cantera rosa. Estamos en el Jard\u00edn Guerrero, un lugar de encuentro para artistas, m\u00fasicos, escritores y familias. Todo es fiesta, todo es alegr\u00eda. Todos r\u00eden, juegan y hablan al mismo tiempo, as\u00ed suena el fin de semana. Rivera Garza lleg\u00f3 a Quer\u00e9taro para participar en dos conversatorios. Al caminar las calles, no son pocas las personas que al reconocerla le piden una foto, la \u00faltima pareja de lectores que lo hizo se acerc\u00f3 t\u00edmidamente y agradeci\u00f3 el gesto despu\u00e9s de inmortalizar el encuentro, luego siguen adelante y la escritora mexicana contin\u00faa: \u201cdesde hace mucho tiempo existe la novela hist\u00f3rica, la memoria, la biograf\u00eda. Todos estos formatos trabajan directamente con el pasado hist\u00f3rico y creo que la gran diferencia es que hay distintas formas de intentar dialogar con \u00e9l, una de ellas \u2013que es la que particularmente a m\u00ed me interesa\u2013 tiene que ver con la beta documental, con la posibilidad de introducir e importunar documentos, textos, artefactos, las voces mismas de las experiencias que se quieren visitar o informar\u201d.<\/p>\n<p>Apenas unos minutos antes esperaba la llegada de la escritora mexicana junto al escenario improvisado donde platicar\u00e1 con Francisco Carrillo sobre su m\u00e1s reciente libro,\u00a0<em>El invencible verano<\/em>\u00a0<em>de Liliana<\/em>\u00a0(Literatura Random House, 2021). Cuando lleg\u00f3, me sorprendi\u00f3 su aspecto: tiene el pelo color de plata que hace juego con sus zapatos, unos lentes morados y, como toda buena\u00a0<em>rockstar<\/em>, viste totalmente de negro. Nos acomodamos mejor bajo la sombra de un \u00e1rbol y me explica c\u00f3mo funciona su obra:\u00a0<q>vamos a llamar a esto el aspecto materialista de la no ficci\u00f3n, el cual creo que se corresponde mucho a una \u00e9poca que est\u00e1 bajo la amenaza de muchos fines del mundo, de extinciones y de la inminencia de cambio clim\u00e1tico y creo que todo eso nos obliga o, mejor dicho, nos invita a considerar con especial \u00e9nfasis otros aspectos materiales de nuestro pensar y tambi\u00e9n de las herramientas que tenemos<\/q>.<\/p>\n<p>Al contrario de lo que se podr\u00eda pensar, Quer\u00e9taro es una ciudad soleada en septiembre. Desde muy temprano el cielo se encuentra despejado y el sol picante encoge las sombras de los hombres. Debido a su posici\u00f3n geogr\u00e1fica y al externo di\u00e1logo entre su metr\u00f3poli creativa y el vibrante pasado de su centro hist\u00f3rico, cada a\u00f1o recibe al Hay Festival, un encuentro de artes y literatura representado por literatos, m\u00fasicos, cineastas y otras personalidades. Desde donde estamos se puede mirar a las personas mezcl\u00e1ndose con los invitados y a los ni\u00f1os corriendo alrededor de la fuente monumental. Nos acomodamos y Rivera dice que est\u00e1 muy contenta con el clima, pues en unos minutos comenzar\u00e1 a platicar sobre un libro que escribi\u00f3 con la intensi\u00f3n de compartir sus sentimientos con sus lectores. Se trata de un proyecto que lidia con el dolor, con la ausencia y con la incansable b\u00fasqueda de justicia.<\/p>\n<\/div>\n<div class=\"col col2\">\n<p>\u2013\u00bfNo te sorprende que muchas personas, varias de ellas muy j\u00f3venes, encuentren cobijo en tu obra?<\/p>\n<p>\u2013\u201cCreo que el gran reto de los escritores es ser contempor\u00e1neo de sus contempor\u00e1neos y poder establecer una serie de decisiones est\u00e9ticas y \u00e9ticas con nuestras herramientas que permitan crear esa conexi\u00f3n significativa con lectores j\u00f3venes y otros no tanto. No estoy segura de que haya una transici\u00f3n generacional clara, pero ciertamente la posibilidad de conectar todo de una manera significativa con nuevas generaciones, supongo, se da cuando las preguntas que nos motivan a escribir surgen desde el presente mismo que est\u00e1 en juego en nuestros trabajos, ah\u00ed creo que existe la posibilidad de una conexi\u00f3n qu\u00e9 a m\u00ed personalmente me importa mucho.<\/p>\n<p>Nadie se explica c\u00f3mo puede leerse el cambio social. En la antropolog\u00eda social \u00e9ste suele leerse en t\u00e9rmino de oposiciones entre generaciones consecutivas \u2013padres e hijos\u2013 y de alianza entre generaciones alternas \u2013abuelos y nietos\u2013. La escritora mexicana no lo tiene claro, lo que s\u00ed hace es profundizar en su cruzada por construir un lenguaje distinto que permita identificar sucesos, tragedias, problemas y articularlo de un modo que nos permita vivir cr\u00edticamente.\u00a0<q>Hay muchas maneras de volver la vista atr\u00e1s y traer ese pasado a colaci\u00f3n ahora. Ese movimiento es el que me interesa: La mirada nost\u00e1lgica hacia el pasado c\u00f3mo un punto al que hay que regresar. Nada aparte de eso me importa m\u00e1s. Creo que escribimos sobre eso con las herramientas del presente<\/q>.<\/p>\n<p>Despu\u00e9s de varias horas de viaje Cristina est\u00e1 fatigada y me pide que nos acerquemos al escenario e ir cerrando la entrevista. Caminamos hacia el lugar donde minutos m\u00e1s tarde comenzar\u00e1 su presentaci\u00f3n. Nos detenemos a medio camino y nos encontramos a varias personas que ya la esperan. El lugar comienza a verse lleno, antes de entrar me dice:\u00a0<q>el lenguaje del presente muchas veces es el que nos permite enunciar cosas que han sido invisibilizadas o silenciadas en el pasado. En el caso de este libro el trauma generado por un crimen que muchas veces se silenci\u00f3 por cuestiones del sistema patriarcal en el que vivimos<\/q><\/p>\n<\/div>\n<\/div>\n<div class=\"go gui\">\n<div class=\"go-up\"><\/div>\n<\/div>\n<\/div>\n","protected":false},"excerpt":{"rendered":"<p>Me interesa ese movimiento de la mirada nost\u00e1lgica, dice Cristina Rivera Garza En\u00a0El invencible verano de Liliana, la escritora profundiza en su cruzada contra el olvido y defiende las herramientas del presente La autora mexicana particip\u00f3 en dos conversatorios del Hay Festival, en Quer\u00e9taro.Foto Carlos Priego Carlos Priego La Jornada Faltan poco menos de 30 [&hellip;]<\/p>\n","protected":false},"author":249,"featured_media":29335,"comment_status":"open","ping_status":"closed","sticky":false,"template":"","format":"standard","meta":{"footnotes":""},"categories":[26],"tags":[],"class_list":["post-29334","post","type-post","status-publish","format-standard","has-post-thumbnail","hentry","category-mundo"],"_links":{"self":[{"href":"https:\/\/eloficiodehistoriar.com.mx\/index.php?rest_route=\/wp\/v2\/posts\/29334","targetHints":{"allow":["GET"]}}],"collection":[{"href":"https:\/\/eloficiodehistoriar.com.mx\/index.php?rest_route=\/wp\/v2\/posts"}],"about":[{"href":"https:\/\/eloficiodehistoriar.com.mx\/index.php?rest_route=\/wp\/v2\/types\/post"}],"author":[{"embeddable":true,"href":"https:\/\/eloficiodehistoriar.com.mx\/index.php?rest_route=\/wp\/v2\/users\/249"}],"replies":[{"embeddable":true,"href":"https:\/\/eloficiodehistoriar.com.mx\/index.php?rest_route=%2Fwp%2Fv2%2Fcomments&post=29334"}],"version-history":[{"count":1,"href":"https:\/\/eloficiodehistoriar.com.mx\/index.php?rest_route=\/wp\/v2\/posts\/29334\/revisions"}],"predecessor-version":[{"id":29336,"href":"https:\/\/eloficiodehistoriar.com.mx\/index.php?rest_route=\/wp\/v2\/posts\/29334\/revisions\/29336"}],"wp:featuredmedia":[{"embeddable":true,"href":"https:\/\/eloficiodehistoriar.com.mx\/index.php?rest_route=\/wp\/v2\/media\/29335"}],"wp:attachment":[{"href":"https:\/\/eloficiodehistoriar.com.mx\/index.php?rest_route=%2Fwp%2Fv2%2Fmedia&parent=29334"}],"wp:term":[{"taxonomy":"category","embeddable":true,"href":"https:\/\/eloficiodehistoriar.com.mx\/index.php?rest_route=%2Fwp%2Fv2%2Fcategories&post=29334"},{"taxonomy":"post_tag","embeddable":true,"href":"https:\/\/eloficiodehistoriar.com.mx\/index.php?rest_route=%2Fwp%2Fv2%2Ftags&post=29334"}],"curies":[{"name":"wp","href":"https:\/\/api.w.org\/{rel}","templated":true}]}}