{"id":29338,"date":"2022-09-19T16:00:34","date_gmt":"2022-09-19T22:00:34","guid":{"rendered":"https:\/\/eloficiodehistoriar.com.mx\/?p=29338"},"modified":"2022-09-19T16:03:10","modified_gmt":"2022-09-19T22:03:10","slug":"29338","status":"publish","type":"post","link":"https:\/\/eloficiodehistoriar.com.mx\/?p=29338","title":{"rendered":"Sismo con epicentro en Michoac\u00e1n se suscit\u00f3 de 7.7"},"content":{"rendered":"<h2 id=\"article-title-tts\" class=\"title title-default\">Instruye AMLO a las instancias recoger informaci\u00f3n tras sismo<\/h2>\n<div class=\"article-info\"><a class=\"author\" href=\"https:\/\/www.jornada.com.mx\/author\/emir-olivares-y-alonso-urrutia.html\">Emir Olivares y Alonso Urrutia<\/a><\/div>\n<div id=\"article-content-images\" class=\"content-items-media\"><\/div>\n<div class=\"foto-pie\">El presidente Andr\u00e9s Manuel L\u00f3pez Obrador, durante una de las llamadas telef\u00f3nicas realizadas tras el sismo<\/div>\n<div><\/div>\n<div class=\"article-row\">\n<div class=\"social-links right\">\n<div id=\"content-sintesis-audio\" class=\"sintesis-audio\">\n<div class=\"speak-cont btn-group\">\n<form>Hab\u00edan pasado apenas 29 segundos que el presidente Andr\u00e9s Manuel L\u00f3pez Obrador tuiteara sobre la participaci\u00f3n de los mexicanos en el Simulacro Nacional 2022, cuando desde los altavoces volvi\u00f3 a escucharse la alerta s\u00edsmica, seguida de un terremoto de 6.8 de acuerdo con el primer reporte oficial.<\/form>\n<\/div>\n<\/div>\n<\/div>\n<div class=\"article-main\">\n<div id=\"article-content-tts\" class=\"article-content ljn-nota-contenido\">\n<div id=\"content_nitf\">\n<div class=\"teads-inread\">\n<div class=\"teads-ui-components-adchoices\"><\/div>\n<div id=\"teads0\" class=\"teads-player\">Minutos despu\u00e9s, el mandatario inform\u00f3 en un video en redes sociales el primer parte tras este evento: \u201cEs un sismo de 6.8 seg\u00fan el Sismol\u00f3gico Nacional, cuyo epicentro est\u00e1 en Coalcom\u00e1n, Michoac\u00e1n, a 59 kil\u00f3metros al sur de Colima\u201d.<\/div>\n<\/div>\n<p>L\u00f3pez Obrador afirm\u00f3 que las instancias correspondientes comenzar\u00e1n a recoger informaci\u00f3n.<\/p>\n<p>\u201cDeseamos de todo coraz\u00f3n que no haya pasado nada grave\u201d, apunt\u00f3 en el video.<\/p>\n<p>Varios minutos despu\u00e9s, el Sismol\u00f3gico Nacional actualiz\u00f3 la escala de intensidad del temblor, al se\u00f1alar que fue de 7.4 grados en escala Richter.<\/p>\n<p>El titular del Ejecutivo federal tambi\u00e9n subi\u00f3 a redes sociales tres videos de sendas llamadas que tuvo con el gobernador de Michoac\u00e1n, Alfredo Ram\u00edrez Bedolla; con la jefa de Gobierno de la Ciudad de M\u00e9xico, Claudia Sheinbaum; y con el titular de la Secretar\u00eda de Marina y Armada de M\u00e9xico, Jos\u00e9 Rafael Ojeda Dur\u00e1n.<\/p>\n<p>\u00c9ste \u00faltimo le confirm\u00f3 la muerte de una persona debido a la ca\u00edda de una barda en un centro comercial en Manzanillo, Colima.<\/p>\n<p>El primero le inform\u00f3 que s\u00f3lo se presentaron da\u00f1os materiales en Coalcom\u00e1n \u2013donde fue el epicentro\u2014, pero el resto del estado sin novedad; mientras la jefa de Gobierno coment\u00f3 que no hay da\u00f1os graves en la capital del pa\u00eds. En esa comunicaci\u00f3n el presidente se\u00f1al\u00f3 que la actualizaci\u00f3n de la intensidad fue de 7.4 grados. \u201cFue bastante fuerte, pero afortunadamente no con muchos da\u00f1os\u201d.<\/p>\n<p>En su tuit, tras el simulacro que se realiz\u00f3 a las 12:19 de la tarde, el tabasque\u00f1o apunt\u00f3: \u201cParticipamos en el Simulacro Nacional 2022. Es muy importante la prevenci\u00f3n ante sismos o cualquier emergencia. Fue destacada la actitud responsable de muchos mexicanos. \u00a1Gracias!\u201d.<\/p>\n<p>No pas\u00f3 ni un minuto de ese mensaje en redes, cuando el sismo con epicentro en Michoac\u00e1n se suscit\u00f3, lo que gener\u00f3 la movilizaci\u00f3n del Presidente y del resto de empleados y funcionarios que despachan en Palacio Nacional.<\/p>\n<\/div>\n<\/div>\n<\/div>\n<\/div>\n","protected":false},"excerpt":{"rendered":"<p>Instruye AMLO a las instancias recoger informaci\u00f3n tras sismo Emir Olivares y Alonso Urrutia El presidente Andr\u00e9s Manuel L\u00f3pez Obrador, durante una de las llamadas telef\u00f3nicas realizadas tras el sismo Hab\u00edan pasado apenas 29 segundos que el presidente Andr\u00e9s Manuel L\u00f3pez Obrador tuiteara sobre la participaci\u00f3n de los mexicanos en el Simulacro Nacional 2022, cuando [&hellip;]<\/p>\n","protected":false},"author":249,"featured_media":29339,"comment_status":"open","ping_status":"closed","sticky":false,"template":"","format":"standard","meta":{"footnotes":""},"categories":[26],"tags":[],"class_list":["post-29338","post","type-post","status-publish","format-standard","has-post-thumbnail","hentry","category-mundo"],"_links":{"self":[{"href":"https:\/\/eloficiodehistoriar.com.mx\/index.php?rest_route=\/wp\/v2\/posts\/29338","targetHints":{"allow":["GET"]}}],"collection":[{"href":"https:\/\/eloficiodehistoriar.com.mx\/index.php?rest_route=\/wp\/v2\/posts"}],"about":[{"href":"https:\/\/eloficiodehistoriar.com.mx\/index.php?rest_route=\/wp\/v2\/types\/post"}],"author":[{"embeddable":true,"href":"https:\/\/eloficiodehistoriar.com.mx\/index.php?rest_route=\/wp\/v2\/users\/249"}],"replies":[{"embeddable":true,"href":"https:\/\/eloficiodehistoriar.com.mx\/index.php?rest_route=%2Fwp%2Fv2%2Fcomments&post=29338"}],"version-history":[{"count":3,"href":"https:\/\/eloficiodehistoriar.com.mx\/index.php?rest_route=\/wp\/v2\/posts\/29338\/revisions"}],"predecessor-version":[{"id":29342,"href":"https:\/\/eloficiodehistoriar.com.mx\/index.php?rest_route=\/wp\/v2\/posts\/29338\/revisions\/29342"}],"wp:featuredmedia":[{"embeddable":true,"href":"https:\/\/eloficiodehistoriar.com.mx\/index.php?rest_route=\/wp\/v2\/media\/29339"}],"wp:attachment":[{"href":"https:\/\/eloficiodehistoriar.com.mx\/index.php?rest_route=%2Fwp%2Fv2%2Fmedia&parent=29338"}],"wp:term":[{"taxonomy":"category","embeddable":true,"href":"https:\/\/eloficiodehistoriar.com.mx\/index.php?rest_route=%2Fwp%2Fv2%2Fcategories&post=29338"},{"taxonomy":"post_tag","embeddable":true,"href":"https:\/\/eloficiodehistoriar.com.mx\/index.php?rest_route=%2Fwp%2Fv2%2Ftags&post=29338"}],"curies":[{"name":"wp","href":"https:\/\/api.w.org\/{rel}","templated":true}]}}