{"id":29343,"date":"2022-09-19T16:09:09","date_gmt":"2022-09-19T22:09:09","guid":{"rendered":"https:\/\/eloficiodehistoriar.com.mx\/?p=29343"},"modified":"2022-09-19T16:09:09","modified_gmt":"2022-09-19T22:09:09","slug":"la-jornada-cumple-38-anos-contra-la-corriente-se-ha-consolidado-como-un-periodico-de-referencia","status":"publish","type":"post","link":"https:\/\/eloficiodehistoriar.com.mx\/?p=29343","title":{"rendered":"La Jornada\u00a0cumple 38 a\u00f1os. Contra la corriente, se ha consolidado como un peri\u00f3dico de referencia."},"content":{"rendered":"<div class=\"series\">38 Aniversario<\/div>\n<div class=\"cabeza\"><em>La Jornada,<\/em>\u00a038 largos a\u00f1os<\/div>\n<div class=\"sumarios\"><\/div>\n<div id=\"article-text\" class=\"text tbl-forkorts-article\">\n<div class=\"foto\">\n<div class=\"pie-foto\">La Jornada<\/div>\n<\/div>\n<div class=\"col\">\n<div class=\"hemero\"><\/div>\n<p class=\"s-s\">L<em>a Jornada<\/em>\u00a0cumple 38 a\u00f1os. Contra la corriente, se ha consolidado como un peri\u00f3dico de referencia. No s\u00f3lo dentro de M\u00e9xico. Diariamente es le\u00eddo por decenas de miles de personas en todo el mundo.<\/p>\n<p>Cuando la primera edici\u00f3n del tabloide vio la luz el 19 de septiembre de 1984, con ejemplares de escasas 32 p\u00e1ginas y mucho coraz\u00f3n, ten\u00eda recursos para sobrevivir apenas cinco d\u00edas. La pol\u00edtica de austeridad hab\u00eda sentado ya sus reales, muchas organizaciones populares viv\u00edan el final de una etapa de lucha y la alternancia pol\u00edtica parec\u00eda estar a a\u00f1os luz de distancia. No hab\u00eda en el horizonte muchas expectativas para que un proyecto que buscaba ser alternativo germinara, aunque exist\u00edan razones de sobra para embarcarse en una empresa as\u00ed.<\/p>\n<p><em>La Jornada<\/em>\u00a0fue fundada por una generaci\u00f3n de periodistas y escritores independientes continuadores de la tradici\u00f3n y la causa de\u00a0<em>El Constitucional<\/em>,\u00a0<em>El Colmillo P\u00fablico<\/em>,\u00a0<em>El Hijo del Ahuizote<\/em>,\u00a0<em>Regeneraci\u00f3n<\/em>\u00a0y tantos otros ejemplos de un periodismo de combate en M\u00e9xico. Surgi\u00f3 en un momento de nuestra historia en el que el autoritarismo gubernamental segu\u00eda siendo una realidad y la libertad de expresi\u00f3n estaba muy lejos de ser una conquista consolidada.<\/p>\n<p>El diario naci\u00f3, simult\u00e1neamente, de una ruptura y una refundaci\u00f3n, apoyada por artistas, acad\u00e9micos, intelectuales, sindicalistas, universitarios y empresarios. Desde que en 1984 se anunci\u00f3 su surgimiento, miles de ciudadanos an\u00f3nimos, convencidos de la necesidad de contar con un medio que fuera veh\u00edculo de comunicaci\u00f3n con la sociedad civil, apoyaron la iniciativa.<\/p>\n<p>Casi cuatro d\u00e9cadas han mostrado la pertinencia de esa apuesta original. Cuenta con un capital b\u00e1sico: su credibilidad. Como lo ha se\u00f1alado nuestra directora Carmen Lira:\u00a0<q>Hemos ofrecido lo mejor de nosotros mismos a las causas del desarrollo y la justicia sociales, la soberan\u00eda nacional, la tolerancia, el pluralismo, el respeto a la diversidad, la vigencia de la legalidad, la libertad de expresi\u00f3n, el di\u00e1logo como v\u00eda de soluci\u00f3n de conflictos, la autodeterminaci\u00f3n, la paz y la preservaci\u00f3n de la vida, sin otro compromiso que los que tenemos con los lectores y la \u00e9tica period\u00edstica<\/q>.<\/p>\n<p><em>La Jornada<\/em>\u00a0se fund\u00f3 para que la sociedad hablara entre s\u00ed. En una industria en el que la prensa es un negocio de empresarios o instrumento de pol\u00edticos, naci\u00f3 como un \u00f3rgano informativo hecho y dirigido por periodistas profesionales. En un pa\u00eds con escasez de noticias de fondo, se forj\u00f3 para divulgar y opinar sobre los problemas sustantivos del momento. En una coyuntura en la que el neoliberalismo sentaba sus reales reivindic\u00f3, expl\u00edcitamente, un periodismo progresista, plural y democr\u00e1tico.<\/p>\n<p>Sus principios enraizaron y florecieron al calor de cada uno de los momentos dram\u00e1ticos del pa\u00eds y del mundo. Tendieron un puente con ciudadanos deseosos de saber m\u00e1s y mejor sobre lo que suced\u00eda en su naci\u00f3n y en su planeta. El n\u00famero de lectores creci\u00f3 as\u00ed al calor de cada una de las circunstancias claves: los sismos de 1985, el movimiento del CEU, el fraude electoral de 1988, las dos guerras del Golfo P\u00e9rsico, el levantamiento zapatista, el asesinato de Luis Donaldo Colosio, la huelga universitaria del CGH, la alternancia de Vicente Fox, el conflicto en Atenco, la Comuna de Oaxaca, la guerra contra las drogas de Calder\u00f3n o el inicio de la Cuarta Transformaci\u00f3n.<\/p>\n<p><em>La Jornada<\/em>\u00a0tiene una vital y estrecha relaci\u00f3n con sus lectores, quienes ven en este medio un mapa para orientarse informativamente y normar su criterio sobre lo que sucede en su entorno, que no encuentran en otras publicaciones. Cuando no hallan en su diario lo que quieren leer, se inconforman y lo hacen saber. Pero en los momentos en que lo que ven coincide con sus necesidades m\u00e1s apremiantes no dudan en divulgarlo por todos los medios a su alcance. Es frecuente encontrar en sindicatos, grupos estudiantiles, asociaciones urbanas y organizaciones campesinas recortes del diario pegados en las paredes de sus escuelas y oficinas, y en peri\u00f3dicos murales.<\/p>\n<p>En una \u00e9poca en que la mayor\u00eda de los medios de comunicaci\u00f3n son dirigidos por empresarios,\u00a0<em>La Jornada\u00a0<\/em>es un peri\u00f3dico hecho y conducido por periodistas. Aunque es una empresa, el criterio que norma su funcionamiento no es la ganancia, sino la noticia.<\/p>\n<p>Mientras la mayor\u00eda de los diarios despliegan las notas culturales como si fueran ap\u00e9ndice de sus secciones de Entretenimiento y le dedican mucho menos espacio que el destinado a la far\u00e1ndula, el peri\u00f3dico otorga al mundo de la cultura una enorme importancia. Por principio de cuentas, se informa ampliamente sobre los principales eventos, personajes y novedades. Pero, m\u00e1s a\u00fan, nuestra prensa procura recuperar para el debate las voces de intelectuales y artistas sobre cuestiones cruciales de la pol\u00edtica nacional.<\/p>\n<p>En un entorno en el que muchos medios esconden su agenda y se presentan ante sus lectores como imparciales,\u00a0<em>La Jornada\u00a0<\/em>se compromete expl\u00edcitamente con diversas causas. Por ello aborda y destaca, de manera expl\u00edcita, con su propio sello, temas que otros prefieren ignorar.<\/p>\n<p>Desde su nacimiento, el peri\u00f3dico se\u00f1al\u00f3 que busca dar voz a los que no la tienen y hacer visibles a los invisibles. Lo ha hecho elaborando una aproximaci\u00f3n y una mirada diferente de los muchos M\u00e9xicos. Con reporteros y fot\u00f3grafos que no s\u00f3lo ven arriba. Documentando la conflictividad social y la injusticia.<\/p>\n<p><em>La Jornada\u00a0<\/em>le ha dado peso y despliegue a la fotograf\u00eda. Durante muchos a\u00f1os, primero por cuestiones t\u00e9cnicas y despu\u00e9s por razones editoriales, public\u00f3 sus fotos en blanco y negro. Fue, hasta hace unos a\u00f1os, que comenz\u00f3 a utilizar el color. En el a\u00f1o 2000 se pas\u00f3 del sistema anal\u00f3gico al digital, sin que la importancia que se le da a la fotograf\u00eda haya disminuido. Este relieve tiene que ver con su p\u00fablico. Es com\u00fan que el lector se sienta identificado con la imagen. Con frecuencia es ella la que lo atrae, lo atrapa y lo lleva a la noticia. Irreverente, veraz, jocosa, veros\u00edmil, oportuna, conmovedora, la instant\u00e1nea va m\u00e1s all\u00e1 del mero registro y se convierte en informaci\u00f3n. Alguien resumi\u00f3 este estilo en una carta al director del diario publicada en 1988:\u00a0<q>buena foto, mala leche<\/q>.<\/p>\n<p>El peri\u00f3dico da importancia may\u00fascula a la informaci\u00f3n internacional. Tiene corresponsales permanentes en Estados Unidos, Rusia, Espa\u00f1a, Chile y Argentina. Con harta frecuencia, noticias de otros rincones del mundo alcanzan sus primeras planas. En sus p\u00e1ginas el Sur existe y el lector puede encontrar notas y reportajes poco comunes sobre el Norte.<\/p>\n<p>Documentar las violaciones a los derechos humanos que se cometen en nuestro pa\u00eds y en el mundo ha sido parte de la labor cotidiana de\u00a0<em>La Jornada.<\/em>\u00a0Desde nuestro nacimiento hemos estado empe\u00f1ados en romper el muro del silencio que rodea la injusticia y la violaci\u00f3n a las garant\u00edas individuales. Creemos que el lenguaje de los derechos humanos no debe servir para ocultar las atrocidades que se desprenden de la aplicaci\u00f3n de un modelo econ\u00f3mico injusto. Con frecuencia ambos hechos caminan de la mano.<\/p>\n<p>Los moneros gozan de un espacio inusual en el diario. En lugar de estar confinados a la secci\u00f3n de Opini\u00f3n, despliegan su humor corrosivo en las primeras p\u00e1ginas del peri\u00f3dico. Sus cartones son parte fundamental de la imagen del diario. Usualmente sintetizan con gran eficacia, en unos cuantos trazos, las m\u00e1s complejas situaciones pol\u00edticas. Sus vi\u00f1etas est\u00e1n dibujadas con una iron\u00eda tan proverbial como pedag\u00f3gica.<\/p>\n<p>Si los peri\u00f3dicos son una herramienta que auxilia al lector a encontrarse en el mundo, ofreci\u00e9ndoles d\u00eda a d\u00eda informaci\u00f3n (y opini\u00f3n) ordenada, jerarquizada, meditada, ponderada y analizada,<em>\u00a0La Jornada\u00a0<\/em>lleva 38 a\u00f1os apostando a que esa funci\u00f3n sea algo m\u00e1s que un viejo mapa de \u00e9poca.<\/p>\n<p>Contra viento y marea, en una \u00e9poca en la que el periodismo sufre grandes cambios, ha logrado construir un p\u00fablico, integrado, como quiere el periodista Arcadi Espada, por personas que leen peri\u00f3dicos y no s\u00f3lo noticias.<\/p>\n<p>El proyecto original del diario mantiene una continuidad b\u00e1sica. El peri\u00f3dico de hoy es fiel a su mandato fundante, como lo atestigua la lealtad de sus lectores. Esta persistencia es resultado de la obra diaria de periodistas, editores y trabajadores que hacen posible que cada ma\u00f1ana se produzca el parto de un nuevo ejemplar.<\/p>\n<p>Lo que comenz\u00f3 como la aventura de un peque\u00f1o ej\u00e9rcito de periodistas so\u00f1adores avalados por una parte de la sociedad en movimiento se ha convertido en una peque\u00f1a gran haza\u00f1a. Los vientos que soplan en el mundo para los diarios publicados en papel no son favorables. En la d\u00e9cada de los 90 del siglo pasado, Bill Gates augur\u00f3 a la prensa escrita apenas una d\u00e9cada m\u00e1s de vida. Han pasado 20 a\u00f1os de aquel vaticinio y aqu\u00ed seguimos.<\/p>\n<p><em>La Jornada\u00a0<\/em>cumple 38 a\u00f1os. Para la mayor\u00eda de quienes participan en el proyecto (trabajadores, reporteros, auxiliares, personal administrativo, fot\u00f3grafos, columnistas, moneros, contralores, articulistas, fot\u00f3grafos y directivos) su labor no es un trabajo m\u00e1s, sino la vida misma.<\/p>\n<p>Durante casi cuatro d\u00e9cadas, M\u00e9xico ha vivido cat\u00e1strofes naturales, explosiones sociales, rebeliones armadas, alternancia pol\u00edtica, fraudes electorales, la ardua construcci\u00f3n de ciudadan\u00eda, la emergencia de las reivindicaciones de los pueblos ind\u00edgenas, la lucha de la memoria contra el olvido, la consagraci\u00f3n de artistas excepcionales, la defensa de la soberan\u00eda energ\u00e9tica y mil historias m\u00e1s. Dirigido por Carmen Lira y Carlos Pay\u00e1n, el diario le ha dado seguimiento a todos estos acontecimientos. En sus p\u00e1ginas puede encontrarse la memoria de tiempos excepcionales, documentados, editados e impresos por profesionales de excelencia. Son testimonio de un esfuerzo colectivo por informar, analizar, explicar y conmover. Son la prueba del impacto de un proyecto que ha transformado no s\u00f3lo al periodismo en M\u00e9xico, sino al mismo pa\u00eds.<\/p>\n<p>No es exageraci\u00f3n. Muchas cosas han cambiado en M\u00e9xico desde hace casi cuatro d\u00e9cadas y nuestro diario no ha sido ajeno a ellas. Como hace a\u00f1os lo record\u00f3 el premio Nobel Jos\u00e9 Saramago, este pa\u00eds ser\u00eda otro sin\u00a0<em>La Jornada<\/em>.<\/p>\n<div class=\"cabeza\"><q>Hemos decidido fundar una sociedad nacional que realice sus tareas en la prensa escrita<\/q>: Pablo Gonz\u00e1lez Casanova<\/div>\n<p class=\"s-s\">Don Pablo Gonz\u00e1lez Casanova colabor\u00f3 activamente en la fundaci\u00f3n de\u00a0<em>La Jornada<\/em>. \u201cMe acuerdo en sue\u00f1os \u2013escribi\u00f3\u2013 de aquella noche en que llegaron varios amigos. M\u00e1s que mi memoria, me despert\u00f3 su consternaci\u00f3n. Acababan de renunciar a un peri\u00f3dico en el que se hac\u00eda cada vez m\u00e1s dif\u00edcil trabajar\u2026 Cuando me contaron de su renuncia, recuerdo que les dije con cierta irresponsabilidad: \u00bfy por qu\u00e9 no fundamos otro? Era uno de esos desplantes de juventud que a veces provocan efectos reales. \u00c9ste los tuvo gracias a que en el grupo de fundadores estar\u00edan los dos directores del diario\u201d.<\/p>\n<p>Ese atrevimiento tom\u00f3 forma al poco tiempo. Al caer la noche del 29 de febrero de 1984 m\u00e1s de 5 mil personas se reunieron en un sal\u00f3n del Hotel de M\u00e9xico. Otras m\u00e1s hac\u00edan fila para entrar. All\u00ed estaban, entre otros muchos, Gabriel Garc\u00eda M\u00e1rquez, Francisco Toledo y Alberto Gironella. Era la presentaci\u00f3n en sociedad del proyecto para dar vida al diario.<\/p>\n<p>Ante la multitud, don Pablo tom\u00f3 la palabra.\u00a0<q>Porque somos optimistas luchamos. Porque tenemos esperanza en un destino somos cr\u00edticos<\/q>, dijo. Y concluy\u00f3:\u00a0<q>Hemos decidido fundar una sociedad nacional que realice sus tareas en la prensa escrita. La primera tarea ser\u00e1 fundar un peri\u00f3dico diario<\/q>. La prolongada ovaci\u00f3n sell\u00f3 el compromiso de crear un nuevo medio.<\/p>\n<\/div>\n<\/div>\n","protected":false},"excerpt":{"rendered":"<p>38 Aniversario La Jornada,\u00a038 largos a\u00f1os La Jornada La Jornada\u00a0cumple 38 a\u00f1os. Contra la corriente, se ha consolidado como un peri\u00f3dico de referencia. No s\u00f3lo dentro de M\u00e9xico. Diariamente es le\u00eddo por decenas de miles de personas en todo el mundo. Cuando la primera edici\u00f3n del tabloide vio la luz el 19 de septiembre de [&hellip;]<\/p>\n","protected":false},"author":249,"featured_media":29344,"comment_status":"open","ping_status":"closed","sticky":false,"template":"","format":"standard","meta":{"footnotes":""},"categories":[26],"tags":[],"class_list":["post-29343","post","type-post","status-publish","format-standard","has-post-thumbnail","hentry","category-mundo"],"_links":{"self":[{"href":"https:\/\/eloficiodehistoriar.com.mx\/index.php?rest_route=\/wp\/v2\/posts\/29343","targetHints":{"allow":["GET"]}}],"collection":[{"href":"https:\/\/eloficiodehistoriar.com.mx\/index.php?rest_route=\/wp\/v2\/posts"}],"about":[{"href":"https:\/\/eloficiodehistoriar.com.mx\/index.php?rest_route=\/wp\/v2\/types\/post"}],"author":[{"embeddable":true,"href":"https:\/\/eloficiodehistoriar.com.mx\/index.php?rest_route=\/wp\/v2\/users\/249"}],"replies":[{"embeddable":true,"href":"https:\/\/eloficiodehistoriar.com.mx\/index.php?rest_route=%2Fwp%2Fv2%2Fcomments&post=29343"}],"version-history":[{"count":1,"href":"https:\/\/eloficiodehistoriar.com.mx\/index.php?rest_route=\/wp\/v2\/posts\/29343\/revisions"}],"predecessor-version":[{"id":29345,"href":"https:\/\/eloficiodehistoriar.com.mx\/index.php?rest_route=\/wp\/v2\/posts\/29343\/revisions\/29345"}],"wp:featuredmedia":[{"embeddable":true,"href":"https:\/\/eloficiodehistoriar.com.mx\/index.php?rest_route=\/wp\/v2\/media\/29344"}],"wp:attachment":[{"href":"https:\/\/eloficiodehistoriar.com.mx\/index.php?rest_route=%2Fwp%2Fv2%2Fmedia&parent=29343"}],"wp:term":[{"taxonomy":"category","embeddable":true,"href":"https:\/\/eloficiodehistoriar.com.mx\/index.php?rest_route=%2Fwp%2Fv2%2Fcategories&post=29343"},{"taxonomy":"post_tag","embeddable":true,"href":"https:\/\/eloficiodehistoriar.com.mx\/index.php?rest_route=%2Fwp%2Fv2%2Ftags&post=29343"}],"curies":[{"name":"wp","href":"https:\/\/api.w.org\/{rel}","templated":true}]}}