{"id":29352,"date":"2022-09-19T16:28:11","date_gmt":"2022-09-19T22:28:11","guid":{"rendered":"https:\/\/eloficiodehistoriar.com.mx\/?p=29352"},"modified":"2022-09-19T16:28:11","modified_gmt":"2022-09-19T22:28:11","slug":"marciano-cantero-fue-antes-que-nada-una-buena-persona-un-artista-humilde","status":"publish","type":"post","link":"https:\/\/eloficiodehistoriar.com.mx\/?p=29352","title":{"rendered":"Marciano Cantero fue\u2026 Antes que nada, una buena persona; un artista humilde"},"content":{"rendered":"<h1 class=\"ljs-merri\">Bemol sostenido<\/h1>\n<p><span class=\"sem-autor\">Alonso Arreola <\/span><\/p>\n<div id=\"carouselSemControls\" class=\"carousel slide\" data-ride=\"carousel\">\n<div class=\"carousel-inner\">\n<div class=\"carousel-item active\">\n<div class=\"ljs-nota-img\">\n<p class=\"ljs-nota-pie\">Marciano Cantero fue\u2026<\/p>\n<\/div>\n<\/div>\n<\/div>\n<\/div>\n<div class=\"ljs-nota-cuerpo\">\n<p>&nbsp;<\/p>\n<p>\u2026Antes que nada, una buena persona; un artista humilde que supo compartir los frutos de su romance con la m\u00fasica sin aspavientos ni grandilocuencias. No fuimos amigos. Apenas estuvimos una o dos veces juntos, es cierto, pero lo sabemos. \u00bfC\u00f3mo? Marciano fue\u2026<\/p>\n<p>\u2026siempre cordial y atento en mensajes p\u00fablicos o privados, pero hubo un encuentro especial por el cual conocimos su maravillosa energ\u00eda. La imagen que acompa\u00f1a este texto da fe de ello. Hay que ver su lenguaje corporal. Ocurri\u00f3 durante el festival Vive Latino de 2011, cuando coincidimos para tocar en el homenaje al entonces enfermo Gustavo Cerati. All\u00ed, sin planearlo, nos juntamos entre colegas y alguien tuvo a bien sacarnos la foto. Sabo Romo (Caifanes) y Quique Rang\u00e9l (Caf\u00e9 Tacuba) completaron el cuadro. Marciano la public\u00f3 bajo el t\u00edtulo\u00a0<i>Sindicato de bajistas<\/i>. \u00bfA qu\u00e9 banda pertenec\u00eda Cantero? Marciano fue\u2026<\/p>\n<p>\u2026el bajista de Los Enanitos Verdes. As\u00ed es, la banda que se bautizara gracias a una famosa y pol\u00e9mica fotograf\u00eda en que aparec\u00edan peque\u00f1os \u201cduendes\u201d. Hablamos de un instrumentista que jam\u00e1s comprometi\u00f3 sus ejecuciones con inseguridades, egos o extra\u00f1as b\u00fasquedas t\u00e9cnicas como tantos de nosotros. (Aunque, siendo justos y para subrayar de nuevo su humildad, siempre estaba atento a lo que otros hici\u00e9ramos sobre el diapas\u00f3n.) Lo suyo fue la funcionalidad de las notas graves en canciones que deb\u00edan fluir sirviendo a la voz. Y la consigui\u00f3 con creces. S\u00ed. Marciano fue\u2026<\/p>\n<p>\u2026alguien especial en ese sentido. A veces pareciera que sus composiciones est\u00e1n inacabadas; que har\u00edan falta puentes, obligados mel\u00f3dicos o mayores conjeturas r\u00edtmicas. Pero no. Su efectividad es a prueba de balas. Con esas piezas puedes cantar. Con esas canciones puedes bailar. Con esos temas la gente hizo el amor, se cas\u00f3, tuvo hijos; con ellos lo despidieron a coro desde la calle, desde los autos, desde las ventanas, afuera del ministerio de cultura de Mendoza, Argentina, su tierra natal. Porque Marciano Cantero fue\u2026<\/p>\n<p>\u2026un enfermo de pocas semanas. La muerte se lo llev\u00f3 r\u00e1pido, casi de sorpresa. Y la gente reaccion\u00f3 bella e impulsivamente como pasa en torno a los \u00eddolos del pueblo. Hay im\u00e1genes conmovedoras del taxista que no para de corear; del llanto en los hinchas del Atl\u00e9tico Argentino, club de futbol sobre el cual escribiera Cantero: \u201cCuando con mi viejo iba a la cancha a ver a aquel Atl\u00e9tico.\u201d Tambi\u00e9n hay im\u00e1genes de la barra de Tigres en Monterrey, que us\u00f3 sus melod\u00edas para animar a la porra. Y c\u00f3mo no iba a pasar todo eso luego de dar vida a \u201cLa muralla verde\u201d, \u201cTe vi en un tren\u201d o \u201cLamento boliviano\u201d, himnos en el cancionero hispano. Porque Marciano Cantero no s\u00f3lo fue\u2026<\/p>\n<p>\u2026el bajista de los Enanos. Hay que decirlo. Era su l\u00edder, su cantante, su rostro de lentes gruesos. Era el \u00e1ngulo central de una banda que se fue haciendo grande desde su debut a finales de los setenta y que luego pas\u00f3 por tiempos rudos tras no conquistar del todo al p\u00fablico argentino. As\u00ed lo sienten muchos de sus coterr\u00e1neos, quienes se\u00f1alan a M\u00e9xico como el pa\u00eds que realmente le diera su lugar al tr\u00edo en que sonaban, junto a Cantero, Felipe Staiti (guitarra) y a \u00faltimas fechas el Jota Morelli (bater\u00eda). Tanto as\u00ed que Marciano fue\u2026<\/p>\n<p>\u2026habitante de nuestro pa\u00eds por mucho tiempo. Ac\u00e1 hizo vida y m\u00e1s arte. Su primer disco en vivo\u2026 Es por ello que el olvido no llegar\u00e1 a sus manos y que terminamos estas l\u00edneas cambiando de tiempo. Marciano no fue,\u00a0<i>es<\/i>\u00a0alguien que ser\u00e1 bien recordado. Buen domingo. Buena semana. Buenos sonidos.<\/p>\n<p>&nbsp;<\/p>\n<\/div>\n","protected":false},"excerpt":{"rendered":"<p>Bemol sostenido Alonso Arreola Marciano Cantero fue\u2026 &nbsp; \u2026Antes que nada, una buena persona; un artista humilde que supo compartir los frutos de su romance con la m\u00fasica sin aspavientos ni grandilocuencias. No fuimos amigos. Apenas estuvimos una o dos veces juntos, es cierto, pero lo sabemos. \u00bfC\u00f3mo? Marciano fue\u2026 \u2026siempre cordial y atento en [&hellip;]<\/p>\n","protected":false},"author":249,"featured_media":29353,"comment_status":"open","ping_status":"closed","sticky":false,"template":"","format":"standard","meta":{"footnotes":""},"categories":[26],"tags":[],"class_list":["post-29352","post","type-post","status-publish","format-standard","has-post-thumbnail","hentry","category-mundo"],"_links":{"self":[{"href":"https:\/\/eloficiodehistoriar.com.mx\/index.php?rest_route=\/wp\/v2\/posts\/29352","targetHints":{"allow":["GET"]}}],"collection":[{"href":"https:\/\/eloficiodehistoriar.com.mx\/index.php?rest_route=\/wp\/v2\/posts"}],"about":[{"href":"https:\/\/eloficiodehistoriar.com.mx\/index.php?rest_route=\/wp\/v2\/types\/post"}],"author":[{"embeddable":true,"href":"https:\/\/eloficiodehistoriar.com.mx\/index.php?rest_route=\/wp\/v2\/users\/249"}],"replies":[{"embeddable":true,"href":"https:\/\/eloficiodehistoriar.com.mx\/index.php?rest_route=%2Fwp%2Fv2%2Fcomments&post=29352"}],"version-history":[{"count":1,"href":"https:\/\/eloficiodehistoriar.com.mx\/index.php?rest_route=\/wp\/v2\/posts\/29352\/revisions"}],"predecessor-version":[{"id":29354,"href":"https:\/\/eloficiodehistoriar.com.mx\/index.php?rest_route=\/wp\/v2\/posts\/29352\/revisions\/29354"}],"wp:featuredmedia":[{"embeddable":true,"href":"https:\/\/eloficiodehistoriar.com.mx\/index.php?rest_route=\/wp\/v2\/media\/29353"}],"wp:attachment":[{"href":"https:\/\/eloficiodehistoriar.com.mx\/index.php?rest_route=%2Fwp%2Fv2%2Fmedia&parent=29352"}],"wp:term":[{"taxonomy":"category","embeddable":true,"href":"https:\/\/eloficiodehistoriar.com.mx\/index.php?rest_route=%2Fwp%2Fv2%2Fcategories&post=29352"},{"taxonomy":"post_tag","embeddable":true,"href":"https:\/\/eloficiodehistoriar.com.mx\/index.php?rest_route=%2Fwp%2Fv2%2Ftags&post=29352"}],"curies":[{"name":"wp","href":"https:\/\/api.w.org\/{rel}","templated":true}]}}