{"id":29363,"date":"2022-09-20T10:40:21","date_gmt":"2022-09-20T16:40:21","guid":{"rendered":"https:\/\/eloficiodehistoriar.com.mx\/?p=29363"},"modified":"2022-09-20T10:40:21","modified_gmt":"2022-09-20T16:40:21","slug":"amlo-reconocio-ayer-que-la-reapertura-de-la-normal-rural-de-el-mexe-es-un-compromiso-incumplidos","status":"publish","type":"post","link":"https:\/\/eloficiodehistoriar.com.mx\/?p=29363","title":{"rendered":"AMLO reconoci\u00f3 ayer que la reapertura de la normal rural de El Mexe, es un compromiso incumplidos"},"content":{"rendered":"<div class=\"sumarios\">\n<p>Diferencias entre padres, alumnos y funcionarios<\/p>\n<\/div>\n<div class=\"cabeza\">Instruye AMLO a titular de la SEP agilizar la reapertura de El Mexe<\/div>\n<div class=\"sumarios\">\n<p>Sus instalaciones, ocupadas por universidad polit\u00e9cnica<\/p>\n<\/div>\n<div id=\"article-text\" class=\"text tbl-forkorts-article\">\n<div class=\"foto\">\n<div class=\"pie-foto\">Alumnos de la normal Luis Villarreal, El Mexe, instalaron el pasado 25 de agosto casas de campa\u00f1a fuera y dentro de la Universidad Polit\u00e9cnica Francisco I Madero, en el municipio hidalguense del mismo nombre, en demanda de la reapertura de la escuela con internado.<\/div>\n<div><\/div>\n<\/div>\n<div class=\"col\">\n<div class=\"credito-autor\">Alonso Urrutia, Emir Olivares y Juan R. Montoya<\/div>\n<div class=\"credito-titulo\"><\/div>\n<div class=\"hemero\">La Jornada<\/p>\n<\/div>\n<p class=\"s-s\">El presidente Andr\u00e9s Manuel L\u00f3pez Obrador reconoci\u00f3 ayer que la reapertura de la normal rural de El Mexe, Hidalgo, es uno de sus compromisos incumplidos y una prioridad para los \u00faltimos dos a\u00f1os de su sexenio, por lo que encarg\u00f3 a la nueva titular de la Secretar\u00eda de Educaci\u00f3n P\u00fablica (SEP), Leticia Ram\u00edrez, agilizar el procedimiento para lograrlo en el corto plazo.<\/p>\n<p>Durante su conferencia de ayer por la ma\u00f1ana, el mandatario explic\u00f3 que en El Mexe\u00a0<q>hay una escuela t\u00e9cnica que est\u00e1 funcionando, pero hay un grupo que lo que quiere es que se regrese a la escuela normal que hab\u00eda, con internado y todo. Y estoy de acuerdo con eso, nada m\u00e1s que no se ha podido porque no hay un acuerdo entre las partes<\/q>.<\/p>\n<p>Interrogado sobre si el relevo en la gubernatura de Hidalgo favorecer\u00eda la reapertura del plantel, ubicado en el municipio de Francisco I. Madero, L\u00f3pez Obrador respondi\u00f3 que la opci\u00f3n ha existido, indistintamente, con el actual gobernador morenista, Julio Menchaca, y con el anterior, el pri\u00edsta Omar Fayad.<\/p>\n<p>Sin embargo,\u00a0<q>no se aplicaron quienes ten\u00edan la responsabilidad. Y aqu\u00ed, pues, hay que estar pendientes y no desatender nada y va pasando el tiempo<\/q>.<\/p>\n<p>El Presidente admiti\u00f3 que de los compromisos que hizo al comenzar su administraci\u00f3n, la reapertura de la escuela normal rural Luis Villarreal est\u00e1 entre los que no se han concretado, en contraste con nuevos ofrecimientos que ha hecho al paso de su gobierno y que han sido ya cumplidos.<\/p>\n<p>Atribuy\u00f3 el rezago a la compleja situaci\u00f3n en el plantel, donde hay posturas diferentes entre alumnos, maestros, padres de familia y funcionarios, pero confi\u00f3 en que el caso se resolver\u00e1 pronto.<\/p>\n<p class=\"sumario\">Se\u00f1alan requisitos para la reapertura<\/p>\n<p class=\"s-s\">Armando Azpeitia, uno de los impulsores de la reapertura de El Mexe, luego del cierre del plantel en 2006, ordenado por las autoridades educativas hidalguenses, dijo que es necesaria la devoluci\u00f3n de las instalaciones originales, la designaci\u00f3n de docentes, directivos y personal administrativo, que se legalice la clave escolar y que se reinstale el sistema de internado.<\/p>\n<p>Azpeitia es alcalde del cercano municipio de San Salvador, Hidalgo, y egresado de El Mexe.<\/p>\n<p>Sobre la devoluci\u00f3n de instalaciones, hoy ocupadas por la Universidad Polit\u00e9cnica de Francisco I. Madero (UPFIM), Azpeitia consider\u00f3 que las autoridades deben\u00a0<q>ayudar a delimitar los espacios de cada instituci\u00f3n, porque nunca se ha pedido que la Polit\u00e9cnica se vaya o deje de funcionar. Se busca que las autoridades hagan una delimitaci\u00f3n de espacios para que haya una adecuada convivencia entre los estudiantes de ambas instituciones<\/q>.<\/p>\n<p>Puntualiz\u00f3 que lo m\u00e1s viable es esa delimitaci\u00f3n, aunque los egresados y otros promotores de la reapertura de El Mexe no est\u00e1n de acuerdo con compartir con la UPFIM las antiguas instalaciones y el pol\u00edgono de 72 hect\u00e1reas que por d\u00e9cadas pertenecieron a la normal.<\/p>\n<p>Aclar\u00f3 que esta \u00faltima instituci\u00f3n nunca dej\u00f3 de tener la propiedad legal de las tierras ni del casco de ex hacienda que posteriormente fueron asignados a la UPFIM. Por ello, se\u00f1al\u00f3 que es importante llegar a un acuerdo avalado por las autoridades estatales y federales, al igual que por el Congreso de Hidalgo, en el cual se precise\u00a0<q>la restituci\u00f3n de la mayor parte de territorio a la normal<\/q>.<\/p>\n<p>Agreg\u00f3 que\u00a0<q>los alumnos y los que somos egresados de El Mexe agradecemos la voluntad y expresiones del Presidente, pero reprobamos el bloqueo del que ha sido objeto esta escuela<\/q>, del cual culp\u00f3 a funcionarios del Sistema Nacional de Normales de la SEP, quienes\u00a0<q>no tienen para cu\u00e1ndo nombrar a la planta docente y directiva de la normal, lo cual es una completa irresponsabilidad<\/q>.<\/p>\n<\/div>\n<\/div>\n","protected":false},"excerpt":{"rendered":"<p>Diferencias entre padres, alumnos y funcionarios Instruye AMLO a titular de la SEP agilizar la reapertura de El Mexe Sus instalaciones, ocupadas por universidad polit\u00e9cnica Alumnos de la normal Luis Villarreal, El Mexe, instalaron el pasado 25 de agosto casas de campa\u00f1a fuera y dentro de la Universidad Polit\u00e9cnica Francisco I Madero, en el municipio [&hellip;]<\/p>\n","protected":false},"author":249,"featured_media":29364,"comment_status":"open","ping_status":"closed","sticky":false,"template":"","format":"standard","meta":{"footnotes":""},"categories":[26],"tags":[],"class_list":["post-29363","post","type-post","status-publish","format-standard","has-post-thumbnail","hentry","category-mundo"],"_links":{"self":[{"href":"https:\/\/eloficiodehistoriar.com.mx\/index.php?rest_route=\/wp\/v2\/posts\/29363","targetHints":{"allow":["GET"]}}],"collection":[{"href":"https:\/\/eloficiodehistoriar.com.mx\/index.php?rest_route=\/wp\/v2\/posts"}],"about":[{"href":"https:\/\/eloficiodehistoriar.com.mx\/index.php?rest_route=\/wp\/v2\/types\/post"}],"author":[{"embeddable":true,"href":"https:\/\/eloficiodehistoriar.com.mx\/index.php?rest_route=\/wp\/v2\/users\/249"}],"replies":[{"embeddable":true,"href":"https:\/\/eloficiodehistoriar.com.mx\/index.php?rest_route=%2Fwp%2Fv2%2Fcomments&post=29363"}],"version-history":[{"count":1,"href":"https:\/\/eloficiodehistoriar.com.mx\/index.php?rest_route=\/wp\/v2\/posts\/29363\/revisions"}],"predecessor-version":[{"id":29365,"href":"https:\/\/eloficiodehistoriar.com.mx\/index.php?rest_route=\/wp\/v2\/posts\/29363\/revisions\/29365"}],"wp:featuredmedia":[{"embeddable":true,"href":"https:\/\/eloficiodehistoriar.com.mx\/index.php?rest_route=\/wp\/v2\/media\/29364"}],"wp:attachment":[{"href":"https:\/\/eloficiodehistoriar.com.mx\/index.php?rest_route=%2Fwp%2Fv2%2Fmedia&parent=29363"}],"wp:term":[{"taxonomy":"category","embeddable":true,"href":"https:\/\/eloficiodehistoriar.com.mx\/index.php?rest_route=%2Fwp%2Fv2%2Fcategories&post=29363"},{"taxonomy":"post_tag","embeddable":true,"href":"https:\/\/eloficiodehistoriar.com.mx\/index.php?rest_route=%2Fwp%2Fv2%2Ftags&post=29363"}],"curies":[{"name":"wp","href":"https:\/\/api.w.org\/{rel}","templated":true}]}}