{"id":29369,"date":"2022-09-20T11:00:13","date_gmt":"2022-09-20T17:00:13","guid":{"rendered":"https:\/\/eloficiodehistoriar.com.mx\/?p=29369"},"modified":"2022-09-20T11:00:13","modified_gmt":"2022-09-20T17:00:13","slug":"en-en-70-festival-de-san-sebastian-por-alguna-extrana-razon-el-cine-mexicano-no-suele-estar","status":"publish","type":"post","link":"https:\/\/eloficiodehistoriar.com.mx\/?p=29369","title":{"rendered":"En e\u00f1 70 Festival de San Sebasti\u00e1n, por alguna extra\u00f1a raz\u00f3n el cine mexicano no suele estar"},"content":{"rendered":"<div id=\"article-cont\" class=\"main-cont article-cont analysis\">\n<div class=\"series\">70 Festival de San Sebasti\u00e1n<\/div>\n<div><\/div>\n<div class=\"cabeza\">Algo de M\u00e9xico<\/div>\n<div class=\"sumarios\"><\/div>\n<div class=\"credito-articulo\">Leonardo Garc\u00eda Tsao<\/div>\n<div><\/div>\n<div id=\"article-text\" class=\"text\">\n<div class=\"col col1\">\n<div class=\"inicial\">Por alguna extra\u00f1a raz\u00f3n que\u00a0compete al comit\u00e9 de selecci\u00f3n, el cine mexicano no suele entrar en la secci\u00f3n competitiva del festival. Si no recuerdo mal, la \u00faltima pel\u00edcula concursante hasta la fecha ha sido\u00a0<em>Las razones del coraz\u00f3n,<\/em>\u00a0de Arturo Ripstein, en 2011. Esto result\u00f3 en una andanada de insultos del cineasta, pero eso es otro chisme.<\/div>\n<p>Este a\u00f1o M\u00e9xico est\u00e1 presente como coproductor de la cinta argentina\u00a0<em>El suplente,<\/em>\u00a0de Diego Lerman, exhibida ya el s\u00e1bado y ha sido de lo mejorcito de la secci\u00f3n oficial. Las instancias mexicanas son Pimienta Films y Eficine. En la secci\u00f3n Horizontes Latinos, tambi\u00e9n competitiva, el cine nacional ha sido un invitado \u2013y un ganador\u2013 m\u00e1s frecuente. (El a\u00f1o pasado,\u00a0<em>Selva de fuego<\/em>\u00a0fue la triunfadora y ahora su directora, Tatiana Huezo, est\u00e1 en el jurado). Aqu\u00ed participan\u00a0<em>Dos estaciones,<\/em>\u00a0del debutante Juan Pablo Gonz\u00e1lez, y\u00a0<em>Ruido,<\/em>\u00a0tercer largometraje de Natalia Berist\u00e1in. Mientras la ecuatoriana\u00a0<em>La piel pulpo,<\/em>\u00a0de Ana Cristina Barrag\u00e1n, tambi\u00e9n tiene inversi\u00f3n mexicana.<\/p>\n<p>En otras secciones,\u00a0<em>Manto de gemas,\u00a0<\/em>de Natalia L\u00f3pez Gallardo y premiada en la Berlinale, es parte del programa de Perlak. Como tambi\u00e9n lo es\u00a0<em>Bardo: falsa cr\u00f3nica de unas cuantas verdades,<\/em>\u00a0de Alejandro Gonz\u00e1lez I\u00f1\u00e1rritu. Finalmente,\u00a0<em>La hija de todas las rabias,<\/em>\u00a0de la nicarag\u00fcense Laura Baumeister, con coproducci\u00f3n mexicana, participa en la secci\u00f3n New Directors. Volviendo a la competencia, hoy se vio\u00a0<em>Le lyc\u00e9en (El preparatoriano),<\/em>\u00a0del franc\u00e9s Christophe Honor\u00e9, director que por lo general no me convence nada. En este caso trata de Lucas (Paul Kircher), un adolescente gay de 17 a\u00f1os en medio de una crisis existencial agravada por la muerte de su padre en un accidente automovil\u00edstico. Poco puede hacer su madre (Juliette Binoche, con constante cara de preocupaci\u00f3n) por su v\u00e1stago menor, que se refiere a sus problemas en un mon\u00f3logo constante. Un viaje a Par\u00eds s\u00f3lo le permitir\u00e1 un poco de promiscuidad sexual y todo culminar\u00e1 con un torpe intento de suicidio.<\/p>\n<\/div>\n<div class=\"col col2\">\n<p>Es evidente la simpat\u00eda de Honor\u00e9 por su protagonista, as\u00ed como su inter\u00e9s personal en el asunto \u2013la pel\u00edcula est\u00e1 dedicada a su padre\u2013, pero uno se pregunta por qu\u00e9 la filma con predominio de acercamientos temblorosos, como si estuviera hecha para la televisi\u00f3n. Con todo, es lo m\u00e1s aceptable que le conozco al realizador.<\/p>\n<p>Donde no entr\u00e9 de plano fue al enrarecido mundo de\u00a0<em>Il Boemo,<\/em>\u00a0del checo Petr Vaclav, la biograf\u00eda del compositor Josef Myslivecka, activo en la segunda mitad del siglo XVIII. Interpretado por Vojtech Dyk, el m\u00fasico \u2013totalmente desconocido para m\u00ed\u2013 participa de la grilla cortesana, entre cantantes y miembros de la realeza, intercalada con largas secuencias oper\u00edsticas, que no es lo m\u00edo. Francamente, me aburr\u00ed como un osti\u00f3n y nunca supe por qu\u00e9 el protagonista sufre una enfermedad que lo deja con la mitad del rostro carcomido.<\/p>\n<p>Twitter:\u00a0<a href=\"https:\/\/twitter.com\/@walyder\" target=\"_blank\" rel=\"noopener\">@walyder<\/a><\/p>\n<p class=\"email\">\n<\/div>\n<\/div>\n<div class=\"go gui\">\n<div class=\"go-up\"><\/div>\n<\/div>\n<\/div>\n<div id=\"taboola-below-content-thumbnails\" class=\" trc_related_container trc_spotlight_widget tbl-feed-container tbl-feed-frame-DIVIDER  render-late-effect\" data-feed-container-num=\"1\" data-feed-main-container-id=\"taboola-below-content-thumbnails\" data-parent-placement-name=\"Below Content Thumbnails\" data-pub-lang=\"es\">\n<div class=\" tbl-feed-header tbl-logo-right-position\">\n<div class=\"tbl-feed-header-logo\"><\/div>\n<\/div>\n<\/div>\n","protected":false},"excerpt":{"rendered":"<p>70 Festival de San Sebasti\u00e1n Algo de M\u00e9xico Leonardo Garc\u00eda Tsao Por alguna extra\u00f1a raz\u00f3n que\u00a0compete al comit\u00e9 de selecci\u00f3n, el cine mexicano no suele entrar en la secci\u00f3n competitiva del festival. Si no recuerdo mal, la \u00faltima pel\u00edcula concursante hasta la fecha ha sido\u00a0Las razones del coraz\u00f3n,\u00a0de Arturo Ripstein, en 2011. Esto result\u00f3 en [&hellip;]<\/p>\n","protected":false},"author":249,"featured_media":29370,"comment_status":"open","ping_status":"closed","sticky":false,"template":"","format":"standard","meta":{"footnotes":""},"categories":[26],"tags":[],"class_list":["post-29369","post","type-post","status-publish","format-standard","has-post-thumbnail","hentry","category-mundo"],"_links":{"self":[{"href":"https:\/\/eloficiodehistoriar.com.mx\/index.php?rest_route=\/wp\/v2\/posts\/29369","targetHints":{"allow":["GET"]}}],"collection":[{"href":"https:\/\/eloficiodehistoriar.com.mx\/index.php?rest_route=\/wp\/v2\/posts"}],"about":[{"href":"https:\/\/eloficiodehistoriar.com.mx\/index.php?rest_route=\/wp\/v2\/types\/post"}],"author":[{"embeddable":true,"href":"https:\/\/eloficiodehistoriar.com.mx\/index.php?rest_route=\/wp\/v2\/users\/249"}],"replies":[{"embeddable":true,"href":"https:\/\/eloficiodehistoriar.com.mx\/index.php?rest_route=%2Fwp%2Fv2%2Fcomments&post=29369"}],"version-history":[{"count":1,"href":"https:\/\/eloficiodehistoriar.com.mx\/index.php?rest_route=\/wp\/v2\/posts\/29369\/revisions"}],"predecessor-version":[{"id":29371,"href":"https:\/\/eloficiodehistoriar.com.mx\/index.php?rest_route=\/wp\/v2\/posts\/29369\/revisions\/29371"}],"wp:featuredmedia":[{"embeddable":true,"href":"https:\/\/eloficiodehistoriar.com.mx\/index.php?rest_route=\/wp\/v2\/media\/29370"}],"wp:attachment":[{"href":"https:\/\/eloficiodehistoriar.com.mx\/index.php?rest_route=%2Fwp%2Fv2%2Fmedia&parent=29369"}],"wp:term":[{"taxonomy":"category","embeddable":true,"href":"https:\/\/eloficiodehistoriar.com.mx\/index.php?rest_route=%2Fwp%2Fv2%2Fcategories&post=29369"},{"taxonomy":"post_tag","embeddable":true,"href":"https:\/\/eloficiodehistoriar.com.mx\/index.php?rest_route=%2Fwp%2Fv2%2Ftags&post=29369"}],"curies":[{"name":"wp","href":"https:\/\/api.w.org\/{rel}","templated":true}]}}