{"id":29372,"date":"2022-09-20T11:07:50","date_gmt":"2022-09-20T17:07:50","guid":{"rendered":"https:\/\/eloficiodehistoriar.com.mx\/?p=29372"},"modified":"2022-09-20T11:07:50","modified_gmt":"2022-09-20T17:07:50","slug":"erotismo-y-arte-en-la-exposicion-de-giovanni-sagardi","status":"publish","type":"post","link":"https:\/\/eloficiodehistoriar.com.mx\/?p=29372","title":{"rendered":"Erotismo y arte en la exposici\u00f3n de Giovanni Sagardi"},"content":{"rendered":"<div>\n<h1 class=\"title\">Erotismo y arte en la exposici\u00f3n de Giovanni Sagardi<\/h1>\n<h1 class=\"title\">\u00bfte la perder\u00e1s?<\/h1>\n<\/div>\n<h3 class=\"subtitle\">El erotismo, la sensualidad y sexualidad que retrata Giovanni Sagardi en sus pinturas, llegar\u00e1n al Poliforum Mier y Pesado para asombrar a los amantes del arte<\/h3>\n<p>El pintor cordob\u00e9s presentar\u00e1 sus obras en la Sala Sergio Mart\u00ednez del Poliforum Mier y Pesado<\/p>\n<div id=\"affix-share\" class=\"sharing-menu no-affix\">\n<ul>\n<li>Jhennifer Renaud<\/li>\n<li>El Sol de C\u00f3rdoba<\/li>\n<\/ul>\n<\/div>\n<div class=\"content-body clearfix \">\n<div id=\"content-body-225-8913256\">\n<p>C\u00f3rdoba, Ve.-<\/p>\n<p>Con obras surrealistas al puro estilo del pintor cordob\u00e9s\u00a0<b>Giovanni Sagardi,\u00a0<\/b>el pr\u00f3ximo 4 de noviembre en punto de las 18:00 horas habr\u00e1 exposici\u00f3n en la\u00a0<i>Sala Sergio Mart\u00ednez del Poliforum Mier y Pesado.\u00a0<\/i>El erotismo, la sensualidad y sexualidad que retrata en sus pinturas llegar\u00e1n para asombrar a los amantes del arte.<\/p>\n<p>Esta exposici\u00f3n denominada\u00a0<b>\u00ab<i>Desde mi cama con amor\u00bb\u00a0<\/i>ser\u00e1 la continuaci\u00f3n de la primer exposici\u00f3n llamada<i>\u00a0\u00abErotismo y Osad\u00eda\u00bb<\/i><\/b>\u00a0en donde el artista pl\u00e1stico Giovanni Sagardi plasma un tema, por dem\u00e1s pol\u00e9mico, que es el cuerpo humano, el aparato reproductor femenino y masculino y las connotaciones sexuales que podr\u00eda tener, pero con una esencia art\u00edstica casi po\u00e9tica que evoca a admirar la obra pict\u00f3rica del cordob\u00e9s.<\/p>\n<\/div>\n<\/div>\n<div class=\"advertisment \"><\/div>\n<article class=\"content-continued-body clearfix \">\n<div id=\"content-body-5851641-8913256\">\n<ul>\n<li><\/li>\n<\/ul>\n<p><i>\u00abBusco que los espectadores, los j\u00f3venes como yo y quienes asisten a una galer\u00eda se familiaricen, no solo con el cuerpo semidesnudo, sino con el cuerpo desnudo, en el cual podamos ver genitales, en mi obra vamos a ver \u00f3rganos reproductores, tanto masculino, como femeninos, que tienen relaci\u00f3n con la literatura, la mitolog\u00eda y la poes\u00eda\u00bb<\/i>, expres\u00f3 el pintor.<\/p>\n<div class=\"cultura\nmedia \"><\/p>\n<div class=\"teaser \">\n<div class=\"img-container picture\">\n<div id=\"standard_9\" class=\"st-placement standard_9 inImageRestricted\">\n<div class=\"st-adunit st-adunit-tagged st-reset st-show\">\n<div class=\"st-adunit-ad st-reset\">\n<div class=\"st-display-render st-reset\">\n<div class=\"st-reset\">\n<div class=\"important-styled st-canvas-container open MobileBanner display-standard fssquz2\">\n<div class=\"important-styled st-canvas-el fhxwyqa\">\n<div class=\"important-styled st-canvas-container undefined fssquz2\">\n<div class=\"important-styled st-canvas-el f1j3nce3\">\n<div class=\"important-styled st-canvas-container undefined fssquz2\">\n<div class=\"important-styled st-canvas-el fhxwyqa\">\n<div class=\"important-styled f1vt1x3o\">\n<div class=\"important-styled display-render-wrapper f1vt1x3o\">Sagardi dijo que su inspiraci\u00f3n para esta exposici\u00f3n est\u00e1 enfocada en dos compositoras de boleros, <b>Lolita De la Colina y Concha Vald\u00e9z Miranda<\/b>, as\u00ed como tambi\u00e9n en la poetisa er\u00f3tica\u00a0<b>Carito Oliver Labra<\/b>,<i>\u00a0\u00ablas tres en su momento fueron censuradas por su obra, porque en su momento escandalizaba a la sociedad, yo me inspiro en sus letras, pero m\u00e1s que nada en su libertad sexual y en la forma en que vivieron, en que se expresaron sin ning\u00fan l\u00edmite\u00bb<\/i>, explic\u00f3.<\/div>\n<\/div>\n<\/div>\n<\/div>\n<\/div>\n<\/div>\n<\/div>\n<\/div>\n<\/div>\n<\/div>\n<\/div>\n<\/div>\n<\/div>\n<\/div>\n<\/div>\n<\/div>\n<h2><b>\u00bfDe d\u00f3nde tom\u00f3 inspiraci\u00f3n Giovanni Sagardi?<\/b><\/h2>\n<p>Las pinturas que se estar\u00e1n presentando en este recinto ser\u00e1n\u00a0<b>algunas inspiradas en\u00a0<i>Rembramdt<\/i>,<\/b>\u00a0en escenas mitol\u00f3gicas, s\u00e1tiras y obras inspiradas en\u00a0<i>Andaluc\u00eda y el Flamenco.<\/i><\/p>\n<p><i>\u00abPara mi Andaluc\u00eda es un lugar muy pasional, veremos majas desnudas y toreros, la buler\u00eda para mi, es un ritual de apareamiento, ser\u00e1n obras muy fuertes que podr\u00e1n ver y contagiarse de este ambiente\u00bb<\/i>, agreg\u00f3 Giovanni Sagardi.<\/p>\n<div class=\"cultura\nmedia \"><\/p>\n<div class=\"teaser \">\n<div class=\"img-container picture\">\n<div id=\"standard_10\" class=\"st-placement standard_10 inImage\">\n<div class=\"st-adunit st-adunit-tagged st-reset st-show\">\n<div class=\"st-adunit-ad st-reset\">\n<div class=\"st-display-render st-reset\">\n<div class=\"st-reset\">\n<div class=\"important-styled st-canvas-container open MobileBanner display-standard fssquz2\">\n<div class=\"important-styled st-canvas-el fhxwyqa\">\n<div class=\"important-styled st-canvas-container undefined fssquz2\">\n<div class=\"important-styled st-canvas-el f1j3nce3\">\n<div class=\"important-styled st-canvas-container undefined fssquz2\">\n<div class=\"important-styled st-canvas-el fhxwyqa\">\n<div class=\"important-styled f1vt1x3o\">\n<div class=\"important-styled display-render-wrapper f1vt1x3o\"><b>Son m\u00e1s de 6 a\u00f1os los que tiene este joven cordob\u00e9s dentro del arte<\/b>, que pese a que su trayectoria es relativamente corta en sus 13 exposiciones que ha realizado, los comentarios siempre han sido de aprobaci\u00f3n y admiraci\u00f3n por parte de los asistentes.<\/div>\n<\/div>\n<\/div>\n<\/div>\n<\/div>\n<\/div>\n<\/div>\n<\/div>\n<\/div>\n<\/div>\n<\/div>\n<\/div>\n<\/div>\n<\/div>\n<\/div>\n<\/div>\n<ul>\n<li><b>Vuelve a leer:\u00a0<a href=\"https:\/\/www.diariodexalapa.com.mx\/cultura\/cuando-sera-y-que-sedes-tendra-el-festival-internacional-afrocaribeno-8892193.html\" target=\"_blank\" rel=\"Follow noopener\">Anuncian Festival Internacional Afrocaribe\u00f1o; fechas y sedes<\/a><br \/>\n<\/b><\/li>\n<\/ul>\n<p>Esta ocasi\u00f3n la exposici\u00f3n se lleva a cabo gracias a que la\u00a0<i>Secretar\u00eda de Cultura\u00a0<\/i>que impuls\u00f3 y motiv\u00f3 al artista para continuar bajo este mismo tema de erotismo, algo que el pintor vio como una oportunidad para demostrar su talento que va inspirado en obras surrealistas.<\/p>\n<\/div>\n<\/article>\n","protected":false},"excerpt":{"rendered":"<p>Erotismo y arte en la exposici\u00f3n de Giovanni Sagardi \u00bfte la perder\u00e1s? El erotismo, la sensualidad y sexualidad que retrata Giovanni Sagardi en sus pinturas, llegar\u00e1n al Poliforum Mier y Pesado para asombrar a los amantes del arte El pintor cordob\u00e9s presentar\u00e1 sus obras en la Sala Sergio Mart\u00ednez del Poliforum Mier y Pesado Jhennifer [&hellip;]<\/p>\n","protected":false},"author":249,"featured_media":29373,"comment_status":"open","ping_status":"closed","sticky":false,"template":"","format":"standard","meta":{"footnotes":""},"categories":[26],"tags":[],"class_list":["post-29372","post","type-post","status-publish","format-standard","has-post-thumbnail","hentry","category-mundo"],"_links":{"self":[{"href":"https:\/\/eloficiodehistoriar.com.mx\/index.php?rest_route=\/wp\/v2\/posts\/29372","targetHints":{"allow":["GET"]}}],"collection":[{"href":"https:\/\/eloficiodehistoriar.com.mx\/index.php?rest_route=\/wp\/v2\/posts"}],"about":[{"href":"https:\/\/eloficiodehistoriar.com.mx\/index.php?rest_route=\/wp\/v2\/types\/post"}],"author":[{"embeddable":true,"href":"https:\/\/eloficiodehistoriar.com.mx\/index.php?rest_route=\/wp\/v2\/users\/249"}],"replies":[{"embeddable":true,"href":"https:\/\/eloficiodehistoriar.com.mx\/index.php?rest_route=%2Fwp%2Fv2%2Fcomments&post=29372"}],"version-history":[{"count":1,"href":"https:\/\/eloficiodehistoriar.com.mx\/index.php?rest_route=\/wp\/v2\/posts\/29372\/revisions"}],"predecessor-version":[{"id":29374,"href":"https:\/\/eloficiodehistoriar.com.mx\/index.php?rest_route=\/wp\/v2\/posts\/29372\/revisions\/29374"}],"wp:featuredmedia":[{"embeddable":true,"href":"https:\/\/eloficiodehistoriar.com.mx\/index.php?rest_route=\/wp\/v2\/media\/29373"}],"wp:attachment":[{"href":"https:\/\/eloficiodehistoriar.com.mx\/index.php?rest_route=%2Fwp%2Fv2%2Fmedia&parent=29372"}],"wp:term":[{"taxonomy":"category","embeddable":true,"href":"https:\/\/eloficiodehistoriar.com.mx\/index.php?rest_route=%2Fwp%2Fv2%2Fcategories&post=29372"},{"taxonomy":"post_tag","embeddable":true,"href":"https:\/\/eloficiodehistoriar.com.mx\/index.php?rest_route=%2Fwp%2Fv2%2Ftags&post=29372"}],"curies":[{"name":"wp","href":"https:\/\/api.w.org\/{rel}","templated":true}]}}