{"id":29376,"date":"2022-09-22T13:03:01","date_gmt":"2022-09-22T19:03:01","guid":{"rendered":"https:\/\/eloficiodehistoriar.com.mx\/?p=29376"},"modified":"2022-09-22T13:03:01","modified_gmt":"2022-09-22T19:03:01","slug":"jo5rge-fons-recordado-por-rojo-amanecer-y-el-callejon-de-los-milagros","status":"publish","type":"post","link":"https:\/\/eloficiodehistoriar.com.mx\/?p=29376","title":{"rendered":"Jo5rge Fons, recordado por \u00abRojo amanecer\u00bb\u00a0y\u00a0\u00abEl callej\u00f3n de los milagros\u00bb"},"content":{"rendered":"<div id=\"article-cont\" class=\"main-cont article-cont actuality\">\n<div class=\"cabeza\">Muri\u00f3 Jorge Fons, referente del cine nacional<\/div>\n<div class=\"sumarios\"><\/div>\n<div id=\"article-text\" class=\"text\">\n<div class=\"col col1\">\n<div class=\"credito-autor\">Juan Jos\u00e9 Olivares<\/div>\n<div class=\"credito-titulo\"><\/div>\n<div class=\"hemero\">La Jornada<\/p>\n<\/div>\n<p class=\"s-s\"><q>El cine es un arte social en el que muchos van dejando su huella. Aunque todo se aglutine en una idea, todos dejan su esencia, su modo; no obstante, prevalecer\u00e1 ese flujo que se junta con el de los dem\u00e1s. Al final son las ramas u hojas de un mismo \u00e1rbol.<\/q><\/p>\n<p>La anterior es una reflexi\u00f3n de Jorge Fons, referente en el cine mexicano que anoche falleci\u00f3 a los 83 a\u00f1os, de acuerdo con informaci\u00f3n proporcionada por su familia.<\/p>\n<p>Fons, recordado por dirigir pel\u00edculas como\u00a0<em>Rojo amanecer<\/em>\u00a0y\u00a0<em>El callej\u00f3n de los milagros<\/em>, fue reconocido con m\u00faltiples galardones, incluidos el Premio Nacional de Ciencias y Artes, el Premio Nacional de Bellas Artes, varios premios Ariel (incluido el de Oro, por su trayectoria), as\u00ed como en diversos encuentros internacionales de cine.<\/p>\n<p>Tambi\u00e9n dirigi\u00f3 teatro y televisi\u00f3n. Fons pertenece a la primera generaci\u00f3n de egresados del Centro Universitario de Estudios Cinematogr\u00e1ficos de la Universidad Nacional Aut\u00f3noma de M\u00e9xico (UNAM). Su trabajo incluye las facetas de director, codirector y guionista; tambi\u00e9n fue actor, asistente teatral y ayudante de c\u00e1mara.<\/p>\n<p>El nacido en Tuxpan, Veracruz, forma parte de una gran generaci\u00f3n de cineastas mexicanos surgidos en la d\u00e9cada de 1970 con potencial art\u00edstico a escala mundial.<\/p>\n<p>Desde adolescente particip\u00f3 en teatro estudiantil y fund\u00f3, con otros colegas, el Teatro de Tlalnepantla. Tambi\u00e9n estudi\u00f3 actuaci\u00f3n, direcci\u00f3n de actores y direcci\u00f3n de escena con Seki Sano y Enrique Ruelas. Dirigi\u00f3 varias obras como la escena de la \u00f3pera\u00a0<em>Orfeo<\/em>, de Claudio Monteverdi (producci\u00f3n UNAM-INBA).<\/p>\n<\/div>\n<div class=\"col col2\">\n<p>Su afinidad por la escritura se expresa en art\u00edculos period\u00edsticos y ensayos en torno al cine y la cultura. En recientes tiempos colaboraba en el diario con la minicolumna\u00a0<em>Di\u00e1locos<\/em>.<\/p>\n<p>Desde su primera pel\u00edcula,\u00a0<em>La sorpresa<\/em>\u00a0(1968), su trabajo ha gozado del aprecio del p\u00fablico y de la cr\u00edtica nacional e internacional.<\/p>\n<p>Muchos de sus guiones llevados a la pantalla provienen de obras de la literatura universal, como\u00a0<em>Los cachorros<\/em>\u00a0(1972), basada en la novela de Mario Vargas Llosa;\u00a0<em>Los alba\u00f1iles<\/em>\u00a0(1976), adaptada de la novela de Vicente Le\u00f1ero;\u00a0<em>El callej\u00f3n de los milagros<\/em>\u00a0(1994), inspirada en la novela de Naguib Mahfuz, y\u00a0<em>El atentado<\/em>\u00a0(2010), a partir de la novela\u00a0<em>Expediente del atentado<\/em>, de \u00c1lvaro Uribe.<\/p>\n<p>Desarroll\u00f3 una labor constante en la docencia, contribuyendo a la formaci\u00f3n de nuevas generaciones de cineastas mexicanos; fue catedr\u00e1tico en el Centro de Capacitaci\u00f3n Cinematogr\u00e1fica y en el Centro Universitario de Estudios Cinematogr\u00e1ficos.<\/p>\n<\/div>\n<\/div>\n<div class=\"go gui\">\n<div class=\"go-up\"><\/div>\n<\/div>\n<\/div>\n<div id=\"taboola-below-content-thumbnails\" class=\" trc_related_container trc_spotlight_widget tbl-feed-container tbl-feed-frame-DIVIDER  render-late-effect\" data-feed-container-num=\"1\" data-feed-main-container-id=\"taboola-below-content-thumbnails\" data-parent-placement-name=\"Below Content Thumbnails\" data-pub-lang=\"es\">\n<div class=\" tbl-feed-header tbl-logo-right-position\">\n<div class=\"tbl-feed-header-logo\"><\/div>\n<\/div>\n<\/div>\n","protected":false},"excerpt":{"rendered":"<p>Muri\u00f3 Jorge Fons, referente del cine nacional Juan Jos\u00e9 Olivares La Jornada El cine es un arte social en el que muchos van dejando su huella. Aunque todo se aglutine en una idea, todos dejan su esencia, su modo; no obstante, prevalecer\u00e1 ese flujo que se junta con el de los dem\u00e1s. Al final son [&hellip;]<\/p>\n","protected":false},"author":249,"featured_media":29377,"comment_status":"open","ping_status":"closed","sticky":false,"template":"","format":"standard","meta":{"footnotes":""},"categories":[26],"tags":[],"class_list":["post-29376","post","type-post","status-publish","format-standard","has-post-thumbnail","hentry","category-mundo"],"_links":{"self":[{"href":"https:\/\/eloficiodehistoriar.com.mx\/index.php?rest_route=\/wp\/v2\/posts\/29376","targetHints":{"allow":["GET"]}}],"collection":[{"href":"https:\/\/eloficiodehistoriar.com.mx\/index.php?rest_route=\/wp\/v2\/posts"}],"about":[{"href":"https:\/\/eloficiodehistoriar.com.mx\/index.php?rest_route=\/wp\/v2\/types\/post"}],"author":[{"embeddable":true,"href":"https:\/\/eloficiodehistoriar.com.mx\/index.php?rest_route=\/wp\/v2\/users\/249"}],"replies":[{"embeddable":true,"href":"https:\/\/eloficiodehistoriar.com.mx\/index.php?rest_route=%2Fwp%2Fv2%2Fcomments&post=29376"}],"version-history":[{"count":1,"href":"https:\/\/eloficiodehistoriar.com.mx\/index.php?rest_route=\/wp\/v2\/posts\/29376\/revisions"}],"predecessor-version":[{"id":29378,"href":"https:\/\/eloficiodehistoriar.com.mx\/index.php?rest_route=\/wp\/v2\/posts\/29376\/revisions\/29378"}],"wp:featuredmedia":[{"embeddable":true,"href":"https:\/\/eloficiodehistoriar.com.mx\/index.php?rest_route=\/wp\/v2\/media\/29377"}],"wp:attachment":[{"href":"https:\/\/eloficiodehistoriar.com.mx\/index.php?rest_route=%2Fwp%2Fv2%2Fmedia&parent=29376"}],"wp:term":[{"taxonomy":"category","embeddable":true,"href":"https:\/\/eloficiodehistoriar.com.mx\/index.php?rest_route=%2Fwp%2Fv2%2Fcategories&post=29376"},{"taxonomy":"post_tag","embeddable":true,"href":"https:\/\/eloficiodehistoriar.com.mx\/index.php?rest_route=%2Fwp%2Fv2%2Ftags&post=29376"}],"curies":[{"name":"wp","href":"https:\/\/api.w.org\/{rel}","templated":true}]}}