{"id":29379,"date":"2022-09-22T13:12:04","date_gmt":"2022-09-22T19:12:04","guid":{"rendered":"https:\/\/eloficiodehistoriar.com.mx\/?p=29379"},"modified":"2022-09-22T13:12:04","modified_gmt":"2022-09-22T19:12:04","slug":"bengalas-en-el-cielo-que-dirige-erika-mendez-rinde-homenaje-a-las-luchas-sociales-de-los-anos-60","status":"publish","type":"post","link":"https:\/\/eloficiodehistoriar.com.mx\/?p=29379","title":{"rendered":"\u00abBengalas en el cielo\u00bb que dirige Erika M\u00e9ndez, rinde homenaje a las luchas sociales de los a\u00f1os 60"},"content":{"rendered":"<div class=\"cabeza\">Coreograf\u00eda de\u00a0<em>Bengalas en el cielo<\/em>\u00a0rinde homenaje a la cinta\u00a0<em>Rojo amanecer<\/em><\/div>\n<div class=\"sumarios\"><\/div>\n<div id=\"article-text\" class=\"text\">\n<div class=\"foto\">\n<div class=\"pie-foto\">En la puesta en escena participar\u00e1n actores de la cinta.<\/div>\n<div><\/div>\n<div class=\"pie-foto\">De la Redacci\u00f3n<\/div>\n<\/div>\n<div class=\"col col1\">\n<div class=\"credito-titulo\"><\/div>\n<div class=\"hemero\">La Jornada<\/p>\n<\/div>\n<p class=\"s-s\">Con la coreograf\u00eda\u00a0<em>Bengalas en el cielo,<\/em>\u00a0la compa\u00f1\u00eda Lag\u00fa Danza, que dirige Erika M\u00e9ndez, hace un homenaje m\u00faltiple a las luchas sociales de los a\u00f1os 60, al cine mexicano, a la pel\u00edcula\u00a0<em>Rojo amanecer<\/em>\u00a0\u2013que dio cuenta de la llamada Noche de Tlatelolco\u2013 (Jorge Fons, 1989), a los actores de dicha cinta y, en especial, a uno de guionistas, Xavier Robles, quien falleci\u00f3 en junio pasado.<\/p>\n<p><em>\u201cBengalas en el cielo<\/em>\u00a0es un homenaje desde la danza a aquella pel\u00edcula que, por muchas razones, representa un parteaguas en el cine mexicano contempor\u00e1neo, para quienes escribieron la historia, quienes la idearon y la hicieron realidad, muy a pesar de los obst\u00e1culos y los impedimentos, que fueron tanto econ\u00f3micos, como pol\u00edticos\u201d, se\u00f1ala la core\u00f3grafa y directora Erika M\u00e9ndez.<\/p>\n<p>Se ofrecer\u00e1 la propuesta esc\u00e9nica hasta el 25 de septiembre, de jueves a domingo, en el teatro Benito Ju\u00e1rez, como parte de la programaci\u00f3n de la Direcci\u00f3n del Sistema de Teatros de la Secretar\u00eda de Cultura de la Ciudad de M\u00e9xico.<\/p>\n<p>Aunque\u00a0<em>Rojo amanecer<\/em>\u00a0cuenta uno de los pasajes m\u00e1s tristes de la historia contempor\u00e1nea de M\u00e9xico \u2013la masacre de j\u00f3venes reunidos en un mitin en Tlatelolco durante el movimiento estudiantil del 68\u2013, la coreograf\u00eda de Lag\u00fa Danza no recrea estrictamente estos hechos de la manera en que son recordados.<\/p>\n<p>Lo que s\u00ed deja ver \u2013agrega la directora y core\u00f3grafa\u2013 es gran la inocencia, la enorme esperanza, la fuerza de la uni\u00f3n familiar y el amor por los dem\u00e1s, que a final de cuentas es lo que hace una verdadera libertad.<\/p>\n<p>La pieza coreogr\u00e1fica tiene la peculiaridad de que gran parte de los homenajeados participan activamente en la obra, ya que en el escenario estar\u00e1n tres de los actores de la pel\u00edcula: Paloma Robles, Ademar Arau y Sim\u00f3n Guevara, quienes personificaron a los ni\u00f1os Chelita y Carlitos y al joven estudiante Jaime.<\/p>\n<\/div>\n<div class=\"col col2\">\n<p>M\u00e9ndez comenta que tambi\u00e9n se busc\u00f3 la participaci\u00f3n de H\u00e9ctor Bonilla, Dami\u00e1n y Bruno Bichir, quienes accedieron a participar en el homenaje, pero por sus compromisos en el extranjero no pudieron hacerlo de manera presencial.<\/p>\n<p>Sin embargo \u2013agrega\u2013 tuvieron la estupenda idea de hacer un video para poder ser parte de todo el elenco y bailar con \u00e9ste en todas las funciones. A esta idea, en su momento, se sum\u00f3 la reci\u00e9n fallecida actriz Marta Aura (1939-2022), quien en la cinta personifica a una vecina.<\/p>\n<p>El conjunto de int\u00e9rpretes est\u00e1 formado por Paloma Robles, Sim\u00f3n Guevara, Ademar Arau, H\u00e9ctor Venegas, C\u00e9sar Ren\u00e9 P\u00e9rez, \u00c9dgar Landa, Frida M\u00e9ndez, Regina Fabi\u00e1n, Citlalli Rojas, Cid Encarnaci\u00f3n, Liz Xospa, Kenya L\u00f3pez, Emilio \u00c1ngeles, Camila Vald\u00e9s y Carla Rodr\u00edguez, con iluminaci\u00f3n de Sandra Ure\u00f1a y m\u00fasica original de Julio Orlones Orellana.<\/p>\n<p class=\"sumario\">Metalenguaje<\/p>\n<p class=\"s-s\"><em>Bengalas en el cielo<\/em>\u00a0recurre as\u00ed \u2013subraya M\u00e9ndez\u2013 a un metalenguaje que fusiona la danza contempor\u00e1nea y la cinematograf\u00eda. Es una obra con la que, en su momento, se conmemor\u00f3 el 50 aniversario del Movimiento Estudiantil de 1968 y a\u00a0<em>Rojo Amanecer,<\/em>\u00a0cinta que, en gran medida, fue la que difundi\u00f3 entre las nuevas generaciones la memoria del 68.<\/p>\n<p>La pieza cont\u00f3 desde el principio con el apoyo de sus escritores-autores: Xavier Robles (+) y Guadalupe Ortega, quienes regalaron el nombre original para nombrar as\u00ed a esta obra, dice la directora. Y concluye:\u00a0<q>Es un homenaje a la memoria de un despertar de conciencias que no muri\u00f3 el 2 de octubre de aquel a\u00f1o, y que sigue encamin\u00e1ndonos a una mejor realidad tanto individual como colectiva<\/q>.<\/p>\n<p><em>Bengalas en el cielo<\/em>\u00a0se presentar\u00e1 hoy y ma\u00f1ana a las 20 horas, s\u00e1bado 24 a las 19 y domingo 25 a las 18 horas, en el teatro Benito Ju\u00e1rez (Villalong\u00edn 15, colonia Cuauht\u00e9moc, Metrob\u00fas Refo<\/p>\n<\/div>\n<\/div>\n","protected":false},"excerpt":{"rendered":"<p>Coreograf\u00eda de\u00a0Bengalas en el cielo\u00a0rinde homenaje a la cinta\u00a0Rojo amanecer En la puesta en escena participar\u00e1n actores de la cinta. De la Redacci\u00f3n La Jornada Con la coreograf\u00eda\u00a0Bengalas en el cielo,\u00a0la compa\u00f1\u00eda Lag\u00fa Danza, que dirige Erika M\u00e9ndez, hace un homenaje m\u00faltiple a las luchas sociales de los a\u00f1os 60, al cine mexicano, a la [&hellip;]<\/p>\n","protected":false},"author":249,"featured_media":29380,"comment_status":"open","ping_status":"closed","sticky":false,"template":"","format":"standard","meta":{"footnotes":""},"categories":[26],"tags":[],"class_list":["post-29379","post","type-post","status-publish","format-standard","has-post-thumbnail","hentry","category-mundo"],"_links":{"self":[{"href":"https:\/\/eloficiodehistoriar.com.mx\/index.php?rest_route=\/wp\/v2\/posts\/29379","targetHints":{"allow":["GET"]}}],"collection":[{"href":"https:\/\/eloficiodehistoriar.com.mx\/index.php?rest_route=\/wp\/v2\/posts"}],"about":[{"href":"https:\/\/eloficiodehistoriar.com.mx\/index.php?rest_route=\/wp\/v2\/types\/post"}],"author":[{"embeddable":true,"href":"https:\/\/eloficiodehistoriar.com.mx\/index.php?rest_route=\/wp\/v2\/users\/249"}],"replies":[{"embeddable":true,"href":"https:\/\/eloficiodehistoriar.com.mx\/index.php?rest_route=%2Fwp%2Fv2%2Fcomments&post=29379"}],"version-history":[{"count":1,"href":"https:\/\/eloficiodehistoriar.com.mx\/index.php?rest_route=\/wp\/v2\/posts\/29379\/revisions"}],"predecessor-version":[{"id":29381,"href":"https:\/\/eloficiodehistoriar.com.mx\/index.php?rest_route=\/wp\/v2\/posts\/29379\/revisions\/29381"}],"wp:featuredmedia":[{"embeddable":true,"href":"https:\/\/eloficiodehistoriar.com.mx\/index.php?rest_route=\/wp\/v2\/media\/29380"}],"wp:attachment":[{"href":"https:\/\/eloficiodehistoriar.com.mx\/index.php?rest_route=%2Fwp%2Fv2%2Fmedia&parent=29379"}],"wp:term":[{"taxonomy":"category","embeddable":true,"href":"https:\/\/eloficiodehistoriar.com.mx\/index.php?rest_route=%2Fwp%2Fv2%2Fcategories&post=29379"},{"taxonomy":"post_tag","embeddable":true,"href":"https:\/\/eloficiodehistoriar.com.mx\/index.php?rest_route=%2Fwp%2Fv2%2Ftags&post=29379"}],"curies":[{"name":"wp","href":"https:\/\/api.w.org\/{rel}","templated":true}]}}