{"id":29383,"date":"2022-09-22T13:16:54","date_gmt":"2022-09-22T19:16:54","guid":{"rendered":"https:\/\/eloficiodehistoriar.com.mx\/?p=29383"},"modified":"2022-09-22T13:16:54","modified_gmt":"2022-09-22T19:16:54","slug":"la-monja-alferez-de-juan-ruiz-de-alarcon-es-la-historia-de-un-hombre-que-nacio-mujer","status":"publish","type":"post","link":"https:\/\/eloficiodehistoriar.com.mx\/?p=29383","title":{"rendered":"\u00abLa monja alf\u00e9rez\u00bb de Juan Ruiz de Alarc\u00f3n, es la historia de un hombre que naci\u00f3 mujer"},"content":{"rendered":"<div id=\"article-cont\" class=\"main-cont article-cont actuality\">\n<div class=\"cabeza\">Obra barroca plantea temas de identidad<\/div>\n<div class=\"sumarios\"><\/div>\n<div id=\"article-text\" class=\"text\">\n<div class=\"foto\">\n<div class=\"pie-foto\">\u00a0Escena de la obra <em>La monja alf\u00e9rez\u00a0<\/em>que se presenta en la Sala H\u00e9ctor Mendoza.<\/div>\n<div><\/div>\n<\/div>\n<div class=\"col col1\">\n<div class=\"credito-autor\">Fabiola Palapa Quijas<\/div>\n<div class=\"credito-titulo\"><\/div>\n<div class=\"hemero\">La Jornada<\/p>\n<\/div>\n<p class=\"s-s\">La puesta en escena\u00a0<em>La monja alf\u00e9rez<\/em>, atribuida a Juan Ruiz de Alarc\u00f3n, sobre la historia de un hombre que naci\u00f3 mujer, se presentar\u00e1 del 22 de septiembre al 2 de octubre en la Sala H\u00e9ctor Mendoza.<\/p>\n<p>La Compa\u00f1\u00eda Nacional de Teatro (CNT), en coproducci\u00f3n con el Festival Iberoamericano del Siglo de Oro de la Comunidad de Madrid, Cl\u00e1sicos de Alcal\u00e1, mont\u00f3 esta obra que narra la historia de una novicia que se convirti\u00f3 en militar. La mujer que vivi\u00f3 como hombre y huy\u00f3 a Am\u00e9rica para buscar fortuna es uno de los personajes m\u00e1s ricos del teatro.<\/p>\n<p>Zaide Silvia Guti\u00e9rrez Cruz, directora del montaje, refiere que \u201c<em>La monja alf\u00e9rez<\/em>\u00a0representa un reto art\u00edstico e ideol\u00f3gico que vale la pena afrontar porque es una obra barroca, no s\u00f3lo por la \u00e9poca y el estilo, sino porque contiene varios temas de identidad muy pertinentes en nuestros d\u00edas; incluso se ha cuestionado la identidad de la autor\u00eda, pues recientemente se atribuye a Juan Ruiz de Alarc\u00f3n, cuando por mucho tiempo se reconoci\u00f3 como de Juan P\u00e9rez de Montalb\u00e1n\u201d.<\/p>\n<p>Guti\u00e9rrez Cruz explica que la protagonista no es una mujer interpretando a un hombre, sino un hombre que accidentalmente naci\u00f3 mujer.<\/p>\n<p>\u201cEl personaje est\u00e1 basado en la vida real de Catalina de Erauso, que a los 15 a\u00f1os escap\u00f3 del convento como var\u00f3n. En el siglo XVII, de manera inusitada el rey de Espa\u00f1a y el Papa de la \u00e9poca \u2013cada uno en diferentes ocasiones\u2013 le otorgaron dispensas para vivir en su personalidad de var\u00f3n y tuvo varios nombres adem\u00e1s de Alonso D\u00edaz de Guzman o Francisco Loyola. Muri\u00f3 como Antonio de Erauso, un transexual que acudi\u00f3 a un italiano para que le ayudara a transformar su cuerpo. Antonio de Erauso era un var\u00f3n en un cuerpo de mujer y as\u00ed hemos querido respetarlo, y as\u00ed lo presentamos.\u201d<\/p>\n<p>La tambi\u00e9n actriz del elenco estable de la CNT destaca que en la actualidad se est\u00e1 abriendo la posibilidad de tratar estos temas y, aunque con rezago, se discuten leyes que garantizan el derecho de identidad sexual desde una edad temprana.<\/p>\n<\/div>\n<div class=\"col col2\">\n<p>Para Guti\u00e9rrez Cruz, la visibilidad de la identidad sexual tiene que ver con el g\u00e9nero humano y en este sentido la obra tambi\u00e9n\u00a0<q>tiene un discurso sobre el problema de identidad, porque durante muchos siglos se adjudic\u00f3 a Juan P\u00e9rez de Montalb\u00e1n y recientemente se atribuy\u00f3 a Juan Ruiz de Alarc\u00f3n, tras un estudio filol\u00f3gico con un programa de computadora que se llama Stylo, realizado por el catedr\u00e1tico de literatura Germ\u00e1n Vega, que mostr\u00f3 muchas pruebas de que la obra es de Juan Ruiz de Alarc\u00f3n<\/q>.<\/p>\n<p>La creadora esc\u00e9nica coment\u00f3 que se edit\u00f3 el texto para privilegiar la acci\u00f3n dram\u00e1tica y en el montaje hay ciertos gui\u00f1os que nos hacen ver que la resoluci\u00f3n de los conflictos del siglo XVII no puede darse del mismo modo en la actualidad.<\/p>\n<p>Fernando Bueno, Eduardo Cand\u00e1s, Ana Ligia Garc\u00eda, \u00c9rika de la Llave, Mar\u00eda del Mar N\u00e1der, Carlos Ord\u00f3\u00f1ez, Antonio Rojas y Gustavo Schaar son los actores del elenco estable de la CNT que participan en la puesta en escena.<\/p>\n<p>El equipo creativo est\u00e1 compuesto por Miguel Cooper, dramaturgista; F\u00e9lix Arroyo, dise\u00f1o de escenograf\u00eda e iluminaci\u00f3n; Ricardo Loyola, dise\u00f1o de vestuario; Alberto Rosas, m\u00fasica y dise\u00f1o sonoro; Marcela Aguilar, coreograf\u00eda, y Antonio Pe\u00f1a, combate esc\u00e9nico.<\/p>\n<p><em>La monja alf\u00e9rez<\/em>\u00a0se estren\u00f3 en julio pasado en el Teatro Sal\u00f3n Cervantes, en el Festival Iberoamericano del Siglo de Oro de la Comunidad de Madrid, Cl\u00e1sicos en Alcal\u00e1.<\/p>\n<p>La CNT presentar\u00e1\u00a0<em>La monja alf\u00e9rez<\/em>\u00a0del 22 de septiembre al 2 de octubre con funciones los viernes a las 20 horas, s\u00e1bados a las 19 horas y domingos a las 18 horas en la Sala H\u00e9ctor Mendoza (Francisco Sosa 159, colonia Del Carmen, Coyoac\u00e1n).<\/p>\n<p>La entrada es libre con reservaci\u00f3n en el correo\u00a0<a href=\"mailto:publicos.cnteatro@inba.gob.mx\">publicos.cnteatro@inba.gob.mx<\/a><\/p>\n<\/div>\n<\/div>\n<div class=\"go gui\">\n<div class=\"go-up\"><\/div>\n<\/div>\n<\/div>\n<div id=\"taboola-below-content-thumbnails\" class=\" trc_related_container trc_spotlight_widget tbl-feed-container tbl-feed-frame-DIVIDER  render-late-effect\" data-feed-container-num=\"1\" data-feed-main-container-id=\"taboola-below-content-thumbnails\" data-parent-placement-name=\"Below Content Thumbnails\" data-pub-lang=\"es\">\n<div class=\" tbl-feed-header tbl-logo-right-position\">\n<div class=\"tbl-feed-header-logo\"><\/div>\n<\/div>\n<\/div>\n","protected":false},"excerpt":{"rendered":"<p>Obra barroca plantea temas de identidad \u00a0Escena de la obra La monja alf\u00e9rez\u00a0que se presenta en la Sala H\u00e9ctor Mendoza. Fabiola Palapa Quijas La Jornada La puesta en escena\u00a0La monja alf\u00e9rez, atribuida a Juan Ruiz de Alarc\u00f3n, sobre la historia de un hombre que naci\u00f3 mujer, se presentar\u00e1 del 22 de septiembre al 2 de [&hellip;]<\/p>\n","protected":false},"author":249,"featured_media":29384,"comment_status":"open","ping_status":"closed","sticky":false,"template":"","format":"standard","meta":{"footnotes":""},"categories":[26],"tags":[],"class_list":["post-29383","post","type-post","status-publish","format-standard","has-post-thumbnail","hentry","category-mundo"],"_links":{"self":[{"href":"https:\/\/eloficiodehistoriar.com.mx\/index.php?rest_route=\/wp\/v2\/posts\/29383","targetHints":{"allow":["GET"]}}],"collection":[{"href":"https:\/\/eloficiodehistoriar.com.mx\/index.php?rest_route=\/wp\/v2\/posts"}],"about":[{"href":"https:\/\/eloficiodehistoriar.com.mx\/index.php?rest_route=\/wp\/v2\/types\/post"}],"author":[{"embeddable":true,"href":"https:\/\/eloficiodehistoriar.com.mx\/index.php?rest_route=\/wp\/v2\/users\/249"}],"replies":[{"embeddable":true,"href":"https:\/\/eloficiodehistoriar.com.mx\/index.php?rest_route=%2Fwp%2Fv2%2Fcomments&post=29383"}],"version-history":[{"count":1,"href":"https:\/\/eloficiodehistoriar.com.mx\/index.php?rest_route=\/wp\/v2\/posts\/29383\/revisions"}],"predecessor-version":[{"id":29385,"href":"https:\/\/eloficiodehistoriar.com.mx\/index.php?rest_route=\/wp\/v2\/posts\/29383\/revisions\/29385"}],"wp:featuredmedia":[{"embeddable":true,"href":"https:\/\/eloficiodehistoriar.com.mx\/index.php?rest_route=\/wp\/v2\/media\/29384"}],"wp:attachment":[{"href":"https:\/\/eloficiodehistoriar.com.mx\/index.php?rest_route=%2Fwp%2Fv2%2Fmedia&parent=29383"}],"wp:term":[{"taxonomy":"category","embeddable":true,"href":"https:\/\/eloficiodehistoriar.com.mx\/index.php?rest_route=%2Fwp%2Fv2%2Fcategories&post=29383"},{"taxonomy":"post_tag","embeddable":true,"href":"https:\/\/eloficiodehistoriar.com.mx\/index.php?rest_route=%2Fwp%2Fv2%2Ftags&post=29383"}],"curies":[{"name":"wp","href":"https:\/\/api.w.org\/{rel}","templated":true}]}}