{"id":29390,"date":"2022-09-23T17:01:46","date_gmt":"2022-09-23T23:01:46","guid":{"rendered":"https:\/\/eloficiodehistoriar.com.mx\/?p=29390"},"modified":"2022-09-23T17:01:46","modified_gmt":"2022-09-23T23:01:46","slug":"el-percusionista-antero-chavez-elevo-a-de-obra-de-arte-la-ejecucion-de-los-platillos-con-una-sola-nota","status":"publish","type":"post","link":"https:\/\/eloficiodehistoriar.com.mx\/?p=29390","title":{"rendered":"El percusionista Antero Ch\u00e1vez, elev\u00f3 a de obra de arte la ejecuci\u00f3n de los platillos, con una sola nota"},"content":{"rendered":"<div id=\"article-cont\" class=\"main-cont article-cont actuality\">\n<div class=\"cabeza\">Muri\u00f3 Antero Ch\u00e1vez; elev\u00f3 la ejecuci\u00f3n de los platillos a obra de arte<\/div>\n<div class=\"sumarios\"><\/div>\n<div id=\"article-text\" class=\"text\">\n<div class=\"col col1\">\n<div class=\"credito-autor\">Pablo Espinosa<\/div>\n<div class=\"credito-titulo\"><\/div>\n<div class=\"hemero\">La Jornada<\/p>\n<\/div>\n<p class=\"s-s\">El percusionista Antero Ch\u00e1vez falleci\u00f3 el mi\u00e9rcoles pasado a los 77 a\u00f1os. Elev\u00f3 a la categor\u00eda de obra de arte la ejecuci\u00f3n de los platillos en las orquestas sinf\u00f3nicas de las que form\u00f3 parte. Con una sola nota en un concierto de dos horas y media, se llevaba la noche.<\/p>\n<p>Fue integrante durante casi dos d\u00e9cadas del cuerpo de percusionistas de la Filarm\u00f3nica de la Ciudad de M\u00e9xico, pero en realidad fue puma de coraz\u00f3n. Se form\u00f3 en la Orquesta Filarm\u00f3nica de la Universidad Nacional Aut\u00f3noma de M\u00e9xico (Ofunam), donde contrapunteaba la espectacularidad de Eduardo Mata en la batuta sobre el podio y \u00e9l, Antero, al fondo del escenario del auditorio\u00a0<em>Che\u00a0<\/em>Guevara, entonces sede de la agrupaci\u00f3n, hac\u00eda estallar la nota insular de la noche para convertirla en magnos fuegos de artificio.<\/p>\n<p>Precisamente en ese auditorio protagonizaba tambi\u00e9n la algarab\u00eda de las multitudes de j\u00f3venes que nos escap\u00e1bamos de clases para disfrutar los maratones de cortos de Chaplin. Por encima de las toneladas de carcajadas del auditorio lleno, las de Antero resonaban profundas, sentado junto a m\u00ed en las escalinatas, pues ya no hab\u00eda butacas libres.<\/p>\n<\/div>\n<div class=\"col col2\">\n<div class=\"foto\">\n<div class=\"pie-foto\">Hac\u00eda sonar sus platillos, el p\u00fablico enloquec\u00eda y el gigantesco Antero sonre\u00eda.<\/div>\n<\/div>\n<p>Los percusionistas en las orquestas sinf\u00f3nicas tocan pocas notas durante un concierto. Asist\u00edamos muchas veces s\u00f3lo por verlo, sabedores que el repertorio anunciado inclu\u00eda momentos de platillazos espectaculares.<\/p>\n<p>Antero preparaba el momento con maestr\u00eda de dramaturgia,\u00a0<em>suspense\u00a0<\/em>y emoci\u00f3n. Antes de que sonaran sus platillos, ya lo disfrut\u00e1bamos, porque los bland\u00eda en el aire y al hacerlos sonar hac\u00eda un gesto espectacular con su rostro y todo su cuerpo, voluminoso \u00e9l. Y el p\u00fablico enloquec\u00eda de placer. La piel chinita. Y el gigantesco Antero sonre\u00eda. Tan generoso de carnes que en gesto de amistad, cari\u00f1o y admiraci\u00f3n lo apod\u00e9\u00a0<em>El Orson Welles de los platillos.<\/em><\/p>\n<p>Adem\u00e1s de uno de los mejores percusionistas de la historia de la m\u00fasica en M\u00e9xico, Antero Ch\u00e1vez fue un hombre de buen coraz\u00f3n, cin\u00e9filo, lector y due\u00f1o de un soberano estilo del humor.<\/p>\n<p>En el medio musical mexicano retumba una de sus frases c\u00e9lebres:\u00a0<q>No s\u00e9 nada de m\u00fasica, pero eso s\u00ed, nota que me toca, nota que me la chingo<\/q>.<\/p>\n<\/div>\n<\/div>\n<div class=\"go gui\">\n<div class=\"go-up\"><\/div>\n<\/div>\n<\/div>\n<div id=\"taboola-below-content-thumbnails\" class=\" trc_related_container trc_spotlight_widget tbl-feed-container tbl-feed-frame-DIVIDER  render-late-effect\" data-feed-container-num=\"1\" data-feed-main-container-id=\"taboola-below-content-thumbnails\" data-parent-placement-name=\"Below Content Thumbnails\" data-pub-lang=\"es\">\n<div class=\" tbl-feed-header tbl-logo-right-position\">\n<div class=\"tbl-feed-header-logo\"><\/div>\n<\/div>\n<div id=\"taboola-below-content-thumbnails-pl1\" class=\" trc_related_container trc_spotlight_widget trc_elastic trc_elastic_organic-thumbs-feed-02  tbl-feed-card \" data-card-index=\"1\" data-batch-num=\"1\" data-placement-name=\"Below Content Thumbnails | Card 1\">\n<div class=\"trc_rbox_container\">\n<div>\n<div id=\"trc_wrapper_54456\" class=\"trc_rbox organic-thumbs-feed-02 trc-content-organic \">\n<div id=\"outer_54456\" class=\"trc_rbox_outer\">\n<div id=\"rbox-t2v\" class=\"trc_rbox_div trc_rbox_border_elm\">\n<div id=\"internal_trc_54456\">\n<div class=\"videoCube trc_spotlight_item origin-undefined thumbnail_top textItem videoCube_1_child trc-first-recommendation trc-spotlight-first-recommendation  trc_excludable \" data-item-id=\"6944947362952200319\" data-item-title=\"El estante de lo ins\u00f3lito\" data-item-thumb=\"https:\/\/www.jornada.com.mx\/2022\/09\/09\/fotos\/a12o1esp-1.jpg\" data-item-syndicated=\"false\">\n<div class=\"thumbBlock_holder\"><\/div>\n<\/div>\n<\/div>\n<\/div>\n<\/div>\n<\/div>\n<\/div>\n<\/div>\n<\/div>\n<\/div>\n","protected":false},"excerpt":{"rendered":"<p>Muri\u00f3 Antero Ch\u00e1vez; elev\u00f3 la ejecuci\u00f3n de los platillos a obra de arte Pablo Espinosa La Jornada El percusionista Antero Ch\u00e1vez falleci\u00f3 el mi\u00e9rcoles pasado a los 77 a\u00f1os. Elev\u00f3 a la categor\u00eda de obra de arte la ejecuci\u00f3n de los platillos en las orquestas sinf\u00f3nicas de las que form\u00f3 parte. Con una sola nota [&hellip;]<\/p>\n","protected":false},"author":249,"featured_media":29391,"comment_status":"open","ping_status":"closed","sticky":false,"template":"","format":"standard","meta":{"footnotes":""},"categories":[26],"tags":[],"class_list":["post-29390","post","type-post","status-publish","format-standard","has-post-thumbnail","hentry","category-mundo"],"_links":{"self":[{"href":"https:\/\/eloficiodehistoriar.com.mx\/index.php?rest_route=\/wp\/v2\/posts\/29390","targetHints":{"allow":["GET"]}}],"collection":[{"href":"https:\/\/eloficiodehistoriar.com.mx\/index.php?rest_route=\/wp\/v2\/posts"}],"about":[{"href":"https:\/\/eloficiodehistoriar.com.mx\/index.php?rest_route=\/wp\/v2\/types\/post"}],"author":[{"embeddable":true,"href":"https:\/\/eloficiodehistoriar.com.mx\/index.php?rest_route=\/wp\/v2\/users\/249"}],"replies":[{"embeddable":true,"href":"https:\/\/eloficiodehistoriar.com.mx\/index.php?rest_route=%2Fwp%2Fv2%2Fcomments&post=29390"}],"version-history":[{"count":1,"href":"https:\/\/eloficiodehistoriar.com.mx\/index.php?rest_route=\/wp\/v2\/posts\/29390\/revisions"}],"predecessor-version":[{"id":29392,"href":"https:\/\/eloficiodehistoriar.com.mx\/index.php?rest_route=\/wp\/v2\/posts\/29390\/revisions\/29392"}],"wp:featuredmedia":[{"embeddable":true,"href":"https:\/\/eloficiodehistoriar.com.mx\/index.php?rest_route=\/wp\/v2\/media\/29391"}],"wp:attachment":[{"href":"https:\/\/eloficiodehistoriar.com.mx\/index.php?rest_route=%2Fwp%2Fv2%2Fmedia&parent=29390"}],"wp:term":[{"taxonomy":"category","embeddable":true,"href":"https:\/\/eloficiodehistoriar.com.mx\/index.php?rest_route=%2Fwp%2Fv2%2Fcategories&post=29390"},{"taxonomy":"post_tag","embeddable":true,"href":"https:\/\/eloficiodehistoriar.com.mx\/index.php?rest_route=%2Fwp%2Fv2%2Ftags&post=29390"}],"curies":[{"name":"wp","href":"https:\/\/api.w.org\/{rel}","templated":true}]}}