{"id":29396,"date":"2022-09-23T17:11:58","date_gmt":"2022-09-23T23:11:58","guid":{"rendered":"https:\/\/eloficiodehistoriar.com.mx\/?p=29396"},"modified":"2022-09-23T17:11:58","modified_gmt":"2022-09-23T23:11:58","slug":"la-sinfonia-no-3-en-do-menor-de-florence-price-1887-1953-primera-mujer-afroestadunidense","status":"publish","type":"post","link":"https:\/\/eloficiodehistoriar.com.mx\/?p=29396","title":{"rendered":"La Sinfon\u00eda no. 3 en do menor, de Florence Price (1887-1953), primera mujer afroestadunidense"},"content":{"rendered":"<div id=\"article-cont\" class=\"main-cont article-cont actuality\">\n<div class=\"cabeza\">Florence Price, primera compositora negra, est\u00e1 en el repertorio de fin de semana de Gasan\u00e7on<\/div>\n<div class=\"sumarios\">\n<p>Es todo un suceso, celebr\u00f3 el pr\u00f3ximo director de la Ofunam \/\/\u00a0<q>Tuvo \u00e9xito pero fue olvidada<\/q>, lament\u00f3<\/p>\n<\/div>\n<div id=\"article-text\" class=\"text\">\n<div class=\"foto\">\n<div class=\"pie-foto\">En la sala <em>Neza\u00a0<\/em>se interpretar\u00e1 la Sinfon\u00eda no. 3 en do menor, de Florence Price,<\/div>\n<div><\/div>\n<\/div>\n<div class=\"col col1\">\n<div class=\"credito-autor\">Alondra Flores Soto<\/div>\n<div class=\"credito-titulo\"><\/div>\n<div class=\"hemero\">La Jornada<\/p>\n<\/div>\n<p class=\"s-s\">Como\u00a0<q>todo un suceso<\/q>, Sylvain Gasan\u00e7on celebr\u00f3 que en el segundo programa de esta temporada se incluye la Sinfon\u00eda no. 3 en do menor, de Florence Price (1887-1953), porque es la primera mujer afroestadunidense que compuso m\u00fasica cl\u00e1sica en el siglo XX,\u00a0<q>tuvo \u00e9xito en su \u00e9poca, pero fue olvidada completamente, porque sabemos que en Estados Unidos, adem\u00e1s de racismo, hab\u00eda misoginia. Es importante poder ofrecer al p\u00fablico y a la orquesta obras que no solamente son de una mujer, sino que es muy buena m\u00fasica<\/q>.<\/p>\n<p>Por tal raz\u00f3n,\u00a0<q>ser\u00e1 un gran concierto para todos los amantes del arte sonoro, no solamente para las mujeres<\/q>.<\/p>\n<p>En 1933 se marc\u00f3 un hito en la historia musical. La Orquesta Sinf\u00f3nica de Chicago estren\u00f3 la primera sinfon\u00eda de Florence Prince.\u00a0<q>No era com\u00fan que las orquestas de ese pa\u00eds, menos las m\u00e1s prestigiosas, interpretaran entonces la creaci\u00f3n de una mujer, por no decir la de una compositora afrodescendiente<\/q>, explica el programa de mano de la Ofunam.<\/p>\n<p>Sobre la pieza sinf\u00f3nica que se interpretar\u00e1 el 24 y 25 de septiembre en la sala Nezahualc\u00f3yotl se expone que en ella se aprecian claramente las caracter\u00edsticas de la m\u00fasica de Prince:\u00a0<q>un s\u00f3lido oficio compositivo anclado a la tradici\u00f3n, dominio de la forma y la orquestaci\u00f3n. Adem\u00e1s, con elementos propios de la herencia cultural y \u00e9tnica<\/q>.<\/p>\n<p>Nacida en Arkansas en 1887, aprendi\u00f3 a tocar piano a los cuatro a\u00f1os. En sus estudios en el Conservatorio de M\u00fasica de Nueva Inglaterra, Boston, se especializ\u00f3 en piano y \u00f3rgano. La music\u00f3loga Rae Linda Brown mencion\u00f3 que Florence se hizo pasar por mexicana al decir que era originaria de Pueblo, M\u00e9xico, con el fin de evitar el fuerte racismo que caracteriz\u00f3 a la \u00e9poca.<\/p>\n<\/div>\n<div class=\"col col2\">\n<p>En 1927 fue parte de la llamada Gran Migraci\u00f3n hacia el norte de Estados Unidos para huir de las leyes de segregaci\u00f3n en el sur profundo. Despu\u00e9s del linchamiento de un hombre en Little Rock, Chicago fue la ciudad destino, donde vivi\u00f3 el resto de su vida. Los ritmos y melod\u00edas de la tradici\u00f3n afroestadunidense estuvieron insertos en sus composiciones.<\/p>\n<p>En una carta, tristemente remarc\u00f3 los obst\u00e1culos para brillar en su carrera, al escribir:\u00a0<q>Tengo dos desventajas, la del sexo y de la raza. Soy mujer y tengo un poco de sangre negra en mis venas<\/q>.<\/p>\n<p>Despu\u00e9s de que en 2009 se descubrieron docenas de partituras, incluida su cuarta sinfon\u00eda, en una casa abandonada en Illinois, el cr\u00edtico del semanario\u00a0<em>The New Yorker\u00a0<\/em>Alex Ross destac\u00f3 que gran parte de esa m\u00fasica estuvo peligrosamente cerca de la destrucci\u00f3n y la casa en ruinas, vandalizada y con un agujero en el techo,\u00a0<q>es un poderoso s\u00edmbolo de c\u00f3mo un pa\u00eds puede olvidar su historia cultural<\/q>.<\/p>\n<p>Entre las iniciativas de Gasan\u00e7on al frente de la Ofunam est\u00e1 tratar de incluir en cada programa la obra de una compositora. \u201cDe nuevo lo digo: no es una cuesti\u00f3n de g\u00e9nero, es una cuesti\u00f3n de m\u00fasica. Aqu\u00ed en M\u00e9xico ya saben que me gusta mucho redescubrir m\u00fasica olvidada, y bastantes de las obras de ellas se olvidaron porque ya sabemos qu\u00e9 pas\u00f3 con la historia.<\/p>\n<p><q>Me parece importante defender m\u00fasica nueva de nuestra \u00e9poca y la que no se toc\u00f3 tanto, o a veces nunca. Tenemos que hacerlo para las nuevas generaciones. Viene con el \u00e1mbito pol\u00edtico de nuestra \u00e9poca.<\/q><\/p>\n<\/div>\n<\/div>\n<div class=\"go gui\">\n<div class=\"go-up\"><\/div>\n<\/div>\n<\/div>\n","protected":false},"excerpt":{"rendered":"<p>Florence Price, primera compositora negra, est\u00e1 en el repertorio de fin de semana de Gasan\u00e7on Es todo un suceso, celebr\u00f3 el pr\u00f3ximo director de la Ofunam \/\/\u00a0Tuvo \u00e9xito pero fue olvidada, lament\u00f3 En la sala Neza\u00a0se interpretar\u00e1 la Sinfon\u00eda no. 3 en do menor, de Florence Price, Alondra Flores Soto La Jornada Como\u00a0todo un suceso, [&hellip;]<\/p>\n","protected":false},"author":249,"featured_media":29397,"comment_status":"open","ping_status":"closed","sticky":false,"template":"","format":"standard","meta":{"footnotes":""},"categories":[26],"tags":[],"class_list":["post-29396","post","type-post","status-publish","format-standard","has-post-thumbnail","hentry","category-mundo"],"_links":{"self":[{"href":"https:\/\/eloficiodehistoriar.com.mx\/index.php?rest_route=\/wp\/v2\/posts\/29396","targetHints":{"allow":["GET"]}}],"collection":[{"href":"https:\/\/eloficiodehistoriar.com.mx\/index.php?rest_route=\/wp\/v2\/posts"}],"about":[{"href":"https:\/\/eloficiodehistoriar.com.mx\/index.php?rest_route=\/wp\/v2\/types\/post"}],"author":[{"embeddable":true,"href":"https:\/\/eloficiodehistoriar.com.mx\/index.php?rest_route=\/wp\/v2\/users\/249"}],"replies":[{"embeddable":true,"href":"https:\/\/eloficiodehistoriar.com.mx\/index.php?rest_route=%2Fwp%2Fv2%2Fcomments&post=29396"}],"version-history":[{"count":1,"href":"https:\/\/eloficiodehistoriar.com.mx\/index.php?rest_route=\/wp\/v2\/posts\/29396\/revisions"}],"predecessor-version":[{"id":29398,"href":"https:\/\/eloficiodehistoriar.com.mx\/index.php?rest_route=\/wp\/v2\/posts\/29396\/revisions\/29398"}],"wp:featuredmedia":[{"embeddable":true,"href":"https:\/\/eloficiodehistoriar.com.mx\/index.php?rest_route=\/wp\/v2\/media\/29397"}],"wp:attachment":[{"href":"https:\/\/eloficiodehistoriar.com.mx\/index.php?rest_route=%2Fwp%2Fv2%2Fmedia&parent=29396"}],"wp:term":[{"taxonomy":"category","embeddable":true,"href":"https:\/\/eloficiodehistoriar.com.mx\/index.php?rest_route=%2Fwp%2Fv2%2Fcategories&post=29396"},{"taxonomy":"post_tag","embeddable":true,"href":"https:\/\/eloficiodehistoriar.com.mx\/index.php?rest_route=%2Fwp%2Fv2%2Ftags&post=29396"}],"curies":[{"name":"wp","href":"https:\/\/api.w.org\/{rel}","templated":true}]}}