{"id":29403,"date":"2022-09-24T13:28:47","date_gmt":"2022-09-24T19:28:47","guid":{"rendered":"https:\/\/eloficiodehistoriar.com.mx\/?p=29403"},"modified":"2022-09-24T13:28:47","modified_gmt":"2022-09-24T19:28:47","slug":"con-una-brillante-carrera-roger-federer-en-llanto-y-acompanado-de-reconocimientodice-adios","status":"publish","type":"post","link":"https:\/\/eloficiodehistoriar.com.mx\/?p=29403","title":{"rendered":"Con una brillante carrera, Roger Federer, en llanto y acompa\u00f1ado de reconocimiento,dice adios"},"content":{"rendered":"<div class=\"sumarios\">\n<p>Se despide con derrota en la Copa Laver<\/p>\n<\/div>\n<div class=\"cabeza\">Emoci\u00f3n, tristeza y drama en el adi\u00f3s del legendario Roger Federer<\/div>\n<div class=\"sumarios\">\n<p>Gracias a todos por estar aqu\u00ed, estoy feliz; ha sido un d\u00eda maravilloso, dijo entre llanto el tenista suizo<\/p>\n<\/div>\n<div id=\"article-text\" class=\"text tbl-forkorts-article\">\n<div class=\"foto\">\n<div class=\"pie-foto\">Compa\u00f1eros y rivales cargaron al suizo en muestra de cari\u00f1o para uno de los mayores referentes del tenis mundial.<\/div>\n<div><\/div>\n<\/div>\n<div class=\"col\">\n<div class=\"credito-autor\">Afp y Ap<\/div>\n<div class=\"credito-titulo\"><\/div>\n<div class=\"hemero\">La Jornada<\/div>\n<div class=\"hemero\">\nLondres.<\/div>\n<div><\/div>\n<div class=\"hemero\">M\u00e1s all\u00e1 de la derrota en el que fue su \u00faltimo partido como profesional luego de una brillante carrera, Roger Federer estaba envuelto en llanto al recibir el cari\u00f1o de m\u00e1s de 17 mil espectadores que llenaron el O2 Arena de Londres, y de aficionados de diversas partes del mundo que inundaron las redes sociales con palabras de cari\u00f1o y reconocimiento a un suizo que ingres\u00f3 a la historia como referente del tenis en m\u00e1s de dos d\u00e9cadas.<\/div>\n<p>Quiz\u00e1 la despedida no fue la so\u00f1ada para Federer y su gran amigo Rafael Nadal, que en el circuito se conocen con el acr\u00f3nimo\u00a0<em>Fedal<\/em>, al perder en dobles contra los estadunidenses Frances Tiafoe y Jack Sock en 6-4, 6-7 (2\/7) y 11-9 para colocar el empate 2-2 en la Copa Laver, donde se enfrentan un equipo de Europa y otro del Resto del Mundo.<\/p>\n<p>As\u00ed, el vencedor de 20\u00a0<em>Grand Slams<\/em>, m\u00e1s de un centenar de t\u00edtulos en la Asociaci\u00f3n de Tenistas Profesionales (ATP), una Copa Davis y dos veces medallista ol\u00edmpico, puso ayer punto final a su trayectoria con un palmar\u00e9s gigantesco en una ciudad con la que tiene un v\u00ednculo especial: ocho campeonatos Wimbledon, todo un r\u00e9cord.<\/p>\n<p><q>Ha sido un d\u00eda maravilloso. Les he dicho a los chicos que estoy feliz, no triste<\/q>, expres\u00f3 el helv\u00e9tico, quien agradeci\u00f3 a los jugadores tanto de su equipo como los rivales.<\/p>\n<p>\u201cJugar con\u00a0<em>Rafa\u00a0<\/em>y tenerlos aqu\u00ed a todos, que son grandes, y leyendas \u00a1Gracias!\u201d, agreg\u00f3.<\/p>\n<p>Federer tuvo un servicio en el s\u00faper\u00a0<em>tie break<\/em>\u00a0para decir adi\u00f3s con una victoria, pero lo m\u00e1s importante era el homenaje al tenista de 41 a\u00f1os, que llor\u00f3 varias veces cuando acab\u00f3 el partido.<\/p>\n<p>A las l\u00e1grimas de Federer se unieron las de Nadal y Novak Djokovic, las de los espectadores y de todos los aficionados al tenis, que vieron c\u00f3mo este s\u00e1bado ya (el parti-do acab\u00f3 pasada la medianoche londinense), se cerr\u00f3 un cap\u00edtulo de la historia del tenis con la retirada de uno de los mejores de la llamada era abierta.<\/p>\n<p>Si bien el debate sobre el mejor jugador de la historia no pone de acuerdo a todo el mundo, lo que s\u00ed es un\u00e1nime es considerar, por palmar\u00e9s, juego brillante, elegancia y carisma, a Federer como el\u00a0<em>Maestro\u00a0<\/em>del tenis.<\/p>\n<p>Existieron\u00a0<em>Pistol Pete<\/em>\u00a0(Sampras), el\u00a0<em>Chico de Las Vegas<\/em>\u00a0(Andre Agassi), el\u00a0<em>Toro de Manacor<\/em>\u00a0(Nadal)&#8230; y todos se han inclinado ante el\u00a0<em>Maestro<\/em>. En la pista y despu\u00e9s cuando anunci\u00f3 su retirada.<\/p>\n<p>El suizo ya hab\u00eda dicho que tras colgar la raqueta por su estado de salud (lesiones en la rodilla derecha) seguir\u00e1 vinculado al tenis, aunque sin precisar de qu\u00e9 manera.<\/p>\n<p>Dedicar\u00e1 el tiempo a Mirka Vavrinec, su esposa (presente en el partido), a sus cuatro hijos y su fundaci\u00f3n en Sud\u00e1frica, pa\u00eds origina-rio de su madre.<\/p>\n<p>Antes, en los individuales, Stefanos Tsitsipas super\u00f3 6-2 6-1 a Diego Schwartzman; Casper Rudd venci\u00f3 6-4, 5-7 y 10-7 a Jack Sock y el brit\u00e1nico Andy Murray sucumbi\u00f3 7-5, 3-6 y 7-10 ante Alex de Mi\u00f1aur.<\/p>\n<p>Cuando estaba por comenzar el segundo set entre el griego y el argentino se present\u00f3 un incidente con un activista que prendi\u00f3 fuego a una parte de la cancha y en uno de sus brazos como protesta contra los aviones privados que se utilizan en el Reino Unido. El manifestante\u00a0<q>ha sido arrestado y la polic\u00eda est\u00e1 manejando la situaci\u00f3n<\/q>, indicaron los organizadores de Copa Laver.<\/p>\n<p>Por otra parte, se confirm\u00f3 la presencia de Nadal en un partido de exhibici\u00f3n contra Ruud en la Plaza de Toros de la Ciudad de M\u00e9xico, en diciembre, como parte de la gira latinoamericana que anunci\u00f3 el espa\u00f1ol en junio pasado.<\/p>\n<\/div>\n<\/div>\n","protected":false},"excerpt":{"rendered":"<p>Se despide con derrota en la Copa Laver Emoci\u00f3n, tristeza y drama en el adi\u00f3s del legendario Roger Federer Gracias a todos por estar aqu\u00ed, estoy feliz; ha sido un d\u00eda maravilloso, dijo entre llanto el tenista suizo Compa\u00f1eros y rivales cargaron al suizo en muestra de cari\u00f1o para uno de los mayores referentes del [&hellip;]<\/p>\n","protected":false},"author":249,"featured_media":29404,"comment_status":"open","ping_status":"closed","sticky":false,"template":"","format":"standard","meta":{"footnotes":""},"categories":[26],"tags":[],"class_list":["post-29403","post","type-post","status-publish","format-standard","has-post-thumbnail","hentry","category-mundo"],"_links":{"self":[{"href":"https:\/\/eloficiodehistoriar.com.mx\/index.php?rest_route=\/wp\/v2\/posts\/29403","targetHints":{"allow":["GET"]}}],"collection":[{"href":"https:\/\/eloficiodehistoriar.com.mx\/index.php?rest_route=\/wp\/v2\/posts"}],"about":[{"href":"https:\/\/eloficiodehistoriar.com.mx\/index.php?rest_route=\/wp\/v2\/types\/post"}],"author":[{"embeddable":true,"href":"https:\/\/eloficiodehistoriar.com.mx\/index.php?rest_route=\/wp\/v2\/users\/249"}],"replies":[{"embeddable":true,"href":"https:\/\/eloficiodehistoriar.com.mx\/index.php?rest_route=%2Fwp%2Fv2%2Fcomments&post=29403"}],"version-history":[{"count":1,"href":"https:\/\/eloficiodehistoriar.com.mx\/index.php?rest_route=\/wp\/v2\/posts\/29403\/revisions"}],"predecessor-version":[{"id":29405,"href":"https:\/\/eloficiodehistoriar.com.mx\/index.php?rest_route=\/wp\/v2\/posts\/29403\/revisions\/29405"}],"wp:featuredmedia":[{"embeddable":true,"href":"https:\/\/eloficiodehistoriar.com.mx\/index.php?rest_route=\/wp\/v2\/media\/29404"}],"wp:attachment":[{"href":"https:\/\/eloficiodehistoriar.com.mx\/index.php?rest_route=%2Fwp%2Fv2%2Fmedia&parent=29403"}],"wp:term":[{"taxonomy":"category","embeddable":true,"href":"https:\/\/eloficiodehistoriar.com.mx\/index.php?rest_route=%2Fwp%2Fv2%2Fcategories&post=29403"},{"taxonomy":"post_tag","embeddable":true,"href":"https:\/\/eloficiodehistoriar.com.mx\/index.php?rest_route=%2Fwp%2Fv2%2Ftags&post=29403"}],"curies":[{"name":"wp","href":"https:\/\/api.w.org\/{rel}","templated":true}]}}