{"id":29409,"date":"2022-09-24T13:46:37","date_gmt":"2022-09-24T19:46:37","guid":{"rendered":"https:\/\/eloficiodehistoriar.com.mx\/?p=29409"},"modified":"2022-09-24T13:46:37","modified_gmt":"2022-09-24T19:46:37","slug":"inaccesible-por-90-anos-el-banco-de-mexico-cumple-hoy-un-ano-como-museo","status":"publish","type":"post","link":"https:\/\/eloficiodehistoriar.com.mx\/?p=29409","title":{"rendered":"Inaccesible por 90 a\u00f1os, el Banco de M\u00e9xico, cumple hoy un a\u00f1o como museo"},"content":{"rendered":"<div id=\"article-cont\" class=\"main-cont article-cont actuality\">\n<div class=\"cabeza\">El edificio del Banco de M\u00e9xico cumple un a\u00f1o de ser museo<\/div>\n<div class=\"sumarios\">\n<p>Hoy arrancan las actividades para festejar la efem\u00e9ride, que incluyen una exposici\u00f3n temporal<\/p>\n<\/div>\n<div id=\"article-text\" class=\"text\">\n<div class=\"foto\">\n<div class=\"pie-foto\"><em>Museo Banco de M\u00e9xico: <\/em><\/div>\n<div><\/div>\n<div class=\"pie-foto\"><em>Una nueva historia <\/em>es el nombre de la muestra, que permanecer\u00e1 hasta el 8 de enero de 2023.<\/div>\n<div><\/div>\n<\/div>\n<div class=\"col col1\">\n<div class=\"credito-autor\">\u00c1ngel Vargas<\/div>\n<div class=\"credito-titulo\"><\/div>\n<div class=\"hemero\">La Jornada<\/p>\n<\/div>\n<p class=\"s-s\">Inaccesible al p\u00fablico durante casi nueve d\u00e9cadas, el imponente y hermoso edificio principal del Banco de M\u00e9xico, ubicado en la esquina de Eje Central y la calle Cinco de Mayo, en el Centro Hist\u00f3rico, cumple hoy un a\u00f1o de operar como el museo de ese importante \u00f3rgano aut\u00f3nomo.<\/p>\n<p>A lo largo de estos 12 meses, seg\u00fan sus responsables, ha recibido de manera presencial a m\u00e1s de 90 mil visitantes, a los que deben sumarse los miles que han seguido sus actividades en la modalidad virtual, a trav\u00e9s de sus diversas plataformas digitales.<\/p>\n<p>De all\u00ed que la vinculaci\u00f3n con el p\u00fablico sea el eje de los festejos de este primer aniversario del Museo Banco de M\u00e9xico, que comenzar\u00e1n hoy con la inauguraci\u00f3n de una exposici\u00f3n conmemorativa y se extender\u00e1n hasta el 9 de octubre con un programa que incluye tambi\u00e9n visitas especiales, charlas y actividades gratuitas para todas las edades.<\/p>\n<p><em>Museo Banco de M\u00e9xico: Una nueva historia\u00a0<\/em>es el nombre de esa muestra temporal, que permanecer\u00e1 en exhibici\u00f3n hasta el 8 de enero de 2023, y en la cual confluyen pasado y presente para dar cuenta de lo que ha sido y ha representado el banco central del pa\u00eds a lo largo de sus casi 100 a\u00f1os de existencia, adem\u00e1s de ahondar en la reciente historia de ese espacio muse\u00edstico desde su concepci\u00f3n hasta la actualidad.<\/p>\n<p>Est\u00e1 conformada por m\u00e1s de 60 objetos, entre documentos hist\u00f3ricos, piezas de la colecci\u00f3n numism\u00e1tica del recinto, publicaciones period\u00edsticas, fotograf\u00edas, videos y una instalaci\u00f3n. Su guion museogr\u00e1fico tiene como eje la medalla conmemorativa del museo, acu\u00f1ada el a\u00f1o pasado con motivo de su apertura al p\u00fablico.<\/p>\n<p><q>Es una exposici\u00f3n peque\u00f1a, pero muy vasta en contenido<\/q>, describi\u00f3 Anareli Acosta, titular del museo, durante un recorrido previo a la inauguraci\u00f3n.\u00a0<q>El prop\u00f3sito es mostrar c\u00f3mo ha evolucionado la labor del banco central, as\u00ed como contar la historia y funciones de su b\u00f3veda principal y, a trav\u00e9s de eso, repasar los momentos hist\u00f3ricos de este recinto, el cual est\u00e1 catalogado como monumento art\u00edstico<\/q>.<\/p>\n<\/div>\n<div class=\"col col2\">\n<p class=\"sumario\">Recorrido temporal<\/p>\n<p class=\"s-s\">El recorrido comienza con una l\u00ednea del tiempo en la que se marcan los principales hitos del Banco de M\u00e9xico, entre ellos su creaci\u00f3n, en 1925; la adquisici\u00f3n, acondicionamiento e inauguraci\u00f3n del inmueble, construido entre 1903 y 1905, que desde 1927 ser\u00eda la sede principal de ese organismo, as\u00ed como la transformaci\u00f3n de esta instituci\u00f3n en el banco central del pa\u00eds, en 1932.<\/p>\n<p>Esos y otros pasajes son ilustrados a lo largo de la muestra con fotograf\u00edas hist\u00f3ricas, varias de ellas realizadas por Guillermo Kahlo, padre de Frida Kahlo; peri\u00f3dicos de \u00e9poca; documentos originales y videos, adem\u00e1s de exhibirse originales y reproducciones a gran escala de las medallas conmemorativas de las respectivas inauguraciones del Banco de M\u00e9xico y de su museo.<\/p>\n<p>La instalaci\u00f3n, en tanto, consta de un c\u00famulo de decenas de las antiguas talegas en las que anta\u00f1o se guardaba el dinero (ahora se hace en bolsas de pl\u00e1stico) y un fotomural en tama\u00f1o real de la b\u00f3veda principal, estructura que, por cierto, desde la creaci\u00f3n del museo fue transformada en un espacio de experiencia inmersiva multimedia donde se proyecta el documental<em>\u00a0Viaje al centro de la confianza,\u00a0<\/em>en el que en siete minutos se cuenta la historia y la trascendencia del dinero.<\/p>\n<p>La muestra\u00a0<em>Museo Banco de M\u00e9xico: Una nueva historia\u00a0<\/em>ser\u00e1 inaugurada hoy a las 12 horas con una charla a cargo de los creadores de ese material audiovisual, el periodista Jos\u00e9 Gordon y el realizador Luis Cabrera.<\/p>\n<p>Adem\u00e1s, como parte de los festejos, este fin de semana el museo extender\u00e1 su horario habitual, de 11 a 19 horas, y obsequiar\u00e1 a todos los visitantes un billete conmemorativo sin valor comercial. El resto de la programaci\u00f3n, tanto presencial como digital, ser\u00e1 comunicado por el museo mediante sus redes sociales.<\/p>\n<\/div>\n<\/div>\n<div class=\"go gui\">\n<div class=\"go-up\"><\/div>\n<\/div>\n<\/div>\n","protected":false},"excerpt":{"rendered":"<p>El edificio del Banco de M\u00e9xico cumple un a\u00f1o de ser museo Hoy arrancan las actividades para festejar la efem\u00e9ride, que incluyen una exposici\u00f3n temporal Museo Banco de M\u00e9xico: Una nueva historia es el nombre de la muestra, que permanecer\u00e1 hasta el 8 de enero de 2023. \u00c1ngel Vargas La Jornada Inaccesible al p\u00fablico durante [&hellip;]<\/p>\n","protected":false},"author":249,"featured_media":29410,"comment_status":"open","ping_status":"closed","sticky":false,"template":"","format":"standard","meta":{"footnotes":""},"categories":[26],"tags":[],"class_list":["post-29409","post","type-post","status-publish","format-standard","has-post-thumbnail","hentry","category-mundo"],"_links":{"self":[{"href":"https:\/\/eloficiodehistoriar.com.mx\/index.php?rest_route=\/wp\/v2\/posts\/29409","targetHints":{"allow":["GET"]}}],"collection":[{"href":"https:\/\/eloficiodehistoriar.com.mx\/index.php?rest_route=\/wp\/v2\/posts"}],"about":[{"href":"https:\/\/eloficiodehistoriar.com.mx\/index.php?rest_route=\/wp\/v2\/types\/post"}],"author":[{"embeddable":true,"href":"https:\/\/eloficiodehistoriar.com.mx\/index.php?rest_route=\/wp\/v2\/users\/249"}],"replies":[{"embeddable":true,"href":"https:\/\/eloficiodehistoriar.com.mx\/index.php?rest_route=%2Fwp%2Fv2%2Fcomments&post=29409"}],"version-history":[{"count":1,"href":"https:\/\/eloficiodehistoriar.com.mx\/index.php?rest_route=\/wp\/v2\/posts\/29409\/revisions"}],"predecessor-version":[{"id":29411,"href":"https:\/\/eloficiodehistoriar.com.mx\/index.php?rest_route=\/wp\/v2\/posts\/29409\/revisions\/29411"}],"wp:featuredmedia":[{"embeddable":true,"href":"https:\/\/eloficiodehistoriar.com.mx\/index.php?rest_route=\/wp\/v2\/media\/29410"}],"wp:attachment":[{"href":"https:\/\/eloficiodehistoriar.com.mx\/index.php?rest_route=%2Fwp%2Fv2%2Fmedia&parent=29409"}],"wp:term":[{"taxonomy":"category","embeddable":true,"href":"https:\/\/eloficiodehistoriar.com.mx\/index.php?rest_route=%2Fwp%2Fv2%2Fcategories&post=29409"},{"taxonomy":"post_tag","embeddable":true,"href":"https:\/\/eloficiodehistoriar.com.mx\/index.php?rest_route=%2Fwp%2Fv2%2Ftags&post=29409"}],"curies":[{"name":"wp","href":"https:\/\/api.w.org\/{rel}","templated":true}]}}