{"id":29413,"date":"2022-09-25T16:38:56","date_gmt":"2022-09-25T22:38:56","guid":{"rendered":"https:\/\/eloficiodehistoriar.com.mx\/?p=29413"},"modified":"2022-09-25T16:38:56","modified_gmt":"2022-09-25T22:38:56","slug":"ayer-fiesta-en-la-merced-cuna-del-gran-comercio-de-la-ciudad-de-mexico-durante-muchos-siglos","status":"publish","type":"post","link":"https:\/\/eloficiodehistoriar.com.mx\/?p=29413","title":{"rendered":"Ayer fiesta en la Merced, cuna del gran comercio de la Ciudad de M\u00e9xico durante muchos siglos"},"content":{"rendered":"<div id=\"article-cont\" class=\"main-cont article-cont analysis\">\n<div class=\"cabeza\">La Merced<\/div>\n<div class=\"sumarios\"><\/div>\n<div class=\"credito-articulo\">\u00c1ngeles Gonz\u00e1lez Gamio<\/div>\n<div><\/div>\n<div id=\"article-text\" class=\"text tbl-forkorts-article\">\n<div class=\"col\">\n<div class=\"inicial\">Ayer se festej\u00f3 a Nuestra\u00a0Se\u00f1ora de la Merced, patrona del castizo barrio que fue la cuna del gran comercio de la Ciudad de M\u00e9xico durante muchos siglos. Hasta 1982, cuando se construy\u00f3 la Central de Abasto, aqu\u00ed se llevaban a cabo todas las transacciones al mayoreo.<\/div>\n<p>El nombre del barrio \u2013antes Zoquipan\u2013 que ten\u00eda or\u00edgenes comerciales desde la \u00e9poca prehisp\u00e1nica se lo dio el convento de la Merced. Ah\u00ed desembocaba una de las acequias m\u00e1s importantes que tra\u00eda los productos de los pueblos chinamperos: hortalizas, flores, granos y mercanc\u00edas de localidades que aprovechaban esa v\u00eda fluvial.<\/p>\n<p>La instituci\u00f3n conventual la establecieron los mercedarios, orden fundada en Barcelona en 1218, que naci\u00f3 como Orden Militar de Nuestra Se\u00f1ora de la Merced y Redenci\u00f3n de los Cautivos.<\/p>\n<p>Estaba integrada por caballeros militares y su objetivo era rescatar a los cristianos que ca\u00edan en poder de los moros. Al correr de los a\u00f1os se tornaron en frailes,\u00a0<q>trocando la espada por la cruz<\/q>, aunque esto no siempre fue muy cierto, pues ten\u00edan fama de que algunos eran bastante belicosos. Se cuenta que se apropiaron de una calle aleda\u00f1a al convento y cuando los vecinos reclamaron, se les enfrentaron con las espadas que tra\u00edan debajo de los h\u00e1bitos religiosos.<\/p>\n<p>Lleg\u00f3 a ser una orden muy poderosa que fund\u00f3 conventos en muchos lugares de la Rep\u00fablica. En este mes patrio vamos a recordar un templo de la Merced que guarda recuerdos de la lucha insurgente. En Lagos de Moreno, primorosa poblaci\u00f3n de los Altos de Jalisco, se encuentra la Rinconada de la Merced. Es una peque\u00f1a plaza de dos niveles rodeada de varias hermosas construcciones, entre las que destaca el templo y convento de La Merced, que data de 1685. Aqu\u00ed esta sepultada la cabeza del h\u00e9roe independentista Pedro Moreno, quien durante varios a\u00f1os defendi\u00f3 valerosamente el fuerte que hab\u00edan levantado los insurgentes en el Cerro del Sombrero. Fue muerto cuando era perseguido por las tropas realistas.<\/p>\n<p>Como escarmiento para los simpatizantes de la insurgencia, le cortaron la cabeza. La mostraron clavada en una estaca en las orillas de Santa Mar\u00eda de los Lagos, de donde era oriundo y que ahora, en su memoria, lleva el nombre de Lagos de Moreno. De ese sangriento gesto surgi\u00f3 el dicho\u00a0<q>Pedro Moreno perdi\u00f3 la cabeza por defender el sombrero<\/q>.<\/p>\n<p>Volvemos a la Ciudad de M\u00e9xico para hablar de otro convento dedicado a Nuestra Se\u00f1ora de la Merced. Ya establecidos en el barrio que bautizaron como la Merced, les donaron un predio en la avenida Arcos de Bel\u00e9n, donde levantaron otro m\u00e1s peque\u00f1o con una linda iglesia que a\u00fan sobrevive.<\/p>\n<p>Alguna vez platicamos que aqu\u00ed se encuentra la imagen original de la Virgen, bello estofado del siglo XVII, que tiene su leyenda: un buen d\u00eda lleg\u00f3 solito un burro a la capital, con un bulto amarrado y una nota que dec\u00eda:\u00a0<q>Esta virgen lleg\u00f3 a Veracruz y va a la Ciudad de M\u00e9xico, al convento de La Merced; por favor, ay\u00fadela a llegar a su destino<\/q>\u00a0y\u2026 lleg\u00f3.<\/p>\n<p>El templo conserva dos altares laterales barrocos, que son una maravilla. Las figuras estofadas de uno de los altares son piezas de museo por su finura y belleza. El patr\u00f3n arquitect\u00f3nico es muy peculiar, ya que tiene adosada una enorme capilla, dedicada a las \u00e1nimas, casi del tama\u00f1o del templo.<\/p>\n<p>Se encuentra en la avenida Arcos de Bel\u00e9n, que lleva ese nombre porque justo enfrente pasaba el acueducto compuesto por m\u00e1s de 300 arcos, que llevaba agua desde los manantiales de Chapultepec, del cual sobrevive un peque\u00f1o tramo en la avenida Chapultepec<\/p>\n<p>Siempre que venimos a solazarnos con las bellezas que guarda el a\u00f1ejo templo, aprovechamos para cruzar la avenida y en la esquina con Luis Moya, hacer una escala en el restaurante El Rinc\u00f3n de La Pur\u00edsima, que desde hace 22 a\u00f1os ofrece uno de los mejores cabritos norte\u00f1os a las brasas; lo cuecen lentamente logrando una carne doradita y crujiente por fuera y suave y jugosa por dentro. Acompa\u00f1ado de guacamole, tortillas suaves reci\u00e9n hechas y una rociadita de salsa picante \u2013al gusto\u2013, es una suculencia.<\/p>\n<p>Tambi\u00e9n hay buenos cortes angus, pastas y la ensalada C\u00e9sar preparada en su mesa a la manera tradicional. Sus postres flameados son imperdibles.<\/p>\n<p>La decoraci\u00f3n y el ambiente son agradables, el servicio esmerado y los fines de semana hay m\u00fasica en vivo.<\/p>\n<p class=\"email\">\n<\/div>\n<\/div>\n<\/div>\n<div id=\"taboola-below-content-thumbnails\" class=\" trc_related_container trc_spotlight_widget tbl-feed-container tbl-feed-frame-DIVIDER  render-late-effect\" data-feed-container-num=\"1\" data-feed-main-container-id=\"taboola-below-content-thumbnails\" data-parent-placement-name=\"Below Content Thumbnails\" data-pub-lang=\"es\">\n<div class=\" tbl-feed-header tbl-logo-right-position\">\n<div class=\"tbl-feed-header-logo\"><\/div>\n<\/div>\n<div id=\"taboola-below-content-thumbnails-pl1\" class=\" trc_related_container trc_spotlight_widget trc_elastic trc_elastic_organic-thumbs-feed-02  tbl-feed-card \" data-card-index=\"1\" data-batch-num=\"1\" data-placement-name=\"Below Content Thumbnails | Card 1\">\n<div class=\"trc_rbox_container\">\n<div>\n<div id=\"trc_wrapper_66995\" class=\"trc_rbox organic-thumbs-feed-02 trc-content-organic \">\n<div id=\"outer_66995\" class=\"trc_rbox_outer\">\n<div id=\"rbox-t2v\" class=\"trc_rbox_div trc_rbox_border_elm\">\n<div id=\"internal_trc_66995\">\n<div class=\"videoCube trc_spotlight_item origin-undefined thumbnail_top textItem videoCube_1_child trc-first-recommendation trc-spotlight-first-recommendation  trc_excludable \" data-item-id=\"5971125667883797400\" data-item-title=\"VESTIDO Y ALBOROTADO\" data-item-thumb=\"https:\/\/www.jornada.com.mx\/2022\/09\/01\/cartones\/hernandez.jpg\" data-item-syndicated=\"false\">\n<div class=\"thumbBlock_holder\"><\/div>\n<\/div>\n<\/div>\n<\/div>\n<\/div>\n<\/div>\n<\/div>\n<\/div>\n<\/div>\n<\/div>\n","protected":false},"excerpt":{"rendered":"<p>La Merced \u00c1ngeles Gonz\u00e1lez Gamio Ayer se festej\u00f3 a Nuestra\u00a0Se\u00f1ora de la Merced, patrona del castizo barrio que fue la cuna del gran comercio de la Ciudad de M\u00e9xico durante muchos siglos. Hasta 1982, cuando se construy\u00f3 la Central de Abasto, aqu\u00ed se llevaban a cabo todas las transacciones al mayoreo. El nombre del barrio [&hellip;]<\/p>\n","protected":false},"author":249,"featured_media":29414,"comment_status":"open","ping_status":"closed","sticky":false,"template":"","format":"standard","meta":{"footnotes":""},"categories":[26],"tags":[],"class_list":["post-29413","post","type-post","status-publish","format-standard","has-post-thumbnail","hentry","category-mundo"],"_links":{"self":[{"href":"https:\/\/eloficiodehistoriar.com.mx\/index.php?rest_route=\/wp\/v2\/posts\/29413","targetHints":{"allow":["GET"]}}],"collection":[{"href":"https:\/\/eloficiodehistoriar.com.mx\/index.php?rest_route=\/wp\/v2\/posts"}],"about":[{"href":"https:\/\/eloficiodehistoriar.com.mx\/index.php?rest_route=\/wp\/v2\/types\/post"}],"author":[{"embeddable":true,"href":"https:\/\/eloficiodehistoriar.com.mx\/index.php?rest_route=\/wp\/v2\/users\/249"}],"replies":[{"embeddable":true,"href":"https:\/\/eloficiodehistoriar.com.mx\/index.php?rest_route=%2Fwp%2Fv2%2Fcomments&post=29413"}],"version-history":[{"count":1,"href":"https:\/\/eloficiodehistoriar.com.mx\/index.php?rest_route=\/wp\/v2\/posts\/29413\/revisions"}],"predecessor-version":[{"id":29415,"href":"https:\/\/eloficiodehistoriar.com.mx\/index.php?rest_route=\/wp\/v2\/posts\/29413\/revisions\/29415"}],"wp:featuredmedia":[{"embeddable":true,"href":"https:\/\/eloficiodehistoriar.com.mx\/index.php?rest_route=\/wp\/v2\/media\/29414"}],"wp:attachment":[{"href":"https:\/\/eloficiodehistoriar.com.mx\/index.php?rest_route=%2Fwp%2Fv2%2Fmedia&parent=29413"}],"wp:term":[{"taxonomy":"category","embeddable":true,"href":"https:\/\/eloficiodehistoriar.com.mx\/index.php?rest_route=%2Fwp%2Fv2%2Fcategories&post=29413"},{"taxonomy":"post_tag","embeddable":true,"href":"https:\/\/eloficiodehistoriar.com.mx\/index.php?rest_route=%2Fwp%2Fv2%2Ftags&post=29413"}],"curies":[{"name":"wp","href":"https:\/\/api.w.org\/{rel}","templated":true}]}}