{"id":29416,"date":"2022-09-25T16:50:40","date_gmt":"2022-09-25T22:50:40","guid":{"rendered":"https:\/\/eloficiodehistoriar.com.mx\/?p=29416"},"modified":"2022-09-25T16:50:40","modified_gmt":"2022-09-25T22:50:40","slug":"no-hay-mal-que-por-bien-no-venga","status":"publish","type":"post","link":"https:\/\/eloficiodehistoriar.com.mx\/?p=29416","title":{"rendered":"\u00abNo hay mal que por bien no venga\u00bb"},"content":{"rendered":"<div id=\"article-cont\" class=\"main-cont article-cont analysis\">\n<div class=\"cabeza\">Con\u00f3ceme a trav\u00e9s de estos dimes y diretes<\/div>\n<div class=\"sumarios\"><\/div>\n<div class=\"credito-articulo\">B\u00e1rbara Jacobs<\/div>\n<div><\/div>\n<div id=\"article-text\" class=\"text tbl-forkorts-article\">\n<div class=\"col\">\n<div class=\"inicial\">De los miles o al menos\u00a0centenares de dichos o expresiones estricta y deliciosamente mexicanas, contenidas sin duda en\u00a0<em>Picard\u00eda mexicana,<\/em>\u00a0que de momento no encuentro en mi ordenada y clasificada biblioteca personal, suelo recurrir en tiempos recientes; es decir, ahora, aun cuando hace ya casi un a\u00f1o de mi circunstancia, perd\u00ed a mi pareja y, por m\u00e1s que me sigo parando frente a la puerta de mi casa en espera (vana) de que aparezca y pase y aqu\u00ed se quede para siempre conmigo,\u00a0<q>ando como alma en pena<\/q>. Es la verdad pues, que desde entonces, sin \u00e9l,\u00a0<q>no me hallo<\/q>.<\/div>\n<p>Aunque parezca dif\u00edcil de creer, hay amigos bien intencionados que pretenden reconfortarme al asegurarme, lo que no s\u00e9 c\u00f3mo pero lo justificar\u00edan, que mi dolor\u00a0<q>no cay\u00f3 en el mar<\/q>, como si de alguna para m\u00ed inimaginable manera, alg\u00fan consuelo pudiera resultar de mi p\u00e9rdida. Por el estilo, es la frase que asimismo me dicen y me repiten:\u00a0<q>No hay mal que por bien no venga<\/q>, que, por m\u00e1s reflexiones que aplico no encuentro el bien que vendr\u00eda del mal que padezco, creo, la verdad, que en definitiva sin remedio.<\/p>\n<p>Por ejemplo, si bien de otro tipo, s\u00e9 que prest\u00e9 mi ejemplar de\u00a0<em>Picard\u00eda mexicana,<\/em>\u00a0mismo que me regal\u00f3 la nana, gran lectora, tanto de mi distante infancia como de la distante infancia de mis hermanos, nuestra nana de toda la vida, y que, con un sensible recuerdo, busco una y otra vez y no encuentro, es cuando, una voz m\u00e1s sarc\u00e1stica que bien intencionada, me insiste al o\u00eddo:\u00a0<q>Tonto el que presta un libro y m\u00e1s tonto el que lo devuelve<\/q>\u00a0(lo que cito en el remoto caso de aquellos a quienes, por tonta, prest\u00e9 un libro, me lo devolvieran). \u00a1Qu\u00e9 feliz me har\u00edan!, por m\u00e1s que dudo que, aun en el m\u00e1s que remoto caso de que leyeran estas l\u00edneas, se dar\u00edan cuenta de que a ellos, precisamente, las dedico; aun si hacerlo me delatara como tonta, por m\u00e1s que no ser\u00eda, para m\u00ed, ninguna novedad que me lo se\u00f1alaran, pues tonta he sido siempre y as\u00ed es c\u00f3mo lo he sentido. \u00a1Ay, quisiera tanto que la sabidur\u00eda del espa\u00f1ol de M\u00e9xico no punzara mi recuerdo al recordarme este (acertado) dicho suyo!<\/p>\n<p>Y cada vez que en estas oportunidades pido a alguna amiga de toda la vida y bien querida por m\u00ed, que me se\u00f1ala y me asegura que me ve cansada y triste que se pusiera en mi lugar, lo que sucede es que su intervenci\u00f3n retumba en mis o\u00eddos, pues me asegura que, al yo encontrarme como s\u00e9 que estoy, es decir, atreverme a pr\u00e1cticamente exigir de mis amistadas semejante consuelo,\u00a0<q>soy una limosnera con garrote<\/q>. \u00a1Ay!, insisto; \u00a1ay!<\/p>\n<p>En una reuni\u00f3n entre compa\u00f1eros de la lejana preparatoria me fue inevitable hablar de lo extra\u00f1ada que me sent\u00eda cuando (sin tampoco negar que de veras quer\u00eda estudiar siquiatr\u00eda), y supongo que no por otra raz\u00f3n sino para fingir que mi afici\u00f3n a la visita de enfermos siqui\u00e1tricos en un hospital siqui\u00e1trico me hac\u00eda sentirme c\u00f3moda y reconfortada, se re\u00edan de m\u00ed y me aseguraban:\u00a0<q>Dime con qui\u00e9n andas y te dir\u00e9 qui\u00e9n eres<\/q>. \u00a1Qu\u00e9 raz\u00f3n ten\u00edan, sin ser necesariamente m\u00e1s honestos y profundos que yo!<\/p>\n<p>S\u00f3lo que de ninguna manera me habr\u00eda parecido ni sincero ni ma\u00f1oso, sino maldad, si lo que hubieran pensado de m\u00ed hubiera sido:\u00a0<q>Est\u00e1s hecha una piltrafa<\/q>.<\/p>\n<p><q>Del dicho al hecho no hay m\u00e1s que un trecho<\/q>, en efecto. Hoy me parece innegable, al tener que admitir que mis deseos de estudiar siquiatr\u00eda eran sinceros, una profesi\u00f3n para la cual tampoco podr\u00eda ocultar que estaba completamente desencaminada, no tanto debido a mi propia propensi\u00f3n hacia la fantas\u00eda, mucho m\u00e1s, ciertamente, que a la realidad, que si me hubieran querido llamar\u00a0<q>loca<\/q>\u00a0mejor hubieran hecho al asegurarme:\u00a0<q>A quien le quede el saco, que se lo ponga<\/q>, que en el fondo de los fondos ese preciso saco ha sido para m\u00ed siempre una especie de m\u00e1s que certera\u00a0<q>segunda naturaleza<\/q>.<\/p>\n<p>Estar\u00eda\u00a0<q>a mis anchas<\/q>, si me\u00a0<q>doraran la p\u00edldora<\/q>\u00a0y, sin mayor rodeo, a la cara me se\u00f1alaran, sin ninguna ma\u00f1a, que\u00a0<q>m\u00e1s vale viejo por conocido que nuevo por conocer<\/q>.<\/p>\n<p class=\"email\">\n<\/div>\n<\/div>\n<\/div>\n<div id=\"taboola-below-content-thumbnails\" class=\" trc_related_container trc_spotlight_widget tbl-feed-container tbl-feed-frame-DIVIDER  render-late-effect\" data-feed-container-num=\"1\" data-feed-main-container-id=\"taboola-below-content-thumbnails\" data-parent-placement-name=\"Below Content Thumbnails\" data-pub-lang=\"es\">\n<div class=\" tbl-feed-header tbl-logo-right-position\">\n<div class=\"tbl-feed-header-logo\"><\/div>\n<\/div>\n<\/div>\n","protected":false},"excerpt":{"rendered":"<p>Con\u00f3ceme a trav\u00e9s de estos dimes y diretes B\u00e1rbara Jacobs De los miles o al menos\u00a0centenares de dichos o expresiones estricta y deliciosamente mexicanas, contenidas sin duda en\u00a0Picard\u00eda mexicana,\u00a0que de momento no encuentro en mi ordenada y clasificada biblioteca personal, suelo recurrir en tiempos recientes; es decir, ahora, aun cuando hace ya casi un a\u00f1o [&hellip;]<\/p>\n","protected":false},"author":249,"featured_media":29417,"comment_status":"open","ping_status":"closed","sticky":false,"template":"","format":"standard","meta":{"footnotes":""},"categories":[26],"tags":[],"class_list":["post-29416","post","type-post","status-publish","format-standard","has-post-thumbnail","hentry","category-mundo"],"_links":{"self":[{"href":"https:\/\/eloficiodehistoriar.com.mx\/index.php?rest_route=\/wp\/v2\/posts\/29416","targetHints":{"allow":["GET"]}}],"collection":[{"href":"https:\/\/eloficiodehistoriar.com.mx\/index.php?rest_route=\/wp\/v2\/posts"}],"about":[{"href":"https:\/\/eloficiodehistoriar.com.mx\/index.php?rest_route=\/wp\/v2\/types\/post"}],"author":[{"embeddable":true,"href":"https:\/\/eloficiodehistoriar.com.mx\/index.php?rest_route=\/wp\/v2\/users\/249"}],"replies":[{"embeddable":true,"href":"https:\/\/eloficiodehistoriar.com.mx\/index.php?rest_route=%2Fwp%2Fv2%2Fcomments&post=29416"}],"version-history":[{"count":1,"href":"https:\/\/eloficiodehistoriar.com.mx\/index.php?rest_route=\/wp\/v2\/posts\/29416\/revisions"}],"predecessor-version":[{"id":29418,"href":"https:\/\/eloficiodehistoriar.com.mx\/index.php?rest_route=\/wp\/v2\/posts\/29416\/revisions\/29418"}],"wp:featuredmedia":[{"embeddable":true,"href":"https:\/\/eloficiodehistoriar.com.mx\/index.php?rest_route=\/wp\/v2\/media\/29417"}],"wp:attachment":[{"href":"https:\/\/eloficiodehistoriar.com.mx\/index.php?rest_route=%2Fwp%2Fv2%2Fmedia&parent=29416"}],"wp:term":[{"taxonomy":"category","embeddable":true,"href":"https:\/\/eloficiodehistoriar.com.mx\/index.php?rest_route=%2Fwp%2Fv2%2Fcategories&post=29416"},{"taxonomy":"post_tag","embeddable":true,"href":"https:\/\/eloficiodehistoriar.com.mx\/index.php?rest_route=%2Fwp%2Fv2%2Ftags&post=29416"}],"curies":[{"name":"wp","href":"https:\/\/api.w.org\/{rel}","templated":true}]}}