{"id":29419,"date":"2022-09-25T17:03:03","date_gmt":"2022-09-25T23:03:03","guid":{"rendered":"https:\/\/eloficiodehistoriar.com.mx\/?p=29419"},"modified":"2022-09-25T17:03:03","modified_gmt":"2022-09-25T23:03:03","slug":"hasta-cuatro-reportes-por-semana-de-presencia-de-osos-negros-en-areas-urbanas-de-nl","status":"publish","type":"post","link":"https:\/\/eloficiodehistoriar.com.mx\/?p=29419","title":{"rendered":"Hasta cuatro reportes por semana de  presencia de osos negros, en \u00e1reas urbanas de NL"},"content":{"rendered":"<div id=\"article-cont\" class=\"main-cont article-cont actuality\">\n<div class=\"sumarios\">\n<p>En verano, hasta cuatro reportes por semana<\/p>\n<\/div>\n<div class=\"cabeza\">Presencia de osos negros, al alza en \u00e1reas urbanas de NL<\/div>\n<div class=\"sumarios\">\n<p>Investigadores lo atribuyen a la sequ\u00eda y a la necesidad de alimento<\/p>\n<\/div>\n<div id=\"article-text\" class=\"text\">\n<div class=\"foto\">\n<div class=\"pie-foto\">Un oso negro fue rescatado de la cima de un \u00e1rbol, al sur de Monterrey, por personal de Parques y Vida Silvestre de Nuevo Le\u00f3n.<\/div>\n<div><\/div>\n<div class=\"pie-foto\">Dos oseznos juegan en las inmediaciones de la Facultad de Ciencias de Comunicaci\u00f3n de la Universidad Aut\u00f3noma de Nuevo Le\u00f3n, ubicada en la colonia Mederos.<\/div>\n<div><\/div>\n<\/div>\n<div class=\"col col1\">\n<div class=\"credito-autor\">Andrea Rivera Garc\u00eda<\/div>\n<div class=\"credito-titulo\"><\/div>\n<div class=\"hemero\">La Jornada<\/p>\n<\/div>\n<p class=\"s-s\">Monterrey, NL.,<\/p>\n<p class=\"s-s\">La sequ\u00eda y la necesidad de alimento que les ayude a almacenar grasa para sobrevivir en los pr\u00f3ximos meses, hacen que cada vez sea m\u00e1s constante la presencia de osos negros en zonas urbanas, donde incluso llegan a convivir con humanos, un fen\u00f3meno que los investigadores consideran\u00a0<q>una aberraci\u00f3n<\/q>. Este incremento de vistas, sin embargo, no representa un alza en la cantidad de estos animales en el pa\u00eds.<\/p>\n<p>La Procuradur\u00eda Federal de Protecci\u00f3n al Ambiente (Profepa) se\u00f1ala que faltan estudios para saber el n\u00famero preciso que hay, pero la norma oficial mexicana NOM 059 de la Secretar\u00eda de Medio Ambiente y Recursos Naturales (Semarnat) protege la especie desde 2010, pues est\u00e1 clasificada en peligro de extinci\u00f3n en M\u00e9xico.<\/p>\n<p>De acuerdo con el estudio\u00a0<em>Situaci\u00f3n actual de los grandes depredadores<\/em>\u00a0(2019), en su cap\u00edtulo\u00a0<q>Manejo y conservaci\u00f3n del oso negro<\/q>, hasta 2015 hab\u00eda entre 80 y 100 ejemplares en las 177 mil hect\u00e1reas del Parque Nacional Cumbres de Monterrey, es decir, una densidad de 0.052 por kil\u00f3metro cuadrado.<\/p>\n<p>La cifra es mucho menor si se compara con otras zonas en el mundo que tienen presencia de osos negros, por ejemplo, en el Parque Nacional de Yosemite, en California, Estados Unidos, cuyas caracter\u00edsticas y densidad son similares a las de Cumbres de Monterrey, donde se tienen contabilizados entre 800 y mil ejemplares de esta especie.<\/p>\n<p>Es decir, hay 10 veces m\u00e1s en comparaci\u00f3n a la que hay en la entidad, se\u00f1ala Rogelio Carrera Trevi\u00f1o, investigador de la Facultad de Veterinaria y Zootecnia de la Universidad Aut\u00f3noma de Nuevo Le\u00f3n (UANL), con especialidad en grandes mam\u00edferos y \u00e9nfasis en ecolog\u00eda de grandes carn\u00edvoros en el norte de M\u00e9xico.<\/p>\n<p>\u00c9rik Cavazos, director de Protecci\u00f3n Civil del estado, explic\u00f3 que en verano se tienen tres o cuatro reportes de avistamientos de osos por semana; en el \u00e1rea metropolitana de Monterrey, las zonas con m\u00e1s presencia de esta especie van desde la cabecera municipal de Santiago, toda la zona de quintas que hay por la Carretera Nacional y las colonias que colindan con el Parque Nacional Cumbres de Monterrey, como Sat\u00e9lite, Mederos y las faldas de la sierra en el municipio de San Pedro Garza Garc\u00eda, en los l\u00edmites del Parque Ecol\u00f3gico Chipinque y hasta el Ca\u00f1\u00f3n de la Huasteca en SantaCatarina.<\/p>\n<p>El incremento de reportes de osos negros en zonas urbanas es\u00a0<q>una aberraci\u00f3n<\/q>, explic\u00f3 Rogelio Carrera Trevi\u00f1o, investigador de la Facultad de Veterinaria y Zootecnia de la UANL, pues lo natural en esta especie ser\u00eda mantenerse alejada de los humanos y al cambiar su naturaleza es a\u00fan m\u00e1s dif\u00edcil predecir su comportamiento, lo cual podr\u00eda resultar muy peligroso.<\/p>\n<p class=\"sumario\">Ya no le temen al hombre<\/p>\n<p class=\"s-s\"><q>Nos damos cuenta en los videos y fotos que suben a las redes sociales. Por ejemplo, hay gente interactuando con los osos, porque \u00e9stos ya est\u00e1n habituados, han cambiado su comportamiento natural. Ahora ya no s\u00f3lo no le tienen miedo al hombre, sino que lo asocian con comida y esa es una combinaci\u00f3n muy peligrosa<\/q>, manifest\u00f3.<\/p>\n<p>Para Carrera Trevi\u00f1o, el incremento de esta presencia es atribuido a dos factores, primero, la \u00e9poca del a\u00f1o, pues durante el invierno el h\u00e1bitat de la especie deja de producir su alimento, por lo que de manera natural estos buscan almacenar grasa en su cuerpo para sobrevivir los pr\u00f3ximos meses y para ello se ven en la necesidad de consumir hasta 20 mil calor\u00edas al d\u00eda, las cuales suelen buscar entre los humanos, por ser de m\u00e1s f\u00e1cil acceso.<\/p>\n<\/div>\n<div class=\"col col2\">\n<p>El segundo motivo podr\u00eda ser la sequ\u00eda que padece el estado, pues al no llover, la flora que crece en el h\u00e1bitat de este animal no produce los alimentos que requiere para vivir, por lo que otra vez se ven en la necesidad de buscar comida entre los asentamientos humanos, donde hay mucha presencia de lo que los bi\u00f3logos llaman\u00a0<q>atrayentes<\/q>.<\/p>\n<p><q>Cuando un oso est\u00e1 en un lugar en el que no deber\u00eda, como es el caso de los que est\u00e1n deambulando en las calles, es que algo los atrajo. Se gu\u00edan siempre por la nariz para encontrar su alimento y tienen uno de los olfatos m\u00e1s sensibles del mundo animal<\/q>, explic\u00f3 Carrera Trevi\u00f1o.<\/p>\n<p><q>Un oso puede rastrear con su olfato incluso a cinco kil\u00f3metros de distancia<\/q>, as\u00ed como otros atrayentes: basura, comida humana y de mascota, grasa, \u00e1rboles frutales y desde luego el olor a carne asada, que es muy com\u00fan en Monterrey.<\/p>\n<p class=\"sumario\">Olfatean alimento gratis<\/p>\n<p class=\"s-s\"><q>Para ellos significa alimento gratis, es m\u00e1s f\u00e1cil obtenerla de un basurero que tener que cazar un venado, una presa nada f\u00e1cil de atrapar<\/q>.<\/p>\n<p>Pese a que los humanos interact\u00faan con ellos e incluso los alimentan, esta especie sigue siendo el carn\u00edvoro m\u00e1s grande de M\u00e9xico.\u00a0<q>No obstante de que son muy raros los ataques de osos negros a humanos, entre tres y cinco personas fallecen cada a\u00f1o agredidas por los plant\u00edgrados en Am\u00e9rica del Norte<\/q>.<\/p>\n<p>Agreg\u00f3 que los ataques m\u00e1s comunes a personas son de hembras protegiendo a sus cr\u00edas; sin embargo, no son los \u00fanicos, tambi\u00e9n hay registros de ataques por motivos de depredaci\u00f3n.<\/p>\n<p>Manifest\u00f3 que, en coordinaci\u00f3n con Parques y Vida Silvestre, la Profepa y la Semarnat atienden los reportes de vecinos sobre la presencia de osos negros en sus colonias.\u00a0<q>Se recomienda a la persona que los vio o por estar en su propiedad que no se acerque. Cuando llega la unidad (al punto de avistamiento) tenemos un grupo y una coordinaci\u00f3n de acuerdo al protocolo de vida silvestre<\/q>, detall\u00f3.<\/p>\n<p>\u00c9ste contempla dos posibilidades: si el animal se encuentra muy cerca del cerro, se le ayuda a regresar; si est\u00e1 m\u00e1s retirado de su h\u00e1bitat natural, se le duerme con un sedante y se le reubica, ya sea en el municipio de Rayones o en la Sierra de Montemorelos.<\/p>\n<p>En caso de que no corresponda a Nuevo Le\u00f3n, o se encuentre herido y\/o enfermo, se le traslada al zool\u00f3gico para su rehabilitaci\u00f3n. Si hay necesidad de reubicaci\u00f3n, la Profepa deber\u00e1 deliberar, en conjunto con otras dependencias, como Parques y Vida Silvestre de Nuevo Le\u00f3n, cu\u00e1l es el mejor lugar de liberaci\u00f3n del ejemplar, tomando en cuenta su \u00e1rea de distribuci\u00f3n natural.<\/p>\n<p>Si el oso ya no est\u00e1 donde fue reportado, se acude al domicilio de donde se hizo la llamada y se dan recomendaciones a los vecinos para evitar la presencia de osos; por ejemplo, tener contenedores de basura sellados para que el animal no los pueda abrir y desde luego no darles de comer y mantenerse alejados en caso de volver a ver alguno.<\/p>\n<\/div>\n<\/div>\n<div class=\"go gui\">\n<div class=\"go-up\"><\/div>\n<\/div>\n<\/div>\n<div id=\"taboola-below-content-thumbnails\" class=\" trc_related_container trc_spotlight_widget tbl-feed-container tbl-feed-frame-DIVIDER  render-late-effect\" data-feed-container-num=\"1\" data-feed-main-container-id=\"taboola-below-content-thumbnails\" data-parent-placement-name=\"Below Content Thumbnails\" data-pub-lang=\"es\">\n<div class=\" tbl-feed-header tbl-logo-right-position\">\n<div class=\"tbl-feed-header-logo\"><\/div>\n<\/div>\n<\/div>\n","protected":false},"excerpt":{"rendered":"<p>En verano, hasta cuatro reportes por semana Presencia de osos negros, al alza en \u00e1reas urbanas de NL Investigadores lo atribuyen a la sequ\u00eda y a la necesidad de alimento Un oso negro fue rescatado de la cima de un \u00e1rbol, al sur de Monterrey, por personal de Parques y Vida Silvestre de Nuevo Le\u00f3n. [&hellip;]<\/p>\n","protected":false},"author":249,"featured_media":29420,"comment_status":"open","ping_status":"closed","sticky":false,"template":"","format":"standard","meta":{"footnotes":""},"categories":[26],"tags":[],"class_list":["post-29419","post","type-post","status-publish","format-standard","has-post-thumbnail","hentry","category-mundo"],"_links":{"self":[{"href":"https:\/\/eloficiodehistoriar.com.mx\/index.php?rest_route=\/wp\/v2\/posts\/29419","targetHints":{"allow":["GET"]}}],"collection":[{"href":"https:\/\/eloficiodehistoriar.com.mx\/index.php?rest_route=\/wp\/v2\/posts"}],"about":[{"href":"https:\/\/eloficiodehistoriar.com.mx\/index.php?rest_route=\/wp\/v2\/types\/post"}],"author":[{"embeddable":true,"href":"https:\/\/eloficiodehistoriar.com.mx\/index.php?rest_route=\/wp\/v2\/users\/249"}],"replies":[{"embeddable":true,"href":"https:\/\/eloficiodehistoriar.com.mx\/index.php?rest_route=%2Fwp%2Fv2%2Fcomments&post=29419"}],"version-history":[{"count":1,"href":"https:\/\/eloficiodehistoriar.com.mx\/index.php?rest_route=\/wp\/v2\/posts\/29419\/revisions"}],"predecessor-version":[{"id":29421,"href":"https:\/\/eloficiodehistoriar.com.mx\/index.php?rest_route=\/wp\/v2\/posts\/29419\/revisions\/29421"}],"wp:featuredmedia":[{"embeddable":true,"href":"https:\/\/eloficiodehistoriar.com.mx\/index.php?rest_route=\/wp\/v2\/media\/29420"}],"wp:attachment":[{"href":"https:\/\/eloficiodehistoriar.com.mx\/index.php?rest_route=%2Fwp%2Fv2%2Fmedia&parent=29419"}],"wp:term":[{"taxonomy":"category","embeddable":true,"href":"https:\/\/eloficiodehistoriar.com.mx\/index.php?rest_route=%2Fwp%2Fv2%2Fcategories&post=29419"},{"taxonomy":"post_tag","embeddable":true,"href":"https:\/\/eloficiodehistoriar.com.mx\/index.php?rest_route=%2Fwp%2Fv2%2Ftags&post=29419"}],"curies":[{"name":"wp","href":"https:\/\/api.w.org\/{rel}","templated":true}]}}