{"id":29422,"date":"2022-09-25T17:23:07","date_gmt":"2022-09-25T23:23:07","guid":{"rendered":"https:\/\/eloficiodehistoriar.com.mx\/?p=29422"},"modified":"2022-09-25T17:23:07","modified_gmt":"2022-09-25T23:23:07","slug":"en-coatepec-pueblo-magico-fue-el-escenario-de-la-musica-jarocha","status":"publish","type":"post","link":"https:\/\/eloficiodehistoriar.com.mx\/?p=29422","title":{"rendered":"En Coatepec, pueblo m\u00e1gico, fue el escenario de la m\u00fasica jarocha"},"content":{"rendered":"<div>\n<h1 class=\"title\">Cuarta edici\u00f3n del Jaroch\u00f3dromo en Coatepec, un \u00e9xito<\/h1>\n<\/div>\n<h3 class=\"subtitle\">El primer cuadro del Pueblo m\u00e1gico fue el escenario en el que participantes de todas las edades danzaron con la m\u00fasica jarocha<\/h3>\n<p>La cuarta edici\u00f3n del Jaroch\u00f3dromo, realizada en el Pueblo M\u00e1gico de Coatepec fue todo un \u00e9xito<\/p>\n<div id=\"affix-share\" class=\"sharing-menu affix\">\n<ul>\n<li>Itzel Molina<\/li>\n<li>Diario de Xalapa<\/li>\n<\/ul>\n<\/div>\n<div class=\"content-body clearfix \">\n<div id=\"content-body-225-8941006\">\n<p>Xalapa, Ver.-<\/p>\n<p><b>La cuarta edici\u00f3n del Jaroch\u00f3dromo,\u00a0<\/b>realizada en el\u00a0<b>Pueblo M\u00e1gico de Coatepec<\/b>\u00a0fue todo un \u00e9xito. Este evento, que fue suspendido por dos a\u00f1os debido a la pandemia, era esperado por personas de todas las edades.<\/p>\n<p>El vaiv\u00e9n de las faldas que al vuelo que entusiasmaron a los asistentes, el zapateo que sonaba al comp\u00e1s de las palmas y el sonar de las arpas emocionaron a personas de todas las edades.<\/p>\n<\/div>\n<\/div>\n<div class=\"advertisment \">\n<div id=\"dfp-nota-1x3s\" data-google-query-id=\"CPnA8tiIsfoCFSTx9QIdIv4EsQ\">\n<div id=\"google_ads_iframe_\/2000002\/diariodexalapa\/mexico_nota_1x3_0__container__\"><b>primer cuadro del Pueblo m\u00e1gico fue el escenario en el que m\u00e1s de 750 participantes danzaran<\/b>\u00a0con la m\u00fasica jarocha interpretada por el grupo Tlen Huicani de la Universidad Veracruzana; as\u00ed como de grupos de arpistas que fueron colocados en algunas esquinas alrededor del parque Miguel Hidalgo.<\/div>\n<\/div>\n<\/div>\n<article class=\"content-continued-body clearfix \">\n<div id=\"content-body-5851641-8941006\">\n<p>Este evento se caracteriza por ser un recorrido danc\u00edstico, es decir, que los grupos van bailando al tiempo que van pasando por la calle.<\/p>\n<p>Las notas de musicales emanadas del arpa fueron el sonido que deton\u00f3 el inicio de este evento que reuni\u00f3 a cientos de visitantes locales, estatales, nacionales y extranjeros.<\/p>\n<p><b>Jarochos y jarochas de todas las edades llegaron hasta el centro de Coatepec<\/b>\u00a0para ser part\u00edcipes de esta actividad que, adem\u00e1s de ser parte de las actividades de Festival Cultural Internacional \u201cSan Jer\u00f3nimo\u201d, tiene por objetivo reconocer y hacer visibles las ra\u00edces veracruzanas.<\/p>\n<p>Quienes m\u00e1s llamaron la atenci\u00f3n y causaron los aplausos de los asistentes fueron los grupos de danza con integrantes de edades desde los tres a\u00f1os de edad.<\/p>\n<div class=\"local\nmedia \"><\/p>\n<div class=\"teaser \">\n<div class=\"img-container picture\">\n<div id=\"standard_9\" class=\"st-placement standard_9 inImageRestricted\">\n<div class=\"st-adunit st-adunit-tagged st-reset st-show\"><\/div>\n<\/div>\n<div class=\"picture-caption\n\"><\/p>\n<h4>Jarochos y jarochas de todas las edades llegaron hasta el centro de Coatepec para ser part\u00edcipes de esta actividad \/ Foto: David Bello | Diario de Xalapa<\/h4>\n<\/div>\n<\/div>\n<\/div>\n<\/div>\n<p><b>Sin embargo, tambi\u00e9n fueron aplaudidos los adultos mayores que con gracia y alegr\u00eda decidieron ser part\u00edcipes de este festejo.<\/b><\/p>\n<p>Las calles ubicadas alrededor del parque Miguel Hidalgo y la parroquia de San Jer\u00f3nimo fueron el escenario para la realizaci\u00f3n de este baile multitudinario que se pudo admirar desde las banquetas, balcones, restaurantes y cafeter\u00edas.<\/p>\n<p>Los jarochos llegaron a la cita vistiendo el traje caracter\u00edstico y con un letrero que usaron para dar a conocer a los presentes el nombre del grupo al que pertenec\u00edan.<\/p>\n<p>Las mujeres, por su parte, portaron el atuendo blanco que luc\u00eda con el delantal negro con flores multicolores, abanicos, listones rojos, paliacate, collares y calzado de tac\u00f3n.<\/p>\n<p>En la cabeza,<b>\u00a0las jarochas portaban trenzas y peinetas con grandes flores rojas<\/b>, rosadas y amarillas con las que resaltaban su belleza que era evidente a la luz del sol.<\/p>\n<p>La mayor\u00eda de los participantes son de la capital veracruzana y de Coatepec, pero tambi\u00e9n se cont\u00f3 con grupos y m\u00fasicos de Perote, La Antigua, Jilotepec y algunos solistas del puerto de Veracruz\/<\/p>\n<p>Los jarochos mostraron su traje con elegancia. La guayabera, el pantal\u00f3n, el paliacate rojo, el sombrero y el calzado blanco fueron portados con orgullo por cada uno de los bailarines.<\/p>\n<p>En la invitaci\u00f3n que se hizo al p\u00fablico se indica que los asistentes pod\u00edan ir vestidos con estos atuendos, por lo que muchos de los visitantes y coatepecanos se pusieron este traje de gala o bien, portaron alguna de las piezas que lo integran.<\/p>\n<h2><b>\u00bfCu\u00e1ntas personas participaron en la<\/b>\u00a0<b>cuarta edici\u00f3n del Jaroch\u00f3dromo?<\/b><\/h2>\n<p><b>Ra\u00fal Monge Alarc\u00f3n, integrante del Comit\u00e9 Organizador<\/b>\u00a0dio a conocer que de manera oficial se inscribieron 40 agrupaciones con un total de 750 participantes.<\/p>\n<p>\u201cTuvimos un conglomerado de 50 m\u00fasicos en cuatro tarimas, la idea principal es que la poblaci\u00f3n venga a disfrutar, participe y haya recreaci\u00f3n cultural, adem\u00e1s de que los grupos muestren sus avances\u201d, dijo.<\/p>\n<p><b>Recuerda que este evento masivo<\/b>\u00a0fue cancelado durante los dos a\u00f1os de pandemia; sin embargo, a partir de este 2022 se pretende realizar anualmente.<\/p>\n<p>Destaca que la mayor\u00eda de los participantes son de la capital veracruzana y de Coatepec, pero tambi\u00e9n se cont\u00f3 con grupos y m\u00fasicos de Perote, La Antigua, Jilotepec y algunos solistas del puerto de Veracruz.<\/p>\n<div class=\"local\nmedia \"><\/p>\n<div class=\"teaser \">\n<div class=\"img-container picture\">\n<div id=\"standard_11\" class=\"st-placement standard_11 inImage\">\n<div class=\"st-adunit st-adunit-tagged st-reset st-show\">Se tuvo participaci\u00f3n de menores desde los tres a\u00f1os hasta personas de la tercera edad que decidieron sumarse al proyecto, ya que existe amplio inter\u00e9s por colaborar con la cultura veracruzana\/<\/div>\n<\/div>\n<\/div>\n<\/div>\n<\/div>\n<p>Manifesta que se tuvo participaci\u00f3n de menores desde los tres a\u00f1os hasta personas de la tercera edad que decidieron sumarse al proyecto, ya que existe amplio inter\u00e9s por colaborar con la cultura veracruzana.<\/p>\n<p>\u201cSe trata de la apreciaci\u00f3n de la cultura veracruzana, de nuestra identidad y de lo que sentimos como folcloristas y es enviar un mensaje de paz a trav\u00e9s de estas actividades culturales en un mundo donde todo es m\u00e1s complejo, hay violencia los ni\u00f1os y los j\u00f3venes se dedican a la cultura y lo hacen bien, adem\u00e1s de que es una estrategia de reactivaci\u00f3n econ\u00f3mica\u201d, comenta.<\/p>\n<\/div>\n<\/article>\n","protected":false},"excerpt":{"rendered":"<p>Cuarta edici\u00f3n del Jaroch\u00f3dromo en Coatepec, un \u00e9xito El primer cuadro del Pueblo m\u00e1gico fue el escenario en el que participantes de todas las edades danzaron con la m\u00fasica jarocha La cuarta edici\u00f3n del Jaroch\u00f3dromo, realizada en el Pueblo M\u00e1gico de Coatepec fue todo un \u00e9xito Itzel Molina Diario de Xalapa Xalapa, Ver.- La cuarta [&hellip;]<\/p>\n","protected":false},"author":249,"featured_media":29423,"comment_status":"open","ping_status":"closed","sticky":false,"template":"","format":"standard","meta":{"footnotes":""},"categories":[26],"tags":[],"class_list":["post-29422","post","type-post","status-publish","format-standard","has-post-thumbnail","hentry","category-mundo"],"_links":{"self":[{"href":"https:\/\/eloficiodehistoriar.com.mx\/index.php?rest_route=\/wp\/v2\/posts\/29422","targetHints":{"allow":["GET"]}}],"collection":[{"href":"https:\/\/eloficiodehistoriar.com.mx\/index.php?rest_route=\/wp\/v2\/posts"}],"about":[{"href":"https:\/\/eloficiodehistoriar.com.mx\/index.php?rest_route=\/wp\/v2\/types\/post"}],"author":[{"embeddable":true,"href":"https:\/\/eloficiodehistoriar.com.mx\/index.php?rest_route=\/wp\/v2\/users\/249"}],"replies":[{"embeddable":true,"href":"https:\/\/eloficiodehistoriar.com.mx\/index.php?rest_route=%2Fwp%2Fv2%2Fcomments&post=29422"}],"version-history":[{"count":1,"href":"https:\/\/eloficiodehistoriar.com.mx\/index.php?rest_route=\/wp\/v2\/posts\/29422\/revisions"}],"predecessor-version":[{"id":29424,"href":"https:\/\/eloficiodehistoriar.com.mx\/index.php?rest_route=\/wp\/v2\/posts\/29422\/revisions\/29424"}],"wp:featuredmedia":[{"embeddable":true,"href":"https:\/\/eloficiodehistoriar.com.mx\/index.php?rest_route=\/wp\/v2\/media\/29423"}],"wp:attachment":[{"href":"https:\/\/eloficiodehistoriar.com.mx\/index.php?rest_route=%2Fwp%2Fv2%2Fmedia&parent=29422"}],"wp:term":[{"taxonomy":"category","embeddable":true,"href":"https:\/\/eloficiodehistoriar.com.mx\/index.php?rest_route=%2Fwp%2Fv2%2Fcategories&post=29422"},{"taxonomy":"post_tag","embeddable":true,"href":"https:\/\/eloficiodehistoriar.com.mx\/index.php?rest_route=%2Fwp%2Fv2%2Ftags&post=29422"}],"curies":[{"name":"wp","href":"https:\/\/api.w.org\/{rel}","templated":true}]}}