{"id":29426,"date":"2022-09-26T11:42:15","date_gmt":"2022-09-26T17:42:15","guid":{"rendered":"https:\/\/eloficiodehistoriar.com.mx\/?p=29426"},"modified":"2022-09-26T11:42:15","modified_gmt":"2022-09-26T17:42:15","slug":"con-asistencia-de-280-mil-personas-el-grupo-firme-en-el-zocalo-grescas-asfixias-y-desmayos","status":"publish","type":"post","link":"https:\/\/eloficiodehistoriar.com.mx\/?p=29426","title":{"rendered":"Con asistencia de 280 mil personas, el Grupo Firme en el Z\u00f3calo; grescas, asfixias y desmayos."},"content":{"rendered":"<div id=\"article-cont\" class=\"main-cont article-cont actuality\">\n<div class=\"cabeza\">Desbord\u00f3 \u00e1nimos la expectaci\u00f3n desatada por ver al Grupo Firme<\/div>\n<div class=\"sumarios\">\n<p>Hubo portazo y ri\u00f1as entre fans y polic\u00edas \/\/ Reportan asistencia r\u00e9cord de 280 mil personas al Z\u00f3calo<\/p>\n<\/div>\n<div id=\"article-text\" class=\"text tbl-forkorts-article\">\n<div class=\"foto\">\n<div class=\"pie-foto\">Al ser gratuito, cientos de seguidores del Grupo Firme se congregaron desde el s\u00e1bado en el Z\u00f3calo para tener el mejor lugar.<\/div>\n<div><\/div>\n<\/div>\n<div class=\"col\">\n<div class=\"credito-autor\">Sandra Hern\u00e1ndez Garc\u00eda y Laura G\u00f3mez Flores<\/div>\n<div class=\"credito-titulo\"><\/div>\n<div class=\"hemero\">La Jornada<\/p>\n<\/div>\n<p class=\"s-s\">Con un r\u00e9cord de asistencia de 280 mil personas, ayer se present\u00f3 el Grupo Firme en el Z\u00f3calo de la Ciudad de M\u00e9xico, donde ocurri\u00f3 un portazo, grescas entre fan\u00e1ticos y polic\u00edas, y donde algunas personas tuvieron que ser sacadas por riesgo de asfixia y desmayo.<\/p>\n<p>Desde el s\u00e1bado, muchos seguidores del grupo se formaron para ingresar al concierto por las avenidas 20 de Noviembre y Pino Su\u00e1rez.<\/p>\n<p>Un total de 2 mil 810 elementos de la Secretar\u00eda de Seguridad Ciudadana (SSC) fueron desplegados para resguardar la integridad de los asistentes. No obstante, cerca de las 11 de la ma\u00f1ana cientos de personas rompieron el cerco de seguridad instalado en las calles aleda\u00f1as al Z\u00f3calo y corrieron a toda velocidad por la plancha hacia el escenario.<\/p>\n<p>A las 14 horas se abrieron los accesos a la plancha; el personal de la SSC asignado a los filtros de seguridad revis\u00f3 mochilas, bolsas y hasta pa\u00f1aleras para evitar el ingreso de armas, pirotecnia y bebidas alcoh\u00f3licas.<\/p>\n<p>Algunos trataron de sorprenderlos introduciendo cervezas o botellas de tequila, mismas que detectaron en las revisiones y las colocaron en cajas de cart\u00f3n; sin embargo, hubo quienes s\u00ed lograron su objetivo.<\/p>\n<p>Poco antes del inicio del concierto \u2013que comenz\u00f3 poco despu\u00e9s de las 20 horas\u2013 una mujer y cuatro ni\u00f1os fueron sacados por polic\u00edas, ante el riesgo de sufrir asfixia por los empujones que se registraron cerca del escenario; param\u00e9dicos trasladaron a un hospital a una persona al sufrir un infarto, y otros uniformados impidieron el acceso a la plancha, lo que provoc\u00f3 la molestia de quienes iban llegando.<\/p>\n<p>Ante la multitud, los integrantes de la banda llamaron a los asistentes a no empujarse. Incluso, en pleno concierto el l\u00edder de la banda, Eduin Caz, pidi\u00f3 apoyo para trasladar a una persona que se hab\u00eda desmayado. En total, 215 personas fueron atendidas por param\u00e9dicos del Escuadr\u00f3n de Rescate y Urgencias M\u00e9dicas (ERUM).<\/p>\n<p>En tanto, entre las calles Rep\u00fablica de El Salvador y 5 de Febrero se registraron empujones entre elementos de la polic\u00eda y asistentes al Z\u00f3calo.<\/p>\n<\/div>\n<\/div>\n<div class=\"go gui\">\n<div class=\"go-next\"><\/div>\n<div class=\"go-up\"><\/div>\n<\/div>\n<\/div>\n<div id=\"taboola-below-content-thumbnails\" class=\" trc_related_container trc_spotlight_widget tbl-feed-container tbl-feed-frame-DIVIDER  render-late-effect\" data-feed-container-num=\"1\" data-feed-main-container-id=\"taboola-below-content-thumbnails\" data-parent-placement-name=\"Below Content Thumbnails\" data-pub-lang=\"es\">\n<div class=\" tbl-feed-header tbl-logo-right-position\">\n<div class=\"tbl-feed-header-logo\"><\/div>\n<\/div>\n<div id=\"taboola-below-content-thumbnails-pl1\" class=\" trc_related_container trc_spotlight_widget trc_elastic trc_elastic_organic-thumbs-feed-02  tbl-feed-card \" data-card-index=\"1\" data-batch-num=\"1\" data-placement-name=\"Below Content Thumbnails | Card 1\">\n<div class=\"trc_rbox_container\">\n<div>\n<div id=\"trc_wrapper_186\" class=\"trc_rbox organic-thumbs-feed-02 trc-content-organic \">\n<div id=\"outer_186\" class=\"trc_rbox_outer\">\n<div id=\"rbox-t2v\" class=\"trc_rbox_div trc_rbox_border_elm\">\n<div id=\"internal_trc_186\">\n<div class=\"videoCube trc_spotlight_item origin-undefined thumbnail_top textItem videoCube_1_child trc-first-recommendation trc-spotlight-first-recommendation  trc_excludable \" data-item-id=\"8461014588886889647\" data-item-title=\"Reportan ri\u00f1a de mujeres en l\u00ednea 9 del Metro de la CDMX\" data-item-thumb=\"https:\/\/www.jornada.com.mx\/ultimas\/2022\/09\/13\/reportan-rina-de-mujeres-en-linea-9-del-metro-de-la-cdmx-6282.html\/captura-de-pantalla-2022-09-13-a-la-s-18-06-29.png-9278.html\/image_large?bc=2022-09-13T18:12:17-05:00\" data-item-syndicated=\"false\">\n<div class=\"thumbBlock_holder\"><\/div>\n<\/div>\n<\/div>\n<\/div>\n<\/div>\n<\/div>\n<\/div>\n<\/div>\n<\/div>\n<\/div>\n","protected":false},"excerpt":{"rendered":"<p>Desbord\u00f3 \u00e1nimos la expectaci\u00f3n desatada por ver al Grupo Firme Hubo portazo y ri\u00f1as entre fans y polic\u00edas \/\/ Reportan asistencia r\u00e9cord de 280 mil personas al Z\u00f3calo Al ser gratuito, cientos de seguidores del Grupo Firme se congregaron desde el s\u00e1bado en el Z\u00f3calo para tener el mejor lugar. Sandra Hern\u00e1ndez Garc\u00eda y Laura [&hellip;]<\/p>\n","protected":false},"author":249,"featured_media":29427,"comment_status":"open","ping_status":"closed","sticky":false,"template":"","format":"standard","meta":{"footnotes":""},"categories":[26],"tags":[],"class_list":["post-29426","post","type-post","status-publish","format-standard","has-post-thumbnail","hentry","category-mundo"],"_links":{"self":[{"href":"https:\/\/eloficiodehistoriar.com.mx\/index.php?rest_route=\/wp\/v2\/posts\/29426","targetHints":{"allow":["GET"]}}],"collection":[{"href":"https:\/\/eloficiodehistoriar.com.mx\/index.php?rest_route=\/wp\/v2\/posts"}],"about":[{"href":"https:\/\/eloficiodehistoriar.com.mx\/index.php?rest_route=\/wp\/v2\/types\/post"}],"author":[{"embeddable":true,"href":"https:\/\/eloficiodehistoriar.com.mx\/index.php?rest_route=\/wp\/v2\/users\/249"}],"replies":[{"embeddable":true,"href":"https:\/\/eloficiodehistoriar.com.mx\/index.php?rest_route=%2Fwp%2Fv2%2Fcomments&post=29426"}],"version-history":[{"count":1,"href":"https:\/\/eloficiodehistoriar.com.mx\/index.php?rest_route=\/wp\/v2\/posts\/29426\/revisions"}],"predecessor-version":[{"id":29428,"href":"https:\/\/eloficiodehistoriar.com.mx\/index.php?rest_route=\/wp\/v2\/posts\/29426\/revisions\/29428"}],"wp:featuredmedia":[{"embeddable":true,"href":"https:\/\/eloficiodehistoriar.com.mx\/index.php?rest_route=\/wp\/v2\/media\/29427"}],"wp:attachment":[{"href":"https:\/\/eloficiodehistoriar.com.mx\/index.php?rest_route=%2Fwp%2Fv2%2Fmedia&parent=29426"}],"wp:term":[{"taxonomy":"category","embeddable":true,"href":"https:\/\/eloficiodehistoriar.com.mx\/index.php?rest_route=%2Fwp%2Fv2%2Fcategories&post=29426"},{"taxonomy":"post_tag","embeddable":true,"href":"https:\/\/eloficiodehistoriar.com.mx\/index.php?rest_route=%2Fwp%2Fv2%2Ftags&post=29426"}],"curies":[{"name":"wp","href":"https:\/\/api.w.org\/{rel}","templated":true}]}}