{"id":29438,"date":"2022-09-26T12:08:39","date_gmt":"2022-09-26T18:08:39","guid":{"rendered":"https:\/\/eloficiodehistoriar.com.mx\/?p=29438"},"modified":"2022-09-26T12:08:39","modified_gmt":"2022-09-26T18:08:39","slug":"en-los-ochenta-fue-cuando-el-joven-eduardo-llerenas-tomo-una-decision-de-viajar-para-grabar-sones","status":"publish","type":"post","link":"https:\/\/eloficiodehistoriar.com.mx\/?p=29438","title":{"rendered":"En los ochenta fue cuando el joven Eduardo Llerenas, tom\u00f3 una decisi\u00f3n de viajar para grabar  sones"},"content":{"rendered":"<div id=\"portal-columns\" class=\"row\">\n<div id=\"portal-column-content\" class=\"cell width-full position-0\">\n<div class=\"\">\n<div id=\"content\">\n<article id=\"article\" class=\"row\">\n<div class=\"col-md-8\">\n<h1 class=\"ljs-merri\">Bemol sostenido<\/h1>\n<p><span class=\"sem-autor\">Alonso Arreola <\/span><\/p>\n<div id=\"carouselSemControls\" class=\"carousel slide\" data-ride=\"carousel\">\n<div class=\"carousel-inner\">\n<div class=\"carousel-item active\">\n<div class=\"ljs-nota-img\">\n<p class=\"ljs-nota-pie\">De coraz\u00f3n a Coras\u00f3n<\/p>\n<\/div>\n<\/div>\n<\/div>\n<\/div>\n<div class=\"ljs-nota-cuerpo\">\n<p>&nbsp;<\/p>\n<p>La \u00faltima vez que vimos a Eduardo Llerenas, recientemente fallecido, fue en un concierto privado que ofreci\u00f3 para compartir la m\u00fasica de algunos grupos vinculados a su cat\u00e1logo y al Festival Cervantino. Fue hace unos tres a\u00f1os, creemos. Hablamos poco. Lo vimos bien. Estaba alegre. A su lado, por supuesto, sobrevolaba la sonriente Mary Farquharson, pareja y c\u00f3mplice de vida. Con ella fund\u00f3, hace treinta a\u00f1os, Discos Coras\u00f3n, una de las aventuras sonoras m\u00e1s importantes del continente.<\/p>\n<p>Todo comenz\u00f3 a inicios de los ochenta cuando el joven Llerenas, maestro de qu\u00edmica en Ciudad de M\u00e9xico, tom\u00f3 una decisi\u00f3n trascendental al lado de su colega, el tambi\u00e9n cient\u00edfico (matem\u00e1tico) Enrique Ram\u00edrez. Se sumar\u00eda a la iniciativa trashumante de Beno Lieberman, conocido folclorista que viajaba por el pa\u00eds durante los fines de semana para grabar en cinta magn\u00e9tica la mayor cantidad de sones posible.<\/p>\n<p>De ese esfuerzo sin parang\u00f3n se desprende la m\u00edtica colecci\u00f3n\u00a0<i>Antolog\u00eda del son de M\u00e9xico<\/i>. \u00bfLa recuerda nuestra lectora, lector? \u00bfEsos discos, cuyas portadas ten\u00edan fotos en color verde y anaranjado con la tipograf\u00eda crecida al centro, y que luego fueron reeditados en tres ced\u00e9s? (Es momento de buscarlos en plataformas y ponerlos de fondo. Aqu\u00ed esperamos. \u00bfYa? Bien.) Su clasificaci\u00f3n nos lleva finamente a Tierra Caliente, Jalisco y R\u00edo Verde; a Tixtla, Costa Chica, al Istmo y a Veracruz; a la Huasteca. Es una maravilla.<\/p>\n<p>Luego de eso vendr\u00edan, de manera natural y al paso de los a\u00f1os, otras muchas grabaciones de campo en Centro y Sudam\u00e9rica; tambi\u00e9n la publicaci\u00f3n de artistas africanos, balc\u00e1nicos, asi\u00e1ticos; la producci\u00f3n de conciertos en los mayores festivales y foros de M\u00e9xico. El sello Coras\u00f3n crecer\u00eda org\u00e1nicamente siguiendo la intuici\u00f3n, el cari\u00f1o genuino de sus due\u00f1os. As\u00ed lo atestiguamos desde finales de los noventa, cuando comenzamos a escribir para espacios musicales y nos acercamos a ellos.<\/p>\n<p>\u201cNosotros grabamos el primer disco de El\u00edades Ochoa y el \u00faltimo de Chavela Vargas\u201d, ha dicho Mary en algunas entrevistas. Y s\u00ed. En una frase como \u00e9sa vemos la relevancia de su trabajo al lado de Llerenas; la claridad de su curadur\u00eda y el olfato hist\u00f3rico que los posicion\u00f3 al centro de distintos \u201cdespertares\u201d geogr\u00e1ficos cuando la globalizaci\u00f3n a\u00fan nos conectaba. Hablamos de antes de la distribuci\u00f3n digital que no s\u00f3lo transform\u00f3 a la industria, sino al propio trabajo de composici\u00f3n y grabaci\u00f3n; de antes de que se perdiera el contacto directo, contextual, por el que tanto trabaj\u00f3 gente como Eduardo.<\/p>\n<p>El m\u00e1s significativo de esos despertares fue, sin duda, el que llevaran a cabo junto al m\u00fasico y productor ingl\u00e9s Nick Gold, con quien Farquharson creara el sello World Circuit. Trabajando con \u00e9l y con Ry Cooder surgi\u00f3 una grabaci\u00f3n parteaguas para la m\u00fasica cubana:\u00a0<i>Buena Vista Social Club<\/i>. \u00bfC\u00f3mo se vincularon al proyecto? Llerenas lleg\u00f3 a La Habana con piezas de rescate cuando a Gold se le descompuso una grabadora de los estudios Egrem. Desde ese momento Coras\u00f3n formar\u00eda parte de un fen\u00f3meno mundial inigualable y ser\u00eda uno de sus principales distribuidores.<\/p>\n<p>Para conocer a fondo esta historia puede ir en busca del video\u00a0<i>Buena Vista Social Club en M\u00e9xico<\/i>. All\u00ed, en Youtube, ver\u00e1 la conversaci\u00f3n de Mary con Gold por el 25 aniversario del disco, acompa\u00f1ados por Llerenas y amigos notables, como el periodista \u00d3scar Sarquiz (quien por cierto acaba de dedicarle una emisi\u00f3n completa de su programa radiof\u00f3nico\u00a0<i>Migrante<\/i>\u00a0a su extinto amigo). No hay mejor registro para enterarse de las historias que nutrieron esta grabaci\u00f3n del propio El\u00edades Ochoa con Ibrahim Ferrer, Omara Portuondo, Compay Segundo y Rub\u00e9n Gonz\u00e1lez, entre otros.<\/p>\n<p>Gracias, pues, Eduardo, por tu trabajo y dedicaci\u00f3n. Gracias por tu trato y educaci\u00f3n. Gracias por facilitar aquel d\u00eda que pasamos al lado de Cacha\u00edto y Ang\u00e1 en el Centro Hist\u00f3rico. Buen tr\u00e1nsito al otro lado. Abrazo Mary, de coraz\u00f3n a Coras\u00f3n. Buen domingo. Buena semana. Buenos sonidos.<\/p>\n<p>&nbsp;<\/p>\n<\/div>\n<\/div>\n<div class=\"col-md-4\">\n<div><\/div>\n<div class=\"publicidad\">\n<div><\/div>\n<\/div>\n<\/div>\n<\/article>\n<\/div>\n<\/div>\n<\/div>\n<\/div>\n<div id=\"portal-footer-wrapper\" class=\"clMain-footer\">\n<div class=\"container\">\n<div class=\"row\">\n<ul class=\"nav nav-footer flex-column flex-lg-row justify-content-md-around col-sm-12\">\n<li class=\"ljn-footer-logo nav-item\"><\/li>\n<\/ul>\n<\/div>\n<\/div>\n<\/div>\n","protected":false},"excerpt":{"rendered":"<p>Bemol sostenido Alonso Arreola De coraz\u00f3n a Coras\u00f3n &nbsp; La \u00faltima vez que vimos a Eduardo Llerenas, recientemente fallecido, fue en un concierto privado que ofreci\u00f3 para compartir la m\u00fasica de algunos grupos vinculados a su cat\u00e1logo y al Festival Cervantino. Fue hace unos tres a\u00f1os, creemos. Hablamos poco. Lo vimos bien. Estaba alegre. A [&hellip;]<\/p>\n","protected":false},"author":249,"featured_media":29439,"comment_status":"open","ping_status":"closed","sticky":false,"template":"","format":"standard","meta":{"footnotes":""},"categories":[26],"tags":[],"class_list":["post-29438","post","type-post","status-publish","format-standard","has-post-thumbnail","hentry","category-mundo"],"_links":{"self":[{"href":"https:\/\/eloficiodehistoriar.com.mx\/index.php?rest_route=\/wp\/v2\/posts\/29438","targetHints":{"allow":["GET"]}}],"collection":[{"href":"https:\/\/eloficiodehistoriar.com.mx\/index.php?rest_route=\/wp\/v2\/posts"}],"about":[{"href":"https:\/\/eloficiodehistoriar.com.mx\/index.php?rest_route=\/wp\/v2\/types\/post"}],"author":[{"embeddable":true,"href":"https:\/\/eloficiodehistoriar.com.mx\/index.php?rest_route=\/wp\/v2\/users\/249"}],"replies":[{"embeddable":true,"href":"https:\/\/eloficiodehistoriar.com.mx\/index.php?rest_route=%2Fwp%2Fv2%2Fcomments&post=29438"}],"version-history":[{"count":1,"href":"https:\/\/eloficiodehistoriar.com.mx\/index.php?rest_route=\/wp\/v2\/posts\/29438\/revisions"}],"predecessor-version":[{"id":29440,"href":"https:\/\/eloficiodehistoriar.com.mx\/index.php?rest_route=\/wp\/v2\/posts\/29438\/revisions\/29440"}],"wp:featuredmedia":[{"embeddable":true,"href":"https:\/\/eloficiodehistoriar.com.mx\/index.php?rest_route=\/wp\/v2\/media\/29439"}],"wp:attachment":[{"href":"https:\/\/eloficiodehistoriar.com.mx\/index.php?rest_route=%2Fwp%2Fv2%2Fmedia&parent=29438"}],"wp:term":[{"taxonomy":"category","embeddable":true,"href":"https:\/\/eloficiodehistoriar.com.mx\/index.php?rest_route=%2Fwp%2Fv2%2Fcategories&post=29438"},{"taxonomy":"post_tag","embeddable":true,"href":"https:\/\/eloficiodehistoriar.com.mx\/index.php?rest_route=%2Fwp%2Fv2%2Ftags&post=29438"}],"curies":[{"name":"wp","href":"https:\/\/api.w.org\/{rel}","templated":true}]}}