{"id":29441,"date":"2022-09-26T12:13:58","date_gmt":"2022-09-26T18:13:58","guid":{"rendered":"https:\/\/eloficiodehistoriar.com.mx\/?p=29441"},"modified":"2022-09-26T12:13:58","modified_gmt":"2022-09-26T18:13:58","slug":"la-productora-guionista-y-directora-elisa-miller","status":"publish","type":"post","link":"https:\/\/eloficiodehistoriar.com.mx\/?p=29441","title":{"rendered":"La productora, guionista y directora Elisa Miller"},"content":{"rendered":"<h1 class=\"ljs-merri\">Cinexcusas<\/h1>\n<p><span class=\"sem-autor\">Luis Tovar <\/span><\/p>\n<div id=\"carouselSemControls\" class=\"carousel slide\" data-ride=\"carousel\">\n<div class=\"carousel-inner\">\n<div class=\"carousel-item active\">\n<div class=\"ljs-nota-img\">\n<p class=\"ljs-nota-pie\">Elisa en los extremos<\/p>\n<\/div>\n<\/div>\n<\/div>\n<\/div>\n<div class=\"ljs-nota-cuerpo\">\n<p>&nbsp;<\/p>\n<p>Nacida hace cuatro d\u00e9cadas en Ciudad de M\u00e9xico, la productora, guionista y directora cinematogr\u00e1fica Elisa Miller egres\u00f3 del Centro de Capacitaci\u00f3n Cinematogr\u00e1fica en 2008, donde se titul\u00f3 con el cortometraje\u00a0<i>Roma<\/i>, que ese mismo a\u00f1o fue reconocido en el Festival de Cine de Morelia y, al siguiente, gan\u00f3 en el guanajuatense Expresi\u00f3n en Corto (hoy GIFF) y recibi\u00f3 el Ariel al mejor cortometraje de ficci\u00f3n. No era nueva en esto de ganarlo todo: su debut como realizadora tuvo lugar dos a\u00f1os atr\u00e1s, en 2006, y result\u00f3 a\u00fan m\u00e1s notable:\u00a0<i>Ver llover<\/i>, otro\u00a0<i>corto<\/i>, fue igualmente premiado en Morelia y con el Ariel en id\u00e9ntica categor\u00eda en 2008, pero m\u00e1s todav\u00eda, para ese entonces Elisa era la primera mexicana en haber obtenido, en 2007 y precisamente por<i>\u00a0Ver llover<\/i>, la Palma de Oro en Cannes al mejor cortometraje.<\/p>\n<p>A sus veintisiete a\u00f1os de edad y apenas con un par de cortometrajes en su haber, Elisa gozaba de un prestigio que a muchos de sus colegas tarda en llegarles o de plano nunca lo hace. Con antecedentes as\u00ed, no cab\u00eda esperar sino grandes cosas de su primer largometraje de ficci\u00f3n; empero, lo que se verific\u00f3 fue m\u00e1s bien decepcionante, incluso a pesar de los \u2013ya no tantos\u2013 reconocimientos tambi\u00e9n obtenidos:\u00a0<i>Vete m\u00e1s lejos, Alicia<\/i>, de 2010, llam\u00e9mosle un casilargometraje por sus apenas sesenta y siete minutos de duraci\u00f3n, el cual una vez m\u00e1s Elisa escribi\u00f3, produjo y dirigi\u00f3, es uno de los ejemplos m\u00e1s acabados de esa inercia f\u00edlmica, esa moda de los primeros a\u00f1os dos mil que so\u00f1aba con ser tendencia y no lleg\u00f3 ni a estilo, que algunos denominamos \u201ccine de nuca contemplativa\u201d, esencialmente caracterizado por dos elementos: un moroso y sopor\u00edfero preciosismo visual, un argumento claramente an\u00e9mico y una trama que no alcanza a merecer el nombre.<\/p>\n<p>Lo siguiente en la filmograf\u00eda de Elisa fue su segundo largo de ficci\u00f3n, titulado\u00a0<i>El placer es m\u00edo\u00a0<\/i>(2015), de su autor\u00eda guion\u00edstica pero ya no producido por ella. Para decirlo de manera sucinta, sin ser otro ejemplo de nuca contemplativa y aun teniendo algo m\u00e1s de miga argumental \u2013centrada en la sexualidad medio enfermiza y claustrof\u00f3bica de una pareja heterosexual\u2013, el filme tiene m\u00e1s afinidad con eso que todav\u00eda suele considerarse cine de autor o \u201cde arte\u201d que con aquello claramente identificado con su opuesto, es decir, el cine llamado comercial, finsemanero o \u201cde palomitas\u201d.<\/p>\n<p>&nbsp;<\/p>\n<p><b>El caballo y el burro<\/b><\/p>\n<p>Si esa divisi\u00f3n entre dos tipos de cine todav\u00eda tiene validez y se traslada metaf\u00f3ricamente a la imagen de una calle, es como si de plano Elisa se hubiera pasado a la banqueta de enfrente, pues sus cuarenta a\u00f1os de edad y diecis\u00e9is como realizadora est\u00e1 cumpli\u00e9ndolos con un filme que, vistos sus antecedentes creativos, nadie dir\u00eda que fue dirigido por ella:\u00a0<i>\u00bfQu\u00e9 culpa tiene el karma?<\/i>, escrita por Fernanda Eguiarte y Marcelo Tobar, adaptada \u2013o, como a veces y chocantemente se dice, \u201ctropicalizada\u201d\u2013 a partir de una producci\u00f3n previa hecha en otro pa\u00eds, no es sino un cat\u00e1logo absoluto y sin fisuras de crasa estolidez f\u00edlmica, se le vea por donde se le vea.<\/p>\n<p>Jam\u00e1s ser\u00e1 lo mismo, por ejemplo, dirigir a una actriz como Sof\u00eda Espinosa \u2013<i>Ver llover<\/i>,\u00a0<i>Vete m\u00e1s lejos, Alicia<\/i>\u2013, que lidiar con la eg\u00f3latra obsesi\u00f3n por su propia imagen de personas como Aislinn Derbez y Renata Notni; nunca ser\u00e1 lo mismo ir a la Patagonia e intentar \u2013que se logre y c\u00f3mo es otra cosa, pero al menos intentar\u2013 plasmar en im\u00e1genes el mundo interior de una mujer solitaria de pensamientos reconcentrados, o los conflictos de pareja de un hombre y una mujer desesperados de s\u00ed mismos, que desgajar, a punta de cancioncitas de romanticismo pueril e ideas manidas de lo que el amor es, el muy retr\u00f3grada convencionalismo seg\u00fan el cual la \u201crealizaci\u00f3n\u201d de toda mujer, sea farandulera famosa, sea dise\u00f1adora de modas discreta, sensible y t\u00edmida, o mujer madura, consiste \u00a1en tener pareja y casarse!<\/p>\n<p>Para su fortuna, f\u00edlmicamente a Elisa le queda mucho margen, al menos cronol\u00f3gico, para dejarse de extremismos y no cuadrar perfectamente en un dicho de mi abuela: \u201ctiene salir de caballo y llegar de burro\u201d<\/p>\n<p>&nbsp;<\/p>\n<\/div>\n","protected":false},"excerpt":{"rendered":"<p>Cinexcusas Luis Tovar Elisa en los extremos &nbsp; Nacida hace cuatro d\u00e9cadas en Ciudad de M\u00e9xico, la productora, guionista y directora cinematogr\u00e1fica Elisa Miller egres\u00f3 del Centro de Capacitaci\u00f3n Cinematogr\u00e1fica en 2008, donde se titul\u00f3 con el cortometraje\u00a0Roma, que ese mismo a\u00f1o fue reconocido en el Festival de Cine de Morelia y, al siguiente, gan\u00f3 [&hellip;]<\/p>\n","protected":false},"author":249,"featured_media":29442,"comment_status":"open","ping_status":"closed","sticky":false,"template":"","format":"standard","meta":{"footnotes":""},"categories":[26],"tags":[],"class_list":["post-29441","post","type-post","status-publish","format-standard","has-post-thumbnail","hentry","category-mundo"],"_links":{"self":[{"href":"https:\/\/eloficiodehistoriar.com.mx\/index.php?rest_route=\/wp\/v2\/posts\/29441","targetHints":{"allow":["GET"]}}],"collection":[{"href":"https:\/\/eloficiodehistoriar.com.mx\/index.php?rest_route=\/wp\/v2\/posts"}],"about":[{"href":"https:\/\/eloficiodehistoriar.com.mx\/index.php?rest_route=\/wp\/v2\/types\/post"}],"author":[{"embeddable":true,"href":"https:\/\/eloficiodehistoriar.com.mx\/index.php?rest_route=\/wp\/v2\/users\/249"}],"replies":[{"embeddable":true,"href":"https:\/\/eloficiodehistoriar.com.mx\/index.php?rest_route=%2Fwp%2Fv2%2Fcomments&post=29441"}],"version-history":[{"count":1,"href":"https:\/\/eloficiodehistoriar.com.mx\/index.php?rest_route=\/wp\/v2\/posts\/29441\/revisions"}],"predecessor-version":[{"id":29443,"href":"https:\/\/eloficiodehistoriar.com.mx\/index.php?rest_route=\/wp\/v2\/posts\/29441\/revisions\/29443"}],"wp:featuredmedia":[{"embeddable":true,"href":"https:\/\/eloficiodehistoriar.com.mx\/index.php?rest_route=\/wp\/v2\/media\/29442"}],"wp:attachment":[{"href":"https:\/\/eloficiodehistoriar.com.mx\/index.php?rest_route=%2Fwp%2Fv2%2Fmedia&parent=29441"}],"wp:term":[{"taxonomy":"category","embeddable":true,"href":"https:\/\/eloficiodehistoriar.com.mx\/index.php?rest_route=%2Fwp%2Fv2%2Fcategories&post=29441"},{"taxonomy":"post_tag","embeddable":true,"href":"https:\/\/eloficiodehistoriar.com.mx\/index.php?rest_route=%2Fwp%2Fv2%2Ftags&post=29441"}],"curies":[{"name":"wp","href":"https:\/\/api.w.org\/{rel}","templated":true}]}}