{"id":29454,"date":"2022-09-27T12:48:35","date_gmt":"2022-09-27T18:48:35","guid":{"rendered":"https:\/\/eloficiodehistoriar.com.mx\/?p=29454"},"modified":"2022-09-27T12:48:35","modified_gmt":"2022-09-27T18:48:35","slug":"la-camara-de-diputados-aprobo-la-desaparicion-del-horario-de-verano","status":"publish","type":"post","link":"https:\/\/eloficiodehistoriar.com.mx\/?p=29454","title":{"rendered":"la C\u00e1mara de Diputados aprob\u00f3 la desaparici\u00f3n del horario de verano,"},"content":{"rendered":"<div id=\"article-cont\" class=\"main-cont article-cont actuality\">\n<div class=\"cabeza\">Comisi\u00f3n de San L\u00e1zaro avala eliminar el horario de verano<\/div>\n<div class=\"sumarios\"><\/div>\n<div id=\"article-text\" class=\"text\">\n<div class=\"col col1\">\n<div class=\"credito-autor\">Enrique M\u00e9ndez<\/div>\n<div class=\"credito-titulo\"><\/div>\n<div class=\"hemero\">La Jornada<\/p>\n<\/div>\n<p class=\"s-s\">Al considerar que el ahorro en el consumo de electricidad y de las familias por el pago de recibos ha sido m\u00ednimo, en contraste con los efectos negativos en la salud f\u00edsica y mental de las personas, la Comisi\u00f3n de Energ\u00eda de la C\u00e1mara de Diputados aprob\u00f3 la desaparici\u00f3n del horario de verano, pero precis\u00f3 que se mantendr\u00e1 en los municipios de la frontera norte, a fin de continuar la integraci\u00f3n social y econ\u00f3mica con Estados Unidos.<\/p>\n<p>Durante la discusi\u00f3n del dictamen, que se examinar\u00e1 en la sesi\u00f3n del mi\u00e9rcoles, Morena y sus aliados resaltaron que en 2021 el ahorro de energ\u00eda durante el horario de verano represent\u00f3 apenas 0.16 por ciento del consumo nacional y que el ahorro para el gobierno federal equivale s\u00f3lo a 76.8 millones de pesos, es decir, que el impacto para el erario es muy reducido.<\/p>\n<p>El horario de verano est\u00e1 vigente en M\u00e9xico desde el gobierno de Ernesto Zedillo. El diputado Reginaldo Sandoval (PT) record\u00f3 que la justificaci\u00f3n para imponerlo en 1996 fue meramente econ\u00f3mica, pues se argument\u00f3 que propiciar\u00eda una disminuci\u00f3n en la demanda de energ\u00eda el\u00e9ctrica, as\u00ed como la reducci\u00f3n de consumo en combustibles utilizados para su generaci\u00f3n y, por lo tanto, en la emisi\u00f3n de contaminantes.<\/p>\n<p><q>Nada m\u00e1s alejado de la realidad, porque el ahorro del consumo es marginal, la decisi\u00f3n fue pol\u00edtica, con una carga ideol\u00f3gica muy fuerte, porque est\u00e1bamos en el momento culmen del modelo neoliberal, con el cual se quer\u00eda privatizar hasta el tiempo<\/q>, asever\u00f3 Sandoval.<\/p>\n<\/div>\n<div class=\"col col2\">\n<p>Joaqu\u00edn Zebad\u00faa (Morena) dijo que el ahorro prometido nunca se reflej\u00f3 en los recibos por consumo dom\u00e9stico e incluso resalt\u00f3 que en Chiapas hay varias comunidades que no acatan el cambio de horario, porque lo que prevalece es\u00a0<q>la hora de Dios, que rige todas las actividades de las poblaciones. El horario de verano es una norma injusta que no es cumplida por el pueblo porque no le encuentra ning\u00fan sentido, no hay ahorro, no tiene nada que ver con la vida de la gente<\/q>.<\/p>\n<p>Su compa\u00f1era de bancada, Lidia P\u00e9rez B\u00e1rcenas, refiri\u00f3 que, en contraste con el m\u00ednimo porcentaje de ahorro, se han incrementado los casos de afecciones cardiacas y mentales. Cit\u00f3 que el ahorro nacional se calcula en mil 138 millones de pesos y que la p\u00e9rdida presupuestal para el gobierno\u00a0<q>se ver\u00e1 m\u00e1s que compensada al contrastarse con el gasto destinado a atender la salud mental y del coraz\u00f3n<\/q>.<\/p>\n<p>El dictamen se aprob\u00f3 con 22 votos de Morena y sus aliados, 11 panistas se abstuvieron \u2013con el argumento de que no hubo un an\u00e1lisis de los impactos negativos\u2013 y el pri\u00edsta Jos\u00e9 Guti\u00e9rrez Jard\u00f3n vot\u00f3 en contra.<\/p>\n<\/div>\n<\/div>\n<div class=\"go gui\">\n<div class=\"go-up\"><\/div>\n<\/div>\n<\/div>\n<div id=\"taboola-below-content-thumbnails\" class=\" trc_related_container trc_spotlight_widget tbl-feed-container tbl-feed-frame-DIVIDER  render-late-effect\" data-feed-container-num=\"1\" data-feed-main-container-id=\"taboola-below-content-thumbnails\" data-parent-placement-name=\"Below Content Thumbnails\" data-pub-lang=\"es\">\n<div class=\" tbl-feed-header tbl-logo-right-position\">\n<div class=\"tbl-feed-header-logo\"><\/div>\n<\/div>\n<\/div>\n","protected":false},"excerpt":{"rendered":"<p>Comisi\u00f3n de San L\u00e1zaro avala eliminar el horario de verano Enrique M\u00e9ndez La Jornada Al considerar que el ahorro en el consumo de electricidad y de las familias por el pago de recibos ha sido m\u00ednimo, en contraste con los efectos negativos en la salud f\u00edsica y mental de las personas, la Comisi\u00f3n de Energ\u00eda [&hellip;]<\/p>\n","protected":false},"author":249,"featured_media":29455,"comment_status":"open","ping_status":"closed","sticky":false,"template":"","format":"standard","meta":{"footnotes":""},"categories":[26],"tags":[],"class_list":["post-29454","post","type-post","status-publish","format-standard","has-post-thumbnail","hentry","category-mundo"],"_links":{"self":[{"href":"https:\/\/eloficiodehistoriar.com.mx\/index.php?rest_route=\/wp\/v2\/posts\/29454","targetHints":{"allow":["GET"]}}],"collection":[{"href":"https:\/\/eloficiodehistoriar.com.mx\/index.php?rest_route=\/wp\/v2\/posts"}],"about":[{"href":"https:\/\/eloficiodehistoriar.com.mx\/index.php?rest_route=\/wp\/v2\/types\/post"}],"author":[{"embeddable":true,"href":"https:\/\/eloficiodehistoriar.com.mx\/index.php?rest_route=\/wp\/v2\/users\/249"}],"replies":[{"embeddable":true,"href":"https:\/\/eloficiodehistoriar.com.mx\/index.php?rest_route=%2Fwp%2Fv2%2Fcomments&post=29454"}],"version-history":[{"count":1,"href":"https:\/\/eloficiodehistoriar.com.mx\/index.php?rest_route=\/wp\/v2\/posts\/29454\/revisions"}],"predecessor-version":[{"id":29456,"href":"https:\/\/eloficiodehistoriar.com.mx\/index.php?rest_route=\/wp\/v2\/posts\/29454\/revisions\/29456"}],"wp:featuredmedia":[{"embeddable":true,"href":"https:\/\/eloficiodehistoriar.com.mx\/index.php?rest_route=\/wp\/v2\/media\/29455"}],"wp:attachment":[{"href":"https:\/\/eloficiodehistoriar.com.mx\/index.php?rest_route=%2Fwp%2Fv2%2Fmedia&parent=29454"}],"wp:term":[{"taxonomy":"category","embeddable":true,"href":"https:\/\/eloficiodehistoriar.com.mx\/index.php?rest_route=%2Fwp%2Fv2%2Fcategories&post=29454"},{"taxonomy":"post_tag","embeddable":true,"href":"https:\/\/eloficiodehistoriar.com.mx\/index.php?rest_route=%2Fwp%2Fv2%2Ftags&post=29454"}],"curies":[{"name":"wp","href":"https:\/\/api.w.org\/{rel}","templated":true}]}}