{"id":29457,"date":"2022-09-27T13:00:24","date_gmt":"2022-09-27T19:00:24","guid":{"rendered":"https:\/\/eloficiodehistoriar.com.mx\/?p=29457"},"modified":"2022-09-27T13:00:24","modified_gmt":"2022-09-27T19:00:24","slug":"los-arrecifes-podrian-desaparecer-en-los-proximos-30-anos","status":"publish","type":"post","link":"https:\/\/eloficiodehistoriar.com.mx\/?p=29457","title":{"rendered":"Los arrecifes podr\u00edan desaparecer en los pr\u00f3ximos 30 a\u00f1os"},"content":{"rendered":"<div>\n<h1 class=\"title\">\u00bfArrecifes veracruzanos podr\u00edan resistir el cambio clim\u00e1tico? Especialistas lo confirman<\/h1>\n<\/div>\n<h3 class=\"subtitle\">Alertan que los arrecifes podr\u00edan desaparecer en los pr\u00f3ximos 30 a\u00f1os a causa del cambio clim\u00e1tico y el aumento de temperaturas<\/h3>\n<div class=\"lead-gallery \">\n<div class=\"teaser  owl-carousel owl-theme\">\n<div class=\"owl-wrapper-outer\">\n<div class=\"owl-wrapper\">\n<div class=\"owl-item\">\n<div class=\"img-container picture\">\n<div id=\"standard_1\" class=\"st-placement standard_1 inImage\">\n<div class=\"st-adunit st-adunit-tagged st-reset st-show\">Cuidar arrecifes es algo indispensable para el clima y la fauna<\/div>\n<\/div>\n<\/div>\n<\/div>\n<\/div>\n<\/div>\n<\/div>\n<\/div>\n<div id=\"affix-share\" class=\"sharing-menu affix\">\n<ul>\n<li>Ingrid Ruiz | Diario de Xalapa<\/li>\n<\/ul>\n<\/div>\n<div class=\"content-body clearfix \">\n<div id=\"content-body-225-8945369\">\n<p>Veracruz, Ver.-<\/p>\n<p><b>Aunque los arrecifes podr\u00edan desaparecer en los pr\u00f3ximos 30 a\u00f1os a causa del cambio clim\u00e1tico<\/b>\u00a0y el aumento de temperaturas, Veracruz podr\u00eda convertirse en un refugio de estos ecosistemas, informa el presidente de la Sociedad Mexicana de Arrecifes Coralinos (Somac) Guillero Orta Puga.<\/p>\n<p>En el marco del XI Congreso Mexicano de Arrecifes Coralinos y II Congreso Panamericano de Arrecifes Coralinos, a<b>lert\u00f3 que los ecosistemas se encuentran en peligro a nivel mundial<\/b>.<\/p>\n<\/div>\n<\/div>\n<div class=\"advertisment \"><\/div>\n<article class=\"content-continued-body clearfix \">\n<div id=\"content-body-5851641-8945369\">\n<ul>\n<li><\/li>\n<\/ul>\n<h2>Veracruz podr\u00eda resistir embates del cambio clim\u00e1tico<\/h2>\n<h2>Se convertir\u00eda en un refugio para arrecifes coralinos<\/h2>\n<p>No obstante, destaca que\u00a0<b>Veracruz podr\u00eda resistir los embates del cambio clim\u00e1tico para convertirse en un refugio al menos para los arrecifes coralinos.<\/b><\/p>\n<article class=\"local\nmedia col-md-4 inline-story \"><\/p>\n<div class=\"teaser \">\n<h4 class=\"title \">\u201c<i>Est\u00e1 en estudio, a\u00fan es una propuesta donde estamos considerando que frente a las costas de Veracruz hay un sistema de subida de agua del fondo, le llamamos surgencia, que ayudar\u00eda a disminuir la temperatura en la superficie y que esto posiblemente contribuir\u00eda a que los arrecifes de Veracruz tuvieran la oportunidad de persistir ante el cambio clim\u00e1tico<\/i>\u201d, expone.<\/h4>\n<\/div>\n<\/article>\n<p>Asegura que Veracruz comparado con el caribe se encuentra bien porque su cubierta de corales es relativamente alta comparada, aunque es baja a lo que hab\u00eda hace 60 a\u00f1os, esto debido a factores como las sobras del puerto.<\/p>\n<p>\u201cLos arrecifes siguen estando bonitos, pero ya no es lo que hace 60 a\u00f1os, las obras del puerto han afectado, no solo la ampliaci\u00f3n del puerto actual sino la que se hizo con Porfirio Diaz a principios del siglo XX\u201d, refiere.<\/p>\n<p>El acad\u00e9mico revela que a pesar de los problemas ambientales las autoridades han puesto o\u00eddos sordos a las demandas e incluso dentro de sus agendas no ponen el tema ambiental como una prioridad.<\/p>\n<ul>\n<li><b>Leer m\u00e1s:\u00a0<a href=\"https:\/\/www.diariodexalapa.com.mx\/local\/cafetaleros-en-zonas-bajas-de-veracruz-son-afectados-por-la-sequia-8867494.html\" target=\"_blank\" rel=\"Follow noopener\">Sequ\u00eda afecta a cafetaleros en zonas bajas de Veracruz; tienen que cambiar cultivos para subsistir<\/a><\/b><\/li>\n<\/ul>\n<p>Cit\u00f3 que\u00a0<b>el actual gobierno por ejemplo disminuy\u00f3 el apoyo a organismos involucrados<\/b>\u00a0en el tema ambiental como la Comisi\u00f3n Nacional de \u00c1reas Naturales Protegidas y a la Semarnat.<\/p>\n<p><span class=\"quote\">Desde que tengo memoria el apoyo de las administraciones es escaso, la verdad es que en las agendas de los pol\u00edticos el tema ambiental es un parapeto<\/span>, se\u00f1ala.<\/p>\n<p>Horacio P\u00e9rez Espa\u00f1a del Instituto de Ciencias Marinas y pesquer\u00edas de la Universidad Veracruzana expresa que\u00a0<b>aunque resulta parad\u00f3jico, los arrecifes de Veracruz se encuentran en excelentes condiciones<\/b>\u00a0a pesar de las condiciones que viven, como la pesca, el turismo, la contaminaci\u00f3n y dem\u00e1s contrario a los organismos del Caribe que se est\u00e1n muriendo.<\/p>\n<p>\u201c<i>Parecen ser bastantes resistentes, les llamamos los arrecifes jarochos que aguantan muchas adversidades<\/i>\u201d, indica<\/p>\n<p>Sin embargo\u00a0<b>reconoce que es mucha la contaminaci\u00f3n que reciben los arrecifes<\/b>\u00a0ya que los r\u00edos desembocan al mar y no hay control del manejo de la basura r\u00edo arriba.<\/p>\n<p>Se\u00f1ala que con las lluvias,\u00a0<b>toda la basura llega al mar y por cons<\/b><\/p>\n<\/div>\n<\/article>\n","protected":false},"excerpt":{"rendered":"<p>\u00bfArrecifes veracruzanos podr\u00edan resistir el cambio clim\u00e1tico? Especialistas lo confirman Alertan que los arrecifes podr\u00edan desaparecer en los pr\u00f3ximos 30 a\u00f1os a causa del cambio clim\u00e1tico y el aumento de temperaturas Cuidar arrecifes es algo indispensable para el clima y la fauna Ingrid Ruiz | Diario de Xalapa Veracruz, Ver.- Aunque los arrecifes podr\u00edan desaparecer [&hellip;]<\/p>\n","protected":false},"author":249,"featured_media":29458,"comment_status":"open","ping_status":"closed","sticky":false,"template":"","format":"standard","meta":{"footnotes":""},"categories":[26],"tags":[],"class_list":["post-29457","post","type-post","status-publish","format-standard","has-post-thumbnail","hentry","category-mundo"],"_links":{"self":[{"href":"https:\/\/eloficiodehistoriar.com.mx\/index.php?rest_route=\/wp\/v2\/posts\/29457","targetHints":{"allow":["GET"]}}],"collection":[{"href":"https:\/\/eloficiodehistoriar.com.mx\/index.php?rest_route=\/wp\/v2\/posts"}],"about":[{"href":"https:\/\/eloficiodehistoriar.com.mx\/index.php?rest_route=\/wp\/v2\/types\/post"}],"author":[{"embeddable":true,"href":"https:\/\/eloficiodehistoriar.com.mx\/index.php?rest_route=\/wp\/v2\/users\/249"}],"replies":[{"embeddable":true,"href":"https:\/\/eloficiodehistoriar.com.mx\/index.php?rest_route=%2Fwp%2Fv2%2Fcomments&post=29457"}],"version-history":[{"count":1,"href":"https:\/\/eloficiodehistoriar.com.mx\/index.php?rest_route=\/wp\/v2\/posts\/29457\/revisions"}],"predecessor-version":[{"id":29459,"href":"https:\/\/eloficiodehistoriar.com.mx\/index.php?rest_route=\/wp\/v2\/posts\/29457\/revisions\/29459"}],"wp:featuredmedia":[{"embeddable":true,"href":"https:\/\/eloficiodehistoriar.com.mx\/index.php?rest_route=\/wp\/v2\/media\/29458"}],"wp:attachment":[{"href":"https:\/\/eloficiodehistoriar.com.mx\/index.php?rest_route=%2Fwp%2Fv2%2Fmedia&parent=29457"}],"wp:term":[{"taxonomy":"category","embeddable":true,"href":"https:\/\/eloficiodehistoriar.com.mx\/index.php?rest_route=%2Fwp%2Fv2%2Fcategories&post=29457"},{"taxonomy":"post_tag","embeddable":true,"href":"https:\/\/eloficiodehistoriar.com.mx\/index.php?rest_route=%2Fwp%2Fv2%2Ftags&post=29457"}],"curies":[{"name":"wp","href":"https:\/\/api.w.org\/{rel}","templated":true}]}}